{"id":4526,"date":"2014-11-11T18:01:30","date_gmt":"2014-11-11T16:01:30","guid":{"rendered":"http:\/\/www.ced.org.tr\/?p=4526"},"modified":"2014-11-11T18:01:30","modified_gmt":"2014-11-11T16:01:30","slug":"deva-patronunun-yeni-oyunu","status":"publish","type":"post","link":"http:\/\/www.ced.org.tr\/?p=4526","title":{"rendered":"Deva patronunun yeni oyunu"},"content":{"rendered":"<p>Tekirda\u011f \u00c7erkezk\u00f6y&#8217;de kurulu Deva \u0130la\u00e7 Fabrikas\u0131&#8217;nda, Petrol-\u0130\u015f&#8217;te \u00f6rg\u00fctlenen i\u015f\u00e7ilere y\u00f6nelik bask\u0131lar s\u00fcr\u00fcyor. Alt\u0131 i\u015f\u00e7iyi daha i\u015ften atan fabrika y\u00f6netiminin i\u015f\u00e7ilere r\u00fc\u015fvet teklif etti\u011fi iddia edildi.<\/p>\n<p>Birg\u00fcn,11.11.2014<br \/>\nBUSE \u0130LK\u0130N YERL\u0130<\/p>\n<p><!--more--><\/p>\n<div><a href=\"http:\/\/www.birgun.net\/news\/view\/deva-patronunun-yeni-oyunu\/8533\" target=\"_blank\">http:\/\/www.birgun.net\/news\/<wbr \/>view\/deva-patronunun-yeni-<wbr \/>oyunu\/8533<\/a><\/div>\n<div><\/div>\n<div>\nTekirda\u011f \u00c7erkezk\u00f6y&#8217;de kurulu Deva \u0130la\u00e7 Fabrikas\u0131&#8217;nda, Petrol-\u0130\u015f&#8217;te \u00f6rg\u00fctlenen i\u015f\u00e7ilere y\u00f6nelik bask\u0131lar s\u00fcr\u00fcyor. Alt\u0131 i\u015f\u00e7iyi daha i\u015ften atan fabrika y\u00f6netiminin i\u015f\u00e7ilere \u201cE\u011fer sendikadan istifa ederseniz y\u0131lba\u015f\u0131nda y\u00fczde 30 zam yapar\u0131z\u201d diyerek r\u00fc\u015fvet teklif etti\u011fi iddia edildi.<\/p>\n<p><strong>BELGE EL\u0130NE GE\u00c7MEM\u0130\u015e<\/strong><br \/>\nDeva&#8217;da Petrol-\u0130\u015f Sendikas\u0131&#8217;na \u00fcye olduklar\u0131 gerek\u00e7esiyle 24 i\u015f\u00e7i i\u015ften at\u0131lm\u0131\u015f, i\u015f\u00e7iler fabrika \u00f6n\u00fcnde \u00e7ad\u0131r kurarak direni\u015fe ge\u00e7mi\u015fti. Fabrikada \u00e7o\u011funlu\u011fu sa\u011flayan sendika, ge\u00e7en ay \u00c7al\u0131\u015fma Bakanl\u0131\u011f\u0131&#8217;ndan toplus\u00f6zle\u015fme i\u00e7in yetki belgesi alm\u0131\u015ft\u0131. Belge hem sendikaya hem patrona g\u00f6nderildi ancak, patron eline b\u00f6yle bir belgenin ge\u00e7medi\u011fini \u00f6ne s\u00fcrd\u00fc.<\/p>\n<p><strong>R\u00dc\u015eVET TEKL\u0130F ED\u0130YORLAR<\/strong><br \/>\nPetrol-\u0130\u015f E\u011fitim ve \u00d6rg\u00fctlenme Sekreteri Nimetullah S\u00f6zen, \u201c\u0130\u015fveren yetki belgesinin fabrikan\u0131n eski adresine gitti\u011fini s\u00f6yl\u00fcyor. Bakanl\u0131k yeni yaz\u0131 yazm\u0131\u015f. Hen\u00fcz belgenin ellerine ula\u015f\u0131p ula\u015fmad\u0131\u011f\u0131n\u0131 bilmiyoruz. \u0130\u015fi zamana yaymaya \u00e7al\u0131\u015f\u0131yorlar. \u0130\u015f\u00e7ilere r\u00fc\u015fvet teklif ediyorlar. E\u011fer sendikadan istifa ederlerse y\u0131lba\u015f\u0131nda y\u00fczde 30 zam yapacaklar\u0131n\u0131 s\u00f6yl\u00fcyorlar\u201d dedi.<\/p>\n<p><strong>ALTI \u0130\u015e\u00c7\u0130 DAHA ATILDI<\/strong><br \/>\nSendikan\u0131n yetki almas\u0131n\u0131n ard\u0131ndan alt\u0131 i\u015f\u00e7inin daha i\u015ften at\u0131ld\u0131\u011f\u0131n\u0131 belirten S\u00f6zen, \u201cE\u011fer bask\u0131lar s\u00fcrerse \u00fcretime yans\u0131yacak eylemler yapaca\u011f\u0131z. Uluslararas\u0131 arenada da temaslar\u0131m\u0131z s\u00fcr\u00fcyor\u201d diye konu\u015ftu.<\/div>\n","protected":false},"excerpt":{"rendered":"<p>Tekirda\u011f \u00c7erkezk\u00f6y&#8217;de kurulu Deva \u0130la\u00e7 Fabrikas\u0131&#8217;nda, Petrol-\u0130\u015f&#8217;te \u00f6rg\u00fctlenen i\u015f\u00e7ilere y\u00f6nelik bask\u0131lar s\u00fcr\u00fcyor. Alt\u0131 i\u015f\u00e7iyi daha i\u015ften atan fabrika y\u00f6netiminin i\u015f\u00e7ilere&#46;&#46;&#46;<\/p>\n","protected":false},"author":1,"featured_media":0,"comment_status":"closed","ping_status":"closed","sticky":false,"template":"","format":"standard","meta":{"_jetpack_memberships_contains_paid_content":false,"footnotes":""},"categories":[1],"tags":[],"class_list":["post-4526","post","type-post","status-publish","format-standard","hentry","category-ced"],"aioseo_notices":[],"jetpack_featured_media_url":"","jetpack_sharing_enabled":true,"jetpack-related-posts":[],"_links":{"self":[{"href":"http:\/\/www.ced.org.tr\/index.php?rest_route=\/wp\/v2\/posts\/4526","targetHints":{"allow":["GET"]}}],"collection":[{"href":"http:\/\/www.ced.org.tr\/index.php?rest_route=\/wp\/v2\/posts"}],"about":[{"href":"http:\/\/www.ced.org.tr\/index.php?rest_route=\/wp\/v2\/types\/post"}],"author":[{"embeddable":true,"href":"http:\/\/www.ced.org.tr\/index.php?rest_route=\/wp\/v2\/users\/1"}],"replies":[{"embeddable":true,"href":"http:\/\/www.ced.org.tr\/index.php?rest_route=%2Fwp%2Fv2%2Fcomments&post=4526"}],"version-history":[{"count":1,"href":"http:\/\/www.ced.org.tr\/index.php?rest_route=\/wp\/v2\/posts\/4526\/revisions"}],"predecessor-version":[{"id":4527,"href":"http:\/\/www.ced.org.tr\/index.php?rest_route=\/wp\/v2\/posts\/4526\/revisions\/4527"}],"wp:attachment":[{"href":"http:\/\/www.ced.org.tr\/index.php?rest_route=%2Fwp%2Fv2%2Fmedia&parent=4526"}],"wp:term":[{"taxonomy":"category","embeddable":true,"href":"http:\/\/www.ced.org.tr\/index.php?rest_route=%2Fwp%2Fv2%2Fcategories&post=4526"},{"taxonomy":"post_tag","embeddable":true,"href":"http:\/\/www.ced.org.tr\/index.php?rest_route=%2Fwp%2Fv2%2Ftags&post=4526"}],"curies":[{"name":"wp","href":"https:\/\/api.w.org\/{rel}","templated":true}]}}