{"id":4533,"date":"2014-11-24T14:41:08","date_gmt":"2014-11-24T12:41:08","guid":{"rendered":"http:\/\/www.ced.org.tr\/?p=4533"},"modified":"2014-11-24T14:41:08","modified_gmt":"2014-11-24T12:41:08","slug":"biber-gazi-degil-akil-ve-vicdan-ithal-edilmesini-istiyoruz","status":"publish","type":"post","link":"http:\/\/www.ced.org.tr\/?p=4533","title":{"rendered":"Biber Gaz\u0131 De\u011fil, Ak\u0131l ve Vicdan \u0130thal Edilmesini \u0130stiyoruz"},"content":{"rendered":"<p lang=\"en-GB\" align=\"justify\"><span style=\"font-size: large;\"><b>D\u00dcNYADA VE T\u00dcRK\u0130YE\u2019DE B\u0130BER GAZI YASAKLANSIN!<\/b><\/span><\/p>\n<p lang=\"en-GB\" align=\"justify\"><b>B\u0130BER GAZI DE\u011e\u0130L, AKIL VE V\u0130CDAN \u0130THAL ED\u0130LMES\u0130N\u0130 \u0130ST\u0130YORUZ<\/b><\/p>\n<p><img loading=\"lazy\" decoding=\"async\" class=\"alignleft wp-image-4534 size-full\" src=\"http:\/\/www.ced.org.tr\/wp-content\/uploads\/2014\/11\/biber-gaz\u0131.2-jpg.jpg\" alt=\"biber gaz\u0131.2 jpg\" width=\"221\" height=\"166\" \/>Biber Gaz\u0131 yasaklans\u0131n \u0130nsiyatifi taraf\u0131ndan Kimya M\u00fchendisleri Odas\u0131 \u0130stanbul \u015eube de KMO \u0130stanbul \u015eube <a href=\"http:\/\/www.ced.org.tr\/wp-content\/uploads\/2014\/11\/biber-gaz\u0131.2-jpg.jpg\"><br \/>\n<\/a>E\u015f Ba\u015fkan\u0131 Selin TOP taraf\u0131ndan bas\u0131n a\u00e7\u0131klamas\u0131 yap\u0131ld\u0131.\u0130stanbul Tabib Odas\u0131ndan Ali \u00c7ERKEZO\u011eLU ve T\u0130HV den \u00dcmit EFE konu ile ilgili a\u00e7\u0131klamalarda bulundular.<\/p>\n<p>&nbsp;<\/p>\n<p>&nbsp;<\/p>\n<p>&nbsp;<\/p>\n<p><strong>D\u00dcNYADA VE T\u00dcRK\u0130YE\u2019DE B\u0130BER GAZI YASAKLANSIN!<\/strong><\/p>\n<p><strong>B\u0130BER GAZI DE\u011e\u0130L, AKIL VE V\u0130CDAN \u0130THAL ED\u0130LMES\u0130N\u0130 \u0130ST\u0130YORUZ<\/strong><\/p>\n<p>\u00dclkemiz modern g\u00f6r\u00fcn\u00fcml\u00fc bir vah\u015fi kapitalizmin cenderesi alt\u0131na girmi\u015f durumda. Her \u015feye acelesi olan bir iktidar\u0131n acemi ve bir o kadar tehlikeli uygulamalar\u0131, toplumsal ya\u015fam\u0131 her boyutuyla sarsmaya devam ediyor. \u0130\u015f\u00e7ilerin madenlerden \u00e7ok acele k\u00f6m\u00fcrleri \u00e7\u0131karmas\u0131, k\u00f6pr\u00fclerin erken bitirilmesi, in\u015faatlar\u0131n zaman\u0131ndan once tamamlanmas\u0131, hastalar\u0131n \u00e7abuk taburcu olmas\u0131, kentlerin t\u00fcm ye\u015fil alanlar\u0131n\u0131n bir an once ranta d\u00f6n\u00fc\u015ft\u00fcr\u00fclmesine \u00e7al\u0131\u015f\u0131l\u0131yor. T\u00fcm bu vah\u015fi uygulamalara kar\u015f\u0131 sesini \u00e7\u0131karanlar\u0131n da sokaklardan meydanlardan yine \u201cacele\u201d bi\u00e7imde da\u011f\u0131t\u0131lmas\u0131 i\u00e7in gerekirse binlerce gaz fi\u015fi\u011fi birden kullan\u0131l\u0131yor. Milyonlarca dolarl\u0131k ithalatlar yap\u0131l\u0131yor. Bu k\u0131s\u0131r d\u00f6ng\u00fcn\u00fcn, bu acelenin kimseye bir yarar\u0131 olmad\u0131\u011f\u0131n\u0131n bilinmesi ve uygulay\u0131c\u0131lar\u0131ndan hesap sorulmas\u0131n\u0131n vakti ge\u00e7mek \u00fczere.<\/p>\n<p>\u0130\u015f\u00e7iler ancak, hayatta kalmalar\u0131na yetecek kadar ald\u0131klar\u0131 \u00fccretler i\u00e7in \u00e7al\u0131\u015ft\u0131klar\u0131 i\u015fyerlerinde i\u015f cinayetleriyle hayatlar\u0131n\u0131 kaybederken, y\u00fczlerce i\u015f\u00e7i yer alt\u0131nda hayat\u0131n\u0131 kaybederken asl\u0131nda cinayeti engelleyebilecek \u00f6nlemlere para harcamak istemeyen patronlara devlet prim verirken; Suriye\u2019de, Kobane\u2019de s\u00fcren sava\u015f sebebiyle \u00fclkemize gelmek durumunda kalanlara devletin g\u00f6stermelik yard\u0131mlar\u0131 d\u0131\u015f\u0131nda ger\u00e7ek\u00e7i bir deste\u011finin olmad\u0131\u011f\u0131 \u00fclkemizde, devlet paras\u0131n\u0131 nereye harcamaktad\u0131r? Sa\u011fl\u0131k, e\u011fitim, \u00e7ocuklar, kad\u0131nlar, i\u015fsizler, engellilere harcanmad\u0131\u011f\u0131ndan emin oldu\u011fumuz hazine b\u00fct\u00e7esi nerelere ayr\u0131lmaktad\u0131r?<\/p>\n<p>Cevap ne yaz\u0131k ki, g\u00f6z\u00fcn\u00fc para b\u00fcr\u00fcm\u00fc\u015f rant\u00e7\u0131lara ve yer alt\u0131-yer \u00fcst\u00fc kaynaklar\u0131n\u0131 talan edenlere kaynak olarak aktar\u0131lmakta oldu\u011fudur. Bu talana kar\u015f\u0131 sesini \u00e7\u0131karanlara, haklar\u0131n\u0131 talep edenlere, demokratik bir \u00fclke kurmak isteyenlere kar\u015f\u0131 pervas\u0131zca kullan\u0131lan biber gazlar\u0131 ve her t\u00fcrl\u00fc zor kullan\u0131m arac\u0131\u00a0 bir ba\u015fka b\u00fct\u00e7e-ithalat harcamas\u0131n\u0131 olu\u015fturmaktad\u0131r. Kamu Harcamalar\u0131n\u0131 \u0130zleme Platformu\u2019nun verilerine g\u00f6re T\u00fcrkiye, Askeri harcamalar\u0131n GSYH\u2019ya oran\u0131 a\u00e7\u0131s\u0131ndan d\u00fcnyada 9.s\u0131rada gelmektedir, i\u00e7 g\u00fcvenlik harcamalar\u0131n\u0131n GSYH\u2019ya oran\u0131 2006-2013 y\u0131llar\u0131 aras\u0131nda %55 artm\u0131\u015ft\u0131r. Bunun %71\u2019ini Emniyet Genel M\u00fcd\u00fcrl\u00fc\u011f\u00fc olu\u015fturmaktad\u0131r. Hesaplanan askeri harcamalar\u0131n %78\u2019i \u015feffaf olarak ula\u015f\u0131labilirken %15\u2019ine ula\u015f\u0131lamamakta, %7\u2019sinde de k\u0131s\u0131tlama bulunmaktad\u0131r. Ayr\u0131ca milletvekillerinin biber gaz\u0131 ithalat\u0131na d\u00f6n\u00fck verdikleri soru \u00f6nergeleri ya cevaps\u0131z b\u0131rak\u0131lm\u0131\u015f ya da \u201cihtiya\u00e7 miktar\u0131 kadar\u201d denilerek ge\u00e7i\u015ftirilmi\u015ftir. Devlet b\u00fct\u00e7esinde biber gaz\u0131 ithalat\u0131na ayr\u0131lan miktar ve bu ithalat\u00e7\u0131 firmalar a\u00e7\u0131k\u00e7a kamuoyu ile payla\u015f\u0131lmal\u0131d\u0131r!<\/p>\n<p>9 Kas\u0131m 2014\u2019te BirG\u00fcn gazetesinde Onur Erem imzal\u0131 habere g\u00f6re 2015 y\u0131l\u0131 i\u00e7in imzalanan teknik \u015fartnamelere g\u00f6re polis g\u00fc\u00e7lerinin m\u00fchimmat ihtiyac\u0131 1 milyon 431 bin 615 adet g\u00f6z ya\u015fart\u0131c\u0131 gaz fi\u015fe\u011fi, 77 bin 400 ses-\u0131\u015f\u0131k fi\u015fe\u011fi ve 5 bin sis el bombas\u0131 olarak belirlendi. Bunlara \u00f6denecek miktar ise yakla\u015f\u0131k olarak 50 milyon TL olacak. \u015eartname\u2019de bu kimyasal silahlar\u0131n Brezilya, ABD, \u00c7in ve G\u00fcney Kore\u2019den al\u0131naca\u011f\u0131 belirtilmi\u015f. Burada G\u00fcney Kore\u2019den ad\u0131 ge\u00e7en Daekwang firmas\u0131 olduk\u00e7a ilgi \u00e7ekicidir. Bahreyn\u2019de \u201cPhysicians for Human Rights\u2019\u0131n haz\u0131rlam\u0131\u015f oldu\u011fu rapora g\u00f6re 39 insan\u0131n \u00f6l\u00fcm\u00fcyle sonu\u00e7lanan eylemler sonras\u0131nda d\u00fczenlenen uluslararas\u0131 bir kampanya ile \u201cbiber gaz\u0131\u201d sat\u0131n al\u0131nan G\u00fcney Kore\u2019ye ciddi bir bask\u0131 uygulanm\u0131\u015f, bunun sonucunda da bu firman\u0131n Bahreyn\u2019e biber gaz\u0131 sat\u0131\u015f\u0131 h\u00fck\u00fcmet taraf\u0131ndan durdurulmu\u015ftur. Bu firma, Bahreyn\u2019e satamad\u0131\u011f\u0131 kimyasal silah\u0131 sermaye taraf\u0131ndan d\u00fczenlenmi\u015f hukuk yasalar\u0131yla y\u00f6netilen, adaletsizli\u011fin h\u00fck\u00fcm s\u00fcrd\u00fc\u011f\u00fc T\u00fcrkiye\u2019ye satacakt\u0131r. <strong>Benzer bir kampanya ile T\u00fcrkiye\u2019de de bu kimyasallar\u0131n al\u0131m\u0131n\u0131n durdurulabilmesi i\u00e7in t\u00fcm demokrasi g\u00fc\u00e7lerini, t\u00fcm vatanda\u015flar\u0131 bu i\u015fkence arac\u0131na kar\u015f\u0131 bir olmaya, g\u00fcndemlerine almaya ve m\u00fccadeleye davet ediyoruz.<\/strong><\/p>\n<p>Biber gaz\u0131 denilerek masumla\u015ft\u0131r\u0131lmaya \u00e7al\u0131\u015f\u0131lan, \u00e7e\u015fitli yetkililerce \u201corganiktir, do\u011fald\u0131r, \u00f6l\u00fcmc\u00fcl de\u011fildir\u201d gibi bilimsellikten, ak\u0131ldan ve ger\u00e7eklikten uzak a\u00e7\u0131klamalarla kullan\u0131m\u0131 me\u015frula\u015ft\u0131r\u0131lmaya \u00e7al\u0131\u015f\u0131lan bu kimyasal silah\u0131n bir i\u015fkence arac\u0131 oldu\u011fu, \u00f6l\u00fcmc\u00fcl oldu\u011funu s\u00f6yledik ve bunu kamuoyuna anlatmaya devam edece\u011fiz. G\u00fcvenlik\u00e7i devlet anlay\u0131\u015f\u0131yla, erk\u2019lerini tehdit eden herkese kar\u015f\u0131 hunharca kullan\u0131lan bu silah\u0131n do\u011fru kullan\u0131lmas\u0131n\u0131 de\u011fil, yasaklanmas\u0131n\u0131 talep ediyoruz!<\/p>\n<p>Bahreyn\u2019de uluslararas\u0131 bir kampanya ile biber gaz\u0131 sat\u0131\u015f\u0131 durdurulmu\u015ftur. \u0130spanya\u2019da Katalan meclisinin karar\u0131 ile, g\u00f6z\u00fcn\u00fc kaybetmi\u015f ki\u015filerin s\u00fcrd\u00fcrd\u00fc\u011f\u00fc bir kampanya ile plastik mermi yasaklanm\u0131\u015ft\u0131r. Fransa\u2019da baraj yap\u0131m\u0131na kar\u015f\u0131 yap\u0131lan g\u00f6sterilerde Remi Fraisse adl\u0131 gencin \u00f6l\u00fcm\u00fc ile herkes sokaklara d\u00f6k\u00fclm\u00fc\u015f, g\u00fcnlerce s\u00fcren sokak \u00e7at\u0131\u015fmalar\u0131, okullar\u0131n \u00f6\u011frencilerce i\u015fgali sonucunda i\u00e7i\u015fleri bakan\u0131 en az\u0131ndan bu bombalar\u0131n \u00f6l\u00fcmc\u00fcl oldu\u011funu kabul etmi\u015f, Remi\u2019nin \u00f6l\u00fcm\u00fcne sebep olan \u00e7e\u015fidin yasaklanmas\u0131\/kullan\u0131m\u0131na d\u00f6n\u00fck d\u00fczenlemeler getirilece\u011fi y\u00f6n\u00fcnde a\u00e7\u0131klama yapmak zorunda kalm\u0131\u015ft\u0131r.<\/p>\n<p>Hayat\u0131m\u0131z\u0131 tehdit eden bu kimyasal\u0131n yasaklanmas\u0131 i\u00e7in talep etmek yerine, m\u00fccadele edip bu hukuksuzlu\u011fa son verelim. Birlikte, dayan\u0131\u015fma i\u00e7erisinde.<\/p>\n<p>Hukuksuzca \u00fczerimizde kullan\u0131lan, uzuv kay\u0131plar\u0131na, can kay\u0131plar\u0131na sebep olan, t\u00fcm do\u011fa ve canl\u0131lar i\u00e7in fiziksel ve ruhsal sorunlara, tahribatlara, \u00f6l\u00fcmlere sebep olan bu silah yasaklanmal\u0131d\u0131r!<\/p>\n<p>D\u00fcnyam\u0131z\u0131 dumana ve grili\u011fe bo\u011fmaya \u00e7al\u0131\u015fan iktidarlara inat, akl\u0131n, renklerin ve bar\u0131\u015f\u0131n hakim olaca\u011f\u0131 g\u00fcnlere olan inanc\u0131m\u0131zla..<\/p>\n<p>&nbsp;<\/p>\n<p><strong>Biber Gaz\u0131 Yasaklans\u0131n \u0130nisiyatifi<\/strong><\/p>\n<p>&nbsp;<\/p>\n<p><a href=\"http:\/\/bibergaziyasaklansin.net\/\">http:\/\/bibergaziyasaklansin.net\/<\/a><\/p>\n<p><a href=\"https:\/\/www.facebook.com\/bibergaziysklnsn\">https:\/\/www.facebook.com\/bibergaziysklnsn<\/a><\/p>\n<p><a href=\"https:\/\/twitter.com\/bibergaziinsytf\">https:\/\/twitter.com\/bibergaziinsytf<\/a><\/p>\n<p>&nbsp;<\/p>\n","protected":false},"excerpt":{"rendered":"<p>D\u00dcNYADA VE T\u00dcRK\u0130YE\u2019DE B\u0130BER GAZI YASAKLANSIN! B\u0130BER GAZI DE\u011e\u0130L, AKIL VE V\u0130CDAN \u0130THAL ED\u0130LMES\u0130N\u0130 \u0130ST\u0130YORUZ Biber Gaz\u0131 yasaklans\u0131n \u0130nsiyatifi taraf\u0131ndan&#46;&#46;&#46;<\/p>\n","protected":false},"author":1,"featured_media":4534,"comment_status":"closed","ping_status":"closed","sticky":false,"template":"","format":"standard","meta":{"_jetpack_memberships_contains_paid_content":false,"footnotes":""},"categories":[1],"tags":[],"class_list":["post-4533","post","type-post","status-publish","format-standard","has-post-thumbnail","hentry","category-ced"],"aioseo_notices":[],"jetpack_featured_media_url":"http:\/\/www.ced.org.tr\/wp-content\/uploads\/2014\/11\/biber-gaz\u0131.2-jpg.jpg","jetpack_sharing_enabled":true,"jetpack-related-posts":[],"_links":{"self":[{"href":"http:\/\/www.ced.org.tr\/index.php?rest_route=\/wp\/v2\/posts\/4533","targetHints":{"allow":["GET"]}}],"collection":[{"href":"http:\/\/www.ced.org.tr\/index.php?rest_route=\/wp\/v2\/posts"}],"about":[{"href":"http:\/\/www.ced.org.tr\/index.php?rest_route=\/wp\/v2\/types\/post"}],"author":[{"embeddable":true,"href":"http:\/\/www.ced.org.tr\/index.php?rest_route=\/wp\/v2\/users\/1"}],"replies":[{"embeddable":true,"href":"http:\/\/www.ced.org.tr\/index.php?rest_route=%2Fwp%2Fv2%2Fcomments&post=4533"}],"version-history":[{"count":1,"href":"http:\/\/www.ced.org.tr\/index.php?rest_route=\/wp\/v2\/posts\/4533\/revisions"}],"predecessor-version":[{"id":4535,"href":"http:\/\/www.ced.org.tr\/index.php?rest_route=\/wp\/v2\/posts\/4533\/revisions\/4535"}],"wp:featuredmedia":[{"embeddable":true,"href":"http:\/\/www.ced.org.tr\/index.php?rest_route=\/wp\/v2\/media\/4534"}],"wp:attachment":[{"href":"http:\/\/www.ced.org.tr\/index.php?rest_route=%2Fwp%2Fv2%2Fmedia&parent=4533"}],"wp:term":[{"taxonomy":"category","embeddable":true,"href":"http:\/\/www.ced.org.tr\/index.php?rest_route=%2Fwp%2Fv2%2Fcategories&post=4533"},{"taxonomy":"post_tag","embeddable":true,"href":"http:\/\/www.ced.org.tr\/index.php?rest_route=%2Fwp%2Fv2%2Ftags&post=4533"}],"curies":[{"name":"wp","href":"https:\/\/api.w.org\/{rel}","templated":true}]}}