{"id":4538,"date":"2014-11-12T21:31:41","date_gmt":"2014-11-12T19:31:41","guid":{"rendered":"http:\/\/www.ced.org.tr\/?p=4538"},"modified":"2014-11-24T21:35:18","modified_gmt":"2014-11-24T19:35:18","slug":"iscinin-hayati-kimin-umurunda","status":"publish","type":"post","link":"http:\/\/www.ced.org.tr\/?p=4538","title":{"rendered":"\u0130\u015f\u00e7inin hayat\u0131 kimin umurunda?"},"content":{"rendered":"<div>muhalefet.org<\/div>\n<div>1 Kas\u0131m 2014 Cumartesi 11:26:41<\/div>\n<div>\n<p>Dev Maden Sen Y\u00f6netim Kurulu taraf\u0131ndan yap\u0131lan a\u00e7\u0131klamaya g\u00f6re Ocak 2014&#8217;ten bu yana i\u015f\u00e7i ta\u015f\u0131yan servislerde meydana gelen 55 kazada olmu\u015f, 49 i\u015f\u00e7i ya\u015fam\u0131n\u0131 yitirirken 623 i\u015f\u00e7i yaralanm\u0131\u015ft\u0131r.<\/p>\n<\/div>\n<div>\n<p><strong>Dev Maden Sen a\u00e7\u0131klamas\u0131 \u015f\u00f6yle;<\/strong><\/p>\n<p>&#8220;Soma\u2019da, \u015e\u0131rnak\u2019ta maden i\u015f\u00e7ilerinin, \u0130stanbul\u2019da in\u015faat i\u015f\u00e7ilerinin ac\u0131lar\u0131yla ya\u015fad\u0131\u011f\u0131m\u0131z; Ermenek\u2019te 18 maden i\u015f\u00e7isiyle ilgili endi\u015femizin yan\u0131nda mucize de bekledi\u011fimiz bir anda Isparta\u2019da 17 mevsimlik i\u015f\u00e7inin ya\u015fam\u0131n\u0131 yitirmesi ac\u0131lar\u0131m\u0131z\u0131 daha da derinle\u015ftirmi\u015ftir.<\/p>\n<p>T\u00fcrkiye\u2019de i\u015f\u00e7i servisleri ve olmas\u0131 gereken standartlara ili\u015fkin bu g\u00fcne kadar ilgili kesimlerle bir tart\u0131\u015fma yap\u0131ld\u0131\u011f\u0131na tan\u0131k olunmam\u0131\u015f, ihtiyaca yan\u0131t veren bir yasal d\u00fczenleme ger\u00e7ekle\u015fmemi\u015ftir. Bu servislerde \u00e7o\u011fu kez g\u00fcc\u00fcn\u00fcn \u00fcst\u00fcnde a\u015f\u0131r\u0131 yolcu ta\u015f\u0131nmakta, miad\u0131 dolmu\u015f ara\u00e7lar kullan\u0131lmaktad\u0131r. Denetimden uzak but\u00fcr ara\u00e7lara d\u00f6n\u00fck uygulanan cezalar\u0131n ise cayd\u0131r\u0131c\u0131 olmad\u0131\u011f\u0131 bilinmektedir.<\/p>\n<p>Kimi verilere g\u00f6re 2013 y\u0131l\u0131nda T\u00fcrkiye\u2019de 433 i\u015f\u00e7i i\u015fe giderken yada i\u015f d\u00f6n\u00fc\u015f\u00fc servislerde ya\u015fam\u0131n\u0131 yitirmi\u015ftir.<\/p>\n<p>Sendikam\u0131z taraf\u0131ndan yap\u0131lan \u00e7al\u0131\u015fman\u0131n 2014 y\u0131l\u0131na dair b\u00f6l\u00fcm\u00fc a\u015fa\u011f\u0131dad\u0131r. A\u015fa\u011f\u0131da g\u00f6r\u00fclece\u011fi gibi 10 ay i\u00e7inde haz\u0131rlanan servis kazalar\u0131na g\u00f6re 2014 y\u0131l\u0131 ba\u015f\u0131ndan bu g\u00fcne kadar 55 servis kazas\u0131 olmu\u015f, 49 i\u015f\u00e7i ya\u015fam\u0131n\u0131 yitirirken 623 i\u015f\u00e7i yaralanm\u0131\u015ft\u0131r.&#8221;<\/p>\n<p><strong>Kazalar\u0131n d\u00f6k\u00fcm\u00fc:<\/strong><\/p>\n<p>8 Ocak 2014, Tekirda\u011f, 14 yaral\u0131<\/p>\n<p>16 Ocak 2014, U\u015fak, 11 yaral\u0131<\/p>\n<p>17 Ocak 2014, Sakarya, 10 yaral\u0131<\/p>\n<p>21 Ocak 2014, \u0130zmir, 11 yaral\u0131<\/p>\n<p>23 Ocak 2014, Sakarya, 3 i\u015f\u00e7i<\/p>\n<p>24 Ocak 2014, Ad\u0131yaman, 4 yaral\u0131<\/p>\n<p>17 \u015eubat 2014, Tekirda\u011f, 18 yaral\u0131<\/p>\n<p>17 \u015eubat 2014, Denizli, 18 yaral\u0131<\/p>\n<p>24 \u015eubat 2014, Zonguldak, 1 \u00f6l\u00fc<\/p>\n<p>25 \u015eubat 2014, Mu\u011fla, 6 yaral\u0131<\/p>\n<p>10 Mart 2014, Antep, 20 yaral\u0131<\/p>\n<p>15 Mart 2014, \u0130zmir, 1 \u00f6l\u00fc, 15 yaral\u0131<\/p>\n<p>20 Mart 2014, Ankara, 2 \u00f6l\u00fc 8 yaral\u0131<\/p>\n<p>20 Mart 2014, Ni\u011fde, 3 \u00f6l\u00fc 9 yaral\u0131<\/p>\n<p>25 Mart 2014, Zonguldak, 15 yaral\u0131<\/p>\n<p>29 Mart 2014, Urfa, 6 yaral\u0131<\/p>\n<p>6 Nisan 2014, Bitlis, 6 yaral\u0131<\/p>\n<p>7 Nisan 2014, Diyarbak\u0131r, 10 yaral\u0131<\/p>\n<p>21 Nisan 2014, Hatay, 3 \u00f6l\u00fc<\/p>\n<p>8 May\u0131s 2014, Zonguldak, 1 yaral\u0131<\/p>\n<p>22 May\u0131s 2014, Isparta, 13 yaral\u0131<\/p>\n<p>23 May\u0131s 2014, Bolu, 21 yaral\u0131<\/p>\n<p>26 May\u0131s 2014, Ankara, 3 yaral\u0131<\/p>\n<p>1 Haziran 2014, Sakarya, 24 yaral\u0131<\/p>\n<p>4 Haziran 2014, Tekirda\u011f, 6 yaral\u0131<\/p>\n<p>11 Haziran 2014, Ayd\u0131n, 1 \u00f6l\u00fc 13 yaral\u0131<\/p>\n<p>20 Haziran 2014, Sakarya, 20 yaral\u0131<\/p>\n<p>5 Temmuz 2014, Samsun, 25 yaral\u0131<\/p>\n<p>5 Temmuz 2014, Ni\u011fde, 25 yaral\u0131<\/p>\n<p>8 Temmuz 2014, Konya, 14 yaral\u0131<\/p>\n<p>11 Temmuz 2014, Ni\u011fde, 11 yaral\u0131<\/p>\n<p>24 Temmuz 2014, Ayd\u0131n, 17 yaral\u0131<\/p>\n<p>24 Temmuz 2014, Burdur, 16 yaral\u0131<\/p>\n<p>30 Temmuz 2014, Mersin, 1 \u00f6l\u00fc 24 yaral\u0131<\/p>\n<p>2 A\u011fustos 2014, Samsun, 2 \u00f6l\u00fc<\/p>\n<p>8 A\u011fustos 2014, Denizli, 20 yaral\u0131<\/p>\n<p>17 A\u011fustos 2014, Ayd\u0131n, 3 \u00f6l\u00fc 11 yaral\u0131<\/p>\n<p>22 A\u011fustos 2014, K\u0131r\u015fehir, 1 \u00f6l\u00fc 4 yaral\u0131<\/p>\n<p>23 A\u011fustos 2014, K\u00fctahya, 2 yaral\u0131<\/p>\n<p>25 A\u011fustos 2014, Bart\u0131n, 1 \u00f6l\u00fc 12 yaral\u0131<\/p>\n<p>28 A\u011fustos 2014, D\u00fczce, 5 yaral\u0131<\/p>\n<p>1 Eyl\u00fcl 2014, Bursa, 1 \u00f6l\u00fc<\/p>\n<p>7 Eyl\u00fcl 2014, Batman, 5 yaral\u0131<\/p>\n<p>19 Eyl\u00fcl 2014, Diyarbak\u0131r, 1 \u00f6l\u00fc 14 yaral\u0131<\/p>\n<p>22 Eyl\u00fcl 2014, Mara\u015f, 8 yaral\u0131<\/p>\n<p>24 Eyl\u00fcl 2014, Bursa, 18 yaral\u0131<\/p>\n<p>25 Eyl\u00fcl 2014, Denizli, 1 \u00f6l\u00fc 6 yaral\u0131<\/p>\n<p>26 Eyl\u00fcl 2014, Manisa, 4 \u00f6l\u00fc 3 yaral\u0131<\/p>\n<p>26 Eyl\u00fcl 2014, Isparta, 2 \u00f6l\u00fc 21 yaral\u0131<\/p>\n<p>8 Ekim 2014, Zonguldak, 1 \u00f6l\u00fc<\/p>\n<p>15 Ekim 2014, Isparta, 4 \u00f6l\u00fc, 7 yaral\u0131<\/p>\n<p>20 Ekim 2014, Manisa, 8 yaral\u0131<\/p>\n<p>22 Ekim 2014, Batman, 12 yaral\u0131<\/p>\n<p>31 Ekim 2014, Mara\u015f, 23 yaral\u0131<\/p>\n<p>31 Ekim 2014, Isparta, 16 \u00f6l\u00fc 25 yaral\u0131<\/p>\n<p>&nbsp;<\/p>\n<p><a href=\"http:\/\/muhalefet.org\/haber-iscinin-hayati-kimin-umurunda-23-12572.aspx\">http:\/\/muhalefet.org\/haber-iscinin-hayati-kimin-umurunda-23-12572.aspx<\/a><\/p>\n<\/div>\n","protected":false},"excerpt":{"rendered":"<p>muhalefet.org 1 Kas\u0131m 2014 Cumartesi 11:26:41 Dev Maden Sen Y\u00f6netim Kurulu taraf\u0131ndan yap\u0131lan a\u00e7\u0131klamaya g\u00f6re Ocak 2014&#8217;ten bu yana i\u015f\u00e7i&#46;&#46;&#46;<\/p>\n","protected":false},"author":1,"featured_media":0,"comment_status":"closed","ping_status":"closed","sticky":false,"template":"","format":"standard","meta":{"_jetpack_memberships_contains_paid_content":false,"footnotes":""},"categories":[1],"tags":[],"class_list":["post-4538","post","type-post","status-publish","format-standard","hentry","category-ced"],"aioseo_notices":[],"jetpack_featured_media_url":"","jetpack_sharing_enabled":true,"jetpack-related-posts":[],"_links":{"self":[{"href":"http:\/\/www.ced.org.tr\/index.php?rest_route=\/wp\/v2\/posts\/4538","targetHints":{"allow":["GET"]}}],"collection":[{"href":"http:\/\/www.ced.org.tr\/index.php?rest_route=\/wp\/v2\/posts"}],"about":[{"href":"http:\/\/www.ced.org.tr\/index.php?rest_route=\/wp\/v2\/types\/post"}],"author":[{"embeddable":true,"href":"http:\/\/www.ced.org.tr\/index.php?rest_route=\/wp\/v2\/users\/1"}],"replies":[{"embeddable":true,"href":"http:\/\/www.ced.org.tr\/index.php?rest_route=%2Fwp%2Fv2%2Fcomments&post=4538"}],"version-history":[{"count":2,"href":"http:\/\/www.ced.org.tr\/index.php?rest_route=\/wp\/v2\/posts\/4538\/revisions"}],"predecessor-version":[{"id":4542,"href":"http:\/\/www.ced.org.tr\/index.php?rest_route=\/wp\/v2\/posts\/4538\/revisions\/4542"}],"wp:attachment":[{"href":"http:\/\/www.ced.org.tr\/index.php?rest_route=%2Fwp%2Fv2%2Fmedia&parent=4538"}],"wp:term":[{"taxonomy":"category","embeddable":true,"href":"http:\/\/www.ced.org.tr\/index.php?rest_route=%2Fwp%2Fv2%2Fcategories&post=4538"},{"taxonomy":"post_tag","embeddable":true,"href":"http:\/\/www.ced.org.tr\/index.php?rest_route=%2Fwp%2Fv2%2Ftags&post=4538"}],"curies":[{"name":"wp","href":"https:\/\/api.w.org\/{rel}","templated":true}]}}