{"id":4545,"date":"2014-12-02T13:46:54","date_gmt":"2014-12-02T11:46:54","guid":{"rendered":"http:\/\/www.ced.org.tr\/?p=4545"},"modified":"2014-12-02T13:46:54","modified_gmt":"2014-12-02T11:46:54","slug":"chenin-kizi-ebola-ile-savasiyor","status":"publish","type":"post","link":"http:\/\/www.ced.org.tr\/?p=4545","title":{"rendered":"Che&#8217;nin k\u0131z\u0131 ebola ile sava\u015f\u0131yor"},"content":{"rendered":"<div>\n<div>\n<div>\n<div>Radikal<\/div>\n<div>01.12.2014<\/div>\n<h5>K\u00fcba&#8217;da doktorluk yapan Che Guevara&#8217;n\u0131n k\u0131z\u0131 Aleida Guevara, ebola salg\u0131n\u0131n\u0131 de\u011ferlendirdi. Dr. Guevara hastal\u0131\u011f\u0131n yoksulluktan de\u011fil, do\u011faya verilen zarardan kaynakland\u0131\u011f\u0131n\u0131 belirtti.<\/h5>\n<\/div>\n<\/div>\n<div>\n<div>\n<div><strong>RAD\u0130KAL &#8211; <\/strong>K\u00fcba devriminin liderlerinden Dr. Ernesto Che Guevara\u2019n\u0131n k\u0131z\u0131 K\u00fcbal\u0131 doktor Aleida Guevara, ebola salg\u0131n\u0131yla ilgili konu\u015ftu. Russia Today\u2019a konu\u015fan Dr. Guevara, salg\u0131n\u0131n kayna\u011f\u0131yla ilgili yorumda bulundu ve piyasac\u0131 sa\u011fl\u0131k anlay\u0131\u015f\u0131n\u0131 ele\u015ftirdi.<\/p>\n<p><a href=\"http:\/\/www.radikal.com.tr\/saglik\/chenin_kizi_ebola_ile_savasiyor-1242747\" target=\"_blank\">http:\/\/www.radikal.com.tr\/<wbr \/>saglik\/chenin_kizi_ebola_ile_<wbr \/>savasiyor-1242747<\/a><\/div>\n<div><\/div>\n<\/div>\n<\/div>\n<\/div>\n<div>\n<div>\n<div>\n<div>\n<p><strong>&#8216;SALGIN YOKSULLUKTAN KAYNAKLANMADI&#8217;<\/strong><\/p>\n<p>Dr. Guevara, ebola salg\u0131n\u0131n\u0131n insanlar\u0131n \u00e7evre \u00fczerindeki y\u0131k\u0131c\u0131 etkisiyle ili\u015fkili oldu\u011funu, salg\u0131n\u0131n patlak verdi\u011fi b\u00f6lgelerde ekolojik dengenin insanlarca bozulmas\u0131n\u0131n salg\u0131na yol a\u00e7t\u0131\u011f\u0131n\u0131 d\u00fc\u015f\u00fcnd\u00fc\u011f\u00fcn\u00fc kaydetti. Salg\u0131n\u0131n <a href=\"http:\/\/www.radikal.com.tr\/index\/iddia\" target=\"_blank\">iddia<\/a> edildi\u011fi gibi \u201cyoksulluktan\u201d kaynaklanmad\u0131\u011f\u0131n\u0131 belirten Dr. Guevara, \u201cBu \u00e7evreyi yok etmemizle ilgili bir problem. Yoksullu\u011fun \u00e7ok daha \u00f6tesinde. Gezegenimizi yok ediyoruz\u201d s\u00f6zlerini kulland\u0131.<\/p>\n<\/div>\n<\/div>\n<\/div>\n<\/div>\n","protected":false},"excerpt":{"rendered":"<p>Radikal 01.12.2014 K\u00fcba&#8217;da doktorluk yapan Che Guevara&#8217;n\u0131n k\u0131z\u0131 Aleida Guevara, ebola salg\u0131n\u0131n\u0131 de\u011ferlendirdi. Dr. Guevara hastal\u0131\u011f\u0131n yoksulluktan de\u011fil, do\u011faya verilen&#46;&#46;&#46;<\/p>\n","protected":false},"author":1,"featured_media":0,"comment_status":"closed","ping_status":"closed","sticky":false,"template":"","format":"standard","meta":{"_jetpack_memberships_contains_paid_content":false,"footnotes":""},"categories":[62],"tags":[],"class_list":["post-4545","post","type-post","status-publish","format-standard","hentry","category-sagliktan-haberler"],"aioseo_notices":[],"jetpack_featured_media_url":"","jetpack_sharing_enabled":true,"jetpack-related-posts":[],"_links":{"self":[{"href":"http:\/\/www.ced.org.tr\/index.php?rest_route=\/wp\/v2\/posts\/4545","targetHints":{"allow":["GET"]}}],"collection":[{"href":"http:\/\/www.ced.org.tr\/index.php?rest_route=\/wp\/v2\/posts"}],"about":[{"href":"http:\/\/www.ced.org.tr\/index.php?rest_route=\/wp\/v2\/types\/post"}],"author":[{"embeddable":true,"href":"http:\/\/www.ced.org.tr\/index.php?rest_route=\/wp\/v2\/users\/1"}],"replies":[{"embeddable":true,"href":"http:\/\/www.ced.org.tr\/index.php?rest_route=%2Fwp%2Fv2%2Fcomments&post=4545"}],"version-history":[{"count":1,"href":"http:\/\/www.ced.org.tr\/index.php?rest_route=\/wp\/v2\/posts\/4545\/revisions"}],"predecessor-version":[{"id":4546,"href":"http:\/\/www.ced.org.tr\/index.php?rest_route=\/wp\/v2\/posts\/4545\/revisions\/4546"}],"wp:attachment":[{"href":"http:\/\/www.ced.org.tr\/index.php?rest_route=%2Fwp%2Fv2%2Fmedia&parent=4545"}],"wp:term":[{"taxonomy":"category","embeddable":true,"href":"http:\/\/www.ced.org.tr\/index.php?rest_route=%2Fwp%2Fv2%2Fcategories&post=4545"},{"taxonomy":"post_tag","embeddable":true,"href":"http:\/\/www.ced.org.tr\/index.php?rest_route=%2Fwp%2Fv2%2Ftags&post=4545"}],"curies":[{"name":"wp","href":"https:\/\/api.w.org\/{rel}","templated":true}]}}