{"id":4548,"date":"2014-12-03T18:42:18","date_gmt":"2014-12-03T16:42:18","guid":{"rendered":"http:\/\/www.ced.org.tr\/?p=4548"},"modified":"2014-12-03T18:42:18","modified_gmt":"2014-12-03T16:42:18","slug":"hastalar-risalesinin-eczanelerde-bulunmasi-ve-satilmasi-icin-bir-proje-baslatildi","status":"publish","type":"post","link":"http:\/\/www.ced.org.tr\/?p=4548","title":{"rendered":"Hastalar Risalesi\u2019nin eczanelerde bulunmas\u0131 ve sat\u0131lmas\u0131 i\u00e7in bir proje ba\u015flat\u0131ld\u0131"},"content":{"rendered":"<p>Hali\u00e7 Kongre Merkezi\u2019nde 28 -30 Kas\u0131m tarihleri aras\u0131nda ger\u00e7ekle\u015ftirilen<b>\u201cUluslararas\u0131 \u0130la\u00e7 ve Eczac\u0131l\u0131k Kongre ve Fuar\u0131\u201d<\/b>nda, Said- i Nursi\u2019nin Risale-i Nur K\u00fclliyat\u0131\u2019n\u0131n Lem\u2019a\u2019lar eserinin 25. Lem\u2019a\u2019s\u0131\u00a0<b>\u201cHastalar Risalesi\u201d<\/b> i\u00e7in stant a\u00e7\u0131ld\u0131.<\/p>\n<p><strong>RNK Sat\u0131\u015f ve Proje sorumlusu Enver Yorulmaz, &#8220;RNK ne\u015friyat olarak Hastalar Risalesi\u2019nin eczanelerde bulunmas\u0131 ve sat\u0131lmas\u0131 i\u00e7in bir proje ba\u015flatt\u0131k&#8221; dedi.<\/strong><\/p>\n<p>01.12.2014 &#8211; Oda Tv<!--more--><\/p>\n<p><a href=\"http:\/\/www.odatv.com\/n.php?n=said-i-nursi-eczanelere-de-girdi-0112141200\" target=\"_blank\">http:\/\/www.odatv.com\/n.php?n=<wbr \/>said-i-nursi-eczanelere-de-<wbr \/>girdi-0112141200<\/a><\/p>\n<p>Hali\u00e7 Kongre Merkezi\u2019nde 28 -30 Kas\u0131m tarihleri aras\u0131nda ger\u00e7ekle\u015ftirilen <b>\u201cUluslararas\u0131 \u0130la\u00e7 ve Eczac\u0131l\u0131k Kongre ve Fuar\u0131\u201d<\/b>nda, Said- i Nursi\u2019nin Risale-i Nur K\u00fclliyat\u0131\u2019n\u0131n Lem\u2019a\u2019lar eserinin 25. Lem\u2019a\u2019s\u0131\u00a0<b>\u201cHastalar Risalesi\u201d<\/b> i\u00e7in stant a\u00e7\u0131ld\u0131.<\/p>\n<div>\n<p>Nurcular\u0131n sitesi Risale Haber\u2019in haberine g\u00f6re; RNK Sat\u0131\u015f ve Proje sorumlusu Enver Yorulmaz, Moral FM\u2019e konuk oldu. Yorulmaz programda ila\u00e7 \u015feklindeki yeni tasar\u0131m\u0131yla Hastalar Risalesi\u2019ne eczac\u0131lar\u0131n, eczac\u0131l\u0131k \u00f6\u011frencilerinin ve vatanda\u015flar\u0131n ilgi g\u00f6sterdi\u011fini iddia etti.<\/p>\n<p><b>\u201cMORAL KISMINI SA\u011eLAYACAK \u00c7OK G\u00dcZEL B\u0130R ESER\u201d<\/b><b><\/b><\/p>\n<p>Hastal\u0131k Risalesi\u2019ni hastal\u0131\u011f\u0131n moral k\u0131sm\u0131n\u0131 sa\u011flayacak eser olarak yorumlayan Yorulmaz \u015f\u00f6yle konu\u015ftu:<\/p>\n<p>\u201c<b>RNK ne\u015friyat olarak Hastalar Risalesi\u2019nin eczanelerde bulunmas\u0131 ve sat\u0131lmas\u0131 i\u00e7in bir proje ba\u015flatt\u0131k.<\/b>\u0130stanbul\u2019da pilot uygulama ba\u015flatt\u0131k. Bakt\u0131k ki ilgi g\u00f6r\u00fcyor ve sat\u0131labiliyor. Daha sonra Anadolu\u2019da muhtelif \u015fehir ve il\u00e7elerdeki eczanelere g\u00f6nderdik ve g\u00f6ndermeye devam ediyoruz. Bu arada Hali\u00e7 Kongre Merkezi\u2019nde d\u00fczenlenen Uluslararas\u0131 \u0130la\u00e7 ve Eczac\u0131l\u0131k Kongre ve Fuar\u0131\u2019na d\u00e2hil olduk. Fuarda gerek eczac\u0131lar gerek eczac\u0131l\u0131k fak\u00fcltelerinde okuyan talebelere <b>\u2018Doktor \u00f6nce moral verir. Sonra tedavi eder. \u0130\u015fte moral k\u0131sm\u0131n\u0131 sa\u011flayacak \u00e7ok g\u00fczel bir eser\u2019<\/b> diyerek Hastalar Risalesi\u2019ni ve bro\u015f\u00fcr\u00fcm\u00fcz\u00fc takdim ediyoruz. Fuar \u00e7ok yo\u011fun ge\u00e7iyor ve Hastalar Risalesi\u2019ne ilgi ve alaka bekledi\u011fimizden \u00e7ok daha iyi \u015fekilde ger\u00e7ekle\u015fiyor\u201d<\/p>\n<p><b>SA\u011eLIK BAKANLI\u011eI\u2019NIN R\u0130SALE\u2019Y\u0130 TAVS\u0130YE ETMES\u0130NE Y\u00d6NEL\u0130K \u00c7ALI\u015eMA<\/b><\/p>\n<p><b>\u201cSa\u011fl\u0131k Bakanl\u0131\u011f\u0131\u2019n\u0131n Hastalar Risalesi\u2019ni tavsiyesi i\u00e7in gayretlerimiz de var\u201d<\/b> diyen Enver Yorulmaz s\u00f6zlerini \u015f\u00f6yle s\u00fcrd\u00fcrd\u00fc: <b>\u201cBu arada Sa\u011fl\u0131k Bakanl\u0131\u011f\u0131\u2019n\u0131n Hastalar Risalesi\u2019ni tavsiye etmesine y\u00f6nelik \u00e7al\u0131\u015fmalar\u0131m\u0131z\u0131 ba\u015flatm\u0131\u015f bulunuyoruz. Ayr\u0131ca \u00dcsk\u00fcdar \u00dcniversitesi\u2019nden ruh sa\u011fl\u0131\u011f\u0131na fayda sa\u011flad\u0131\u011f\u0131na y\u00f6nelik ilmi bir rapor talep ettik.\u201d<\/b><\/p>\n<p><b>Odatv.com<\/b><\/p>\n<\/div>\n","protected":false},"excerpt":{"rendered":"<p>Hali\u00e7 Kongre Merkezi\u2019nde 28 -30 Kas\u0131m tarihleri aras\u0131nda ger\u00e7ekle\u015ftirilen\u201cUluslararas\u0131 \u0130la\u00e7 ve Eczac\u0131l\u0131k Kongre ve Fuar\u0131\u201dnda, Said- i Nursi\u2019nin Risale-i Nur&#46;&#46;&#46;<\/p>\n","protected":false},"author":1,"featured_media":0,"comment_status":"closed","ping_status":"closed","sticky":false,"template":"","format":"standard","meta":{"_jetpack_memberships_contains_paid_content":false,"footnotes":""},"categories":[62],"tags":[],"class_list":["post-4548","post","type-post","status-publish","format-standard","hentry","category-sagliktan-haberler"],"aioseo_notices":[],"jetpack_featured_media_url":"","jetpack_sharing_enabled":true,"jetpack-related-posts":[],"_links":{"self":[{"href":"http:\/\/www.ced.org.tr\/index.php?rest_route=\/wp\/v2\/posts\/4548","targetHints":{"allow":["GET"]}}],"collection":[{"href":"http:\/\/www.ced.org.tr\/index.php?rest_route=\/wp\/v2\/posts"}],"about":[{"href":"http:\/\/www.ced.org.tr\/index.php?rest_route=\/wp\/v2\/types\/post"}],"author":[{"embeddable":true,"href":"http:\/\/www.ced.org.tr\/index.php?rest_route=\/wp\/v2\/users\/1"}],"replies":[{"embeddable":true,"href":"http:\/\/www.ced.org.tr\/index.php?rest_route=%2Fwp%2Fv2%2Fcomments&post=4548"}],"version-history":[{"count":1,"href":"http:\/\/www.ced.org.tr\/index.php?rest_route=\/wp\/v2\/posts\/4548\/revisions"}],"predecessor-version":[{"id":4549,"href":"http:\/\/www.ced.org.tr\/index.php?rest_route=\/wp\/v2\/posts\/4548\/revisions\/4549"}],"wp:attachment":[{"href":"http:\/\/www.ced.org.tr\/index.php?rest_route=%2Fwp%2Fv2%2Fmedia&parent=4548"}],"wp:term":[{"taxonomy":"category","embeddable":true,"href":"http:\/\/www.ced.org.tr\/index.php?rest_route=%2Fwp%2Fv2%2Fcategories&post=4548"},{"taxonomy":"post_tag","embeddable":true,"href":"http:\/\/www.ced.org.tr\/index.php?rest_route=%2Fwp%2Fv2%2Ftags&post=4548"}],"curies":[{"name":"wp","href":"https:\/\/api.w.org\/{rel}","templated":true}]}}