{"id":4551,"date":"2014-12-03T18:45:38","date_gmt":"2014-12-03T16:45:38","guid":{"rendered":"http:\/\/www.ced.org.tr\/?p=4551"},"modified":"2014-12-03T18:48:02","modified_gmt":"2014-12-03T16:48:02","slug":"istanbul-ecza-koop-degisen-saglik-ilac-politikalarini-ve-eczacilik-alaninda-olasi-gelismeler-konulu-panel-duzenliyor","status":"publish","type":"post","link":"http:\/\/www.ced.org.tr\/?p=4551","title":{"rendered":"\u0130stanbul Ecza Koop &#8220;De\u011fi\u015fen Sa\u011fl\u0131k-\u0130la\u00e7 Politikalar\u0131n\u0131 ve Eczac\u0131l\u0131k Alan\u0131nda Olas\u0131 Geli\u015fmeler&#8221; konulu panel d\u00fczenliyor"},"content":{"rendered":"<p>&nbsp;<\/p>\n<p><i><span lang=\"TR\"><span style=\"color: #000000; font-family: Calibri;\"><a href=\"http:\/\/www.ced.org.tr\/wp-content\/uploads\/2014\/12\/panel_koop.jpg\"><img loading=\"lazy\" decoding=\"async\" class=\"alignleft size-full wp-image-4552\" src=\"http:\/\/www.ced.org.tr\/wp-content\/uploads\/2014\/12\/panel_koop.jpg\" alt=\"panel_koop\" width=\"190\" height=\"190\" srcset=\"http:\/\/www.ced.org.tr\/wp-content\/uploads\/2014\/12\/panel_koop.jpg 190w, http:\/\/www.ced.org.tr\/wp-content\/uploads\/2014\/12\/panel_koop-150x150.jpg 150w, http:\/\/www.ced.org.tr\/wp-content\/uploads\/2014\/12\/panel_koop-160x160.jpg 160w\" sizes=\"auto, (max-width: 190px) 100vw, 190px\" \/><\/a>\u0130stanbul Eczac\u0131lar Kooperatifi\u2019nin25. Kurulu\u015f y\u0131ld\u00f6n\u00fcm\u00fc nedeniyle d\u00fczenlenen <b>\u201cDe\u011fi\u015fen Sa\u011fl\u0131k-\u0130la\u00e7 Politikalar\u0131n\u0131 ve Eczac\u0131l\u0131k Alan\u0131nda Olas\u0131 Geli\u015fmeler\u201d <\/b>konulupanelde sizlerle birlikte olmaktan onur duyaca\u011f\u0131z.<\/span><\/span><\/i><\/p>\n<p><b><span lang=\"TR\"><span style=\"color: #000000; font-family: Calibri;\">\u0130stanbul Eczac\u0131lar KooperatifiY\u00f6netim Kurulu<\/span><\/span><\/b><\/p>\n<p>&nbsp;<\/p>\n<p>&nbsp;<\/p>\n<p>&nbsp;<\/p>\n<p>&nbsp;<\/p>\n<p><b><span lang=\"TR\"><span style=\"color: #000000; font-family: Calibri;\">PROGRAM<\/span><\/span><\/b><\/p>\n<p><span lang=\"TR\"><span style=\"color: #000000; font-family: Calibri;\">14:00 A\u00c7ILI\u015e<\/span><\/span><\/p>\n<p><b><span lang=\"TR\"><span style=\"font-family: Calibri;\"><span style=\"color: #000000;\">Ecz.Rafet\u015eahin<\/span><\/span><\/span><\/b><span lang=\"TR\"><span style=\"font-family: Calibri;\"><span style=\"color: #000000;\"> <i>\u0130stanbul Eczac\u0131lar Kooperatifi Y\u00f6netim Kurulu Ba\u015fkan\u0131<\/i><br \/>\n<b>Dr.H\u00fcseyin Y\u0131lmaz<\/b> <i>\u0130la\u00e7 veT\u0131bbi Cihaz Kurumu Ba\u015fkan Yard\u0131mc\u0131s\u0131<\/i><br \/>\n<b>Ecz.Semih G\u00fcng\u00f6r<\/b> <i>\u0130stanbulEczac\u0131 Odas\u0131 Ba\u015fkan\u0131<\/i><br \/>\n<b>Emin Fad\u0131ll\u0131o\u011flu<\/b> <i>A\u0130FD,Ara\u015ft\u0131rmac\u0131\u0130la\u00e7 Firmalar\u0131 Derne\u011fi Ba\u015fkan\u0131<\/i><br \/>\n<b>Ali Arpac\u0131o\u011flu<\/b> <i>\u0130E\u0130S,\u0130la\u00e7 End\u00fcstrisi\u0130\u015fverenler Sendikas\u0131 Ba\u015fkan Yard\u0131mc\u0131s\u0131<\/i><br \/>\n<b>Ecz.Cengiz Celayir<\/b> <i>T\u0130SD,T\u00fcrkiye\u0130la\u00e7 Sanayi Derne\u011fi Ba\u015fkan\u0131<\/i><\/span><\/span><\/span><\/p>\n<p><span lang=\"TR\"><span style=\"font-family: Calibri;\"><span style=\"color: #000000;\">14:30 \u201c\u0130la\u00e7 Sekt\u00f6r\u00fc\u2019nde K\u00fcresel Trendler ve T\u00fcrkiye \u0130la\u00e7 Sekt\u00f6r\u00fc\u2019ne Bak\u0131\u015f\u201d<br \/>\n<b>Dr.Ali Aky\u0131ld\u0131z<\/b> <i>IMS HealthT\u00fcrkiye Genel M\u00fcd\u00fcr\u00fc<\/i><\/span><\/span><\/span><\/p>\n<p><span lang=\"TR\"><span style=\"color: #000000; font-family: Calibri;\">15:30 ARA<\/span><\/span><\/p>\n<p><span lang=\"TR\"><span style=\"color: #000000; font-family: Calibri;\">16:00 PANEL<br \/>\nAB \u00dclkelerinde ve T\u00fcrkiyede De\u011fi\u015fen Sa\u011fl\u0131k, \u0130la\u00e7<br \/>\nSosyal G\u00fcvenlikPolitikalar\u0131<br \/>\n\u0130la\u00e7,Eczac\u0131l\u0131k Alan\u0131naEtkileri ve Gelece\u011fe Bak\u0131\u015f<\/span><\/span><\/p>\n<p><span lang=\"TR\"><span style=\"color: #000000; font-family: Calibri;\">MODERAT\u00d6R<\/span><\/span><\/p>\n<p><b><span lang=\"TR\"><span style=\"font-family: Calibri;\"><span style=\"color: #000000;\">Ecz.Sait Y\u00fccel<\/span><\/span><\/span><\/b><span lang=\"TR\"><br \/>\n<span style=\"font-family: Calibri;\"><span style=\"color: #000000;\"><i>\u0130stanbul Eczac\u0131lar Kooperatifi \u00a0Denetleme Kurulu Ba\u015fkan\u0131<\/i><\/span><\/span><\/span><\/p>\n<p><span lang=\"TR\"><span style=\"color: #000000; font-family: Calibri;\">KONU\u015eMACILAR<\/span><\/span><\/p>\n<p><b><span lang=\"TR\"><span style=\"font-family: Calibri;\"><span style=\"color: #000000;\">Ecz.Erdo\u011fan\u00c7olak<\/span><\/span><\/span><\/b><span lang=\"TR\"><br \/>\n<span style=\"font-family: Calibri;\"><span style=\"color: #000000;\"><i>TEB,T\u00fcrk Eczac\u0131lar\u0131 Birli\u011fi Ba\u015fkan\u0131<\/i><br \/>\n<\/span><\/span><span style=\"font-family: Calibri;\"><span style=\"color: #000000;\"><b>Ecz. Serdar Karaa\u011fa\u00e7<br \/>\n<\/b><i>TEKB,T\u00fcm Eczac\u0131 Kooperatifleri Birli\u011fi II.Ba\u015fkan\u0131<\/i><br \/>\n<b>Matilde Sanchez Reyes<\/b><br \/>\n<i>SECOF,Avrupa Eczac\u0131 Kooperatifleri Birli\u011fi Y\u00f6netim Kurulu Ba\u015fkan\u0131<\/i><br \/>\n<b>Giannis Papadopoulos<\/b><br \/>\n<i>Yunanistan Eczac\u0131lar Birli\u011fi Y\u00f6netim Kurulu \u00dcyesi<\/i><br \/>\n<b>Stavros Belonis<\/b><br \/>\n<i>OSFE,Yunanistan Eczac\u0131 Kooperatifleri Birli\u011fi Ba\u015fkan\u0131<\/i><\/span><\/span><\/span><\/p>\n<p><i><span lang=\"TR\"><span style=\"color: #000000; font-family: Calibri;\">Tarih:\u00a0 \u00a0\u00a0\u00a0\u00a06 Aral\u0131k 2014,Cumartesi<br \/>\nYer:\u00a0\u00a0\u00a0\u00a0\u00a0\u00a0\u00a0\u00a0\u00a0 \u0130stanbul Divan Otel,Elmada\u011f\/\u0130stanbul<\/span><\/span><\/i><\/p>\n<p><span style=\"color: #000000;\"><i><span lang=\"TR\"><span style=\"font-family: Calibri;\">\u00a0\u00a0\u00a0\u00a0\u00a0\u00a0\u00a0\u00a0\u00a0\u00a0\u00a0\u00a0\u00a0\u00a0\u00a0\u00a0\u00a0\u00a0\u00a0\u00a0\u00a0\u00a0\u00a0<\/span><\/span><\/i><\/span><\/p>\n<p>&nbsp;<\/p>\n<p>&nbsp;<\/p>\n","protected":false},"excerpt":{"rendered":"<p>&nbsp; \u0130stanbul Eczac\u0131lar Kooperatifi\u2019nin25. Kurulu\u015f y\u0131ld\u00f6n\u00fcm\u00fc nedeniyle d\u00fczenlenen \u201cDe\u011fi\u015fen Sa\u011fl\u0131k-\u0130la\u00e7 Politikalar\u0131n\u0131 ve Eczac\u0131l\u0131k Alan\u0131nda Olas\u0131 Geli\u015fmeler\u201d konulupanelde sizlerle birlikte olmaktan&#46;&#46;&#46;<\/p>\n","protected":false},"author":1,"featured_media":4554,"comment_status":"closed","ping_status":"closed","sticky":false,"template":"","format":"standard","meta":{"_jetpack_memberships_contains_paid_content":false,"footnotes":""},"categories":[1],"tags":[],"class_list":["post-4551","post","type-post","status-publish","format-standard","has-post-thumbnail","hentry","category-ced"],"aioseo_notices":[],"jetpack_featured_media_url":"http:\/\/www.ced.org.tr\/wp-content\/uploads\/2014\/12\/koop_panel.jpg","jetpack_sharing_enabled":true,"jetpack-related-posts":[],"_links":{"self":[{"href":"http:\/\/www.ced.org.tr\/index.php?rest_route=\/wp\/v2\/posts\/4551","targetHints":{"allow":["GET"]}}],"collection":[{"href":"http:\/\/www.ced.org.tr\/index.php?rest_route=\/wp\/v2\/posts"}],"about":[{"href":"http:\/\/www.ced.org.tr\/index.php?rest_route=\/wp\/v2\/types\/post"}],"author":[{"embeddable":true,"href":"http:\/\/www.ced.org.tr\/index.php?rest_route=\/wp\/v2\/users\/1"}],"replies":[{"embeddable":true,"href":"http:\/\/www.ced.org.tr\/index.php?rest_route=%2Fwp%2Fv2%2Fcomments&post=4551"}],"version-history":[{"count":3,"href":"http:\/\/www.ced.org.tr\/index.php?rest_route=\/wp\/v2\/posts\/4551\/revisions"}],"predecessor-version":[{"id":4556,"href":"http:\/\/www.ced.org.tr\/index.php?rest_route=\/wp\/v2\/posts\/4551\/revisions\/4556"}],"wp:featuredmedia":[{"embeddable":true,"href":"http:\/\/www.ced.org.tr\/index.php?rest_route=\/wp\/v2\/media\/4554"}],"wp:attachment":[{"href":"http:\/\/www.ced.org.tr\/index.php?rest_route=%2Fwp%2Fv2%2Fmedia&parent=4551"}],"wp:term":[{"taxonomy":"category","embeddable":true,"href":"http:\/\/www.ced.org.tr\/index.php?rest_route=%2Fwp%2Fv2%2Fcategories&post=4551"},{"taxonomy":"post_tag","embeddable":true,"href":"http:\/\/www.ced.org.tr\/index.php?rest_route=%2Fwp%2Fv2%2Ftags&post=4551"}],"curies":[{"name":"wp","href":"https:\/\/api.w.org\/{rel}","templated":true}]}}