{"id":4558,"date":"2014-12-09T23:08:04","date_gmt":"2014-12-09T21:08:04","guid":{"rendered":"http:\/\/www.ced.org.tr\/?p=4558"},"modified":"2014-12-09T23:08:04","modified_gmt":"2014-12-09T21:08:04","slug":"6-hangi-insan-haklari-film-festivali-13-aralikta-basliyor","status":"publish","type":"post","link":"http:\/\/www.ced.org.tr\/?p=4558","title":{"rendered":"6. Hangi \u0130nsan Haklar\u0131? Film Festivali 13 Aral\u0131k&#8217;ta ba\u015fl\u0131yor"},"content":{"rendered":"<p><a href=\"http:\/\/www.ced.org.tr\/wp-content\/uploads\/2014\/12\/hangi.jpg\"><img loading=\"lazy\" decoding=\"async\" class=\"alignleft  wp-image-4559\" src=\"http:\/\/www.ced.org.tr\/wp-content\/uploads\/2014\/12\/hangi.jpg\" alt=\"hangi\" width=\"420\" height=\"628\" \/><\/a>Documentarist taraf\u0131ndan \u0130stanbul&#8217;da d\u00fczenlenen Hangi \u0130nsan Haklar\u0131? Film Festivali, 13-17 Aral\u0131k 2014 tarihleri aras\u0131nda alt\u0131nc\u0131 kez ger\u00e7ekle\u015fiyor. Her sene belli temalara odaklanan festival program\u0131n\u0131n bu seneki ana temalar\u0131, &#8220;i\u015f cinayetleri&#8221; ve &#8220;g\u00f6\u00e7menlik&#8221; (yerinden edilmi\u015f insanlar) olarak belirlendi. Festival program\u0131nda Gezi belgesellerine de \u00f6zel b\u00f6l\u00fcm ayr\u0131ld\u0131.<\/p>\n<div>\n<div>\n<div>08.12.2014\u00a0\u00a0Cnnturk.com<\/div>\n<\/div>\n<\/div>\n<div>\n<p>Madenciler ba\u015fta olmak \u00fczere i\u015f\u00e7ileri konu alan pek \u00e7ok filmin g\u00f6sterilece\u011fi festivalde, sinema tarihinin \u00f6nemli ustalar\u0131ndan Georg Wilhelm Pabst&#8217;\u0131n 1931 tarihli yap\u0131t\u0131 &#8220;Maden Trajedisi&#8221; (Kameradschaft) ile Ertem G\u00f6re\u00e7&#8217;in &#8220;Karanl\u0131kta Uyananlar&#8221; (1964) adl\u0131 filmlerine \u00f6zel g\u00f6sterim yap\u0131lacak.<\/p>\n<p>Program, ayr\u0131ca T\u00fcrkiye&#8217;deki i\u015f\u00e7ilerin ya\u015fam ve \u00e7al\u0131\u015fma ko\u015fullar\u0131 \u00fczerine yap\u0131lm\u0131\u015f bir dizi belgesel ve kurmaca film i\u00e7eriyor.<\/p>\n<p><strong>Ba\u015frolde i\u015f\u00e7iler ve g\u00f6\u00e7menler<\/p>\n<p><\/strong>\u00c7a\u011f\u0131m\u0131z\u0131n en kangren sorunlar\u0131ndan biri olan &#8220;yerinden edilmi\u015flik&#8221; konusu da festivalde bir dizi film ve bir panelle ele al\u0131n\u0131yor.<\/p>\n<p>Bu b\u00f6l\u00fcmdeki filmler, ba\u015fta Suriye ve Filistin halklar\u0131 olmak \u00fczere, sava\u015f, yoksulluk veya siyasi g\u00f6r\u00fc\u015fleri nedeniyle yerini yurdunu terk eden insanlar\u0131n \u00f6yk\u00fclerine odaklan\u0131yor.<\/p>\n<p>6. Hangi \u0130nsan Haklar\u0131? Film Festivali kapsam\u0131nda &#8220;\u00c7a\u011f\u0131m\u0131z\u0131n Yerinden Edilmi\u015f Halklar\u0131: Filistinliler ve Suriyeliler&#8221; ba\u015fl\u0131\u011f\u0131 alt\u0131nda, bu \u00fclkelerden s\u0131\u011f\u0131nmac\u0131lar\u0131n kat\u0131l\u0131m\u0131yla bir de yuvarlak masa toplant\u0131s\u0131 ger\u00e7ekle\u015ftirilecek.<\/p>\n<p>Ge\u00e7en sene de festivalde yer bulan Gezi direni\u015fi se\u00e7kisi, bu y\u0131l yeni filmlerle devam ediyor. Se\u00e7kide birka\u00e7 yeni belgeselin yan\u0131 s\u0131ra, Reyan Tuvi&#8217;nin Antalya Alt\u0131n Portakal Film Festivali program\u0131ndan \u00e7\u0131kar\u0131lmas\u0131 b\u00fcy\u00fck tepkilere yol a\u00e7an &#8220;Yery\u00fcz\u00fc A\u015fk\u0131n Y\u00fcz\u00fc Oluncaya Dek\u2026&#8221; adl\u0131 filmi bir kez daha seyirciyle bulu\u015facak.<\/p>\n<p>Hangi \u0130nsan Haklar\u0131? Film Festivali&#8217;nin geleneksel etkinliklerinden olan Video-Eylem At\u00f6lyesi bu sene de yeni bir i\u00e7erikle ge\u00e7ekle\u015firken, video-eylem tarz\u0131nda \u00fcretilen film \u00f6rnekleri festival boyunca &#8220;Tan\u0131kl\u0131klar&#8221; ba\u015fl\u0131\u011f\u0131 alt\u0131nda bir ekranda g\u00f6sterilecek.<\/p>\n<p>Festival kapsam\u0131nda ayr\u0131ca Alternatif Kentsel Gelecekler konulu bir at\u00f6lye ile M\u00fc\u015fterek Alanlar\u0131n Geri Kazan\u0131m\u0131 ba\u015fl\u0131kl\u0131 bir seminer d\u00fczenlenecek.<\/p>\n<p>Yine festivalin geleneksel bir etkinliklerinden olan ve y\u0131l i\u00e7inde \u00e7e\u015fitli kentlerde ger\u00e7ekle\u015ftirilen \u00c7ocuklarla At\u00f6lyeler devam edecek. Festivalin hemen ard\u0131ndan, \u00e7ocuk at\u00f6lyesi g\u00f6n\u00fcll\u00fcleri Urfa&#8217;da Suriyeli \u00e7ocuklarla, Soma&#8217;da da madenci ailelerin \u00e7ocuklar\u0131yla video ve sanat at\u00f6lyeleri ger\u00e7ekle\u015ftirecek.<\/p>\n<p>6. Hangi \u0130nsan Haklar\u0131? Film Festivali&#8217;nin SALT Beyo\u011flu, Aynal\u0131ge\u00e7it Etkinlik Mek\u00e2n\u0131, T\u00fct\u00fcn Deposu ve SALT Galata&#8217;da ger\u00e7ekle\u015fecek film g\u00f6sterimleri ve t\u00fcm etkinlikleri \u00fccretsiz olarak izlenebilir.<\/p><\/div>\n<div><\/div>\n<div>\n<div>\n<p><a href=\"http:\/\/www.cnnturk.com\/sondakika\" target=\"_blank\">Dakika dakika neler oluyor? \u00d6\u011frenmek i\u00e7in hemen t\u0131klay\u0131n.<\/a><\/p>\n<\/div>\n<div><a title=\"DOCUMENTARIST\" href=\"http:\/\/www.cnnturk.com\/documentarist\" target=\"_blank\">DOCUMENTARIST<\/a><a title=\"documentarist\" href=\"http:\/\/www.cnnturk.com\/documentarist\" target=\"_blank\">documentarist<\/a><a title=\"Belgesel\" href=\"http:\/\/www.cnnturk.com\/belgesel\" target=\"_blank\">Belg<wbr \/>esel<\/a><a title=\"Hangi \u0130nsan Haklar\u0131? Film Festivali\" href=\"http:\/\/www.cnnturk.com\/hangi-insan-haklari-film-festivali\" target=\"_blank\">Hangi \u0130nsan Haklar\u0131? Film Festivali<\/a><\/div>\n<\/div>\n","protected":false},"excerpt":{"rendered":"<p>Documentarist taraf\u0131ndan \u0130stanbul&#8217;da d\u00fczenlenen Hangi \u0130nsan Haklar\u0131? Film Festivali, 13-17 Aral\u0131k 2014 tarihleri aras\u0131nda alt\u0131nc\u0131 kez ger\u00e7ekle\u015fiyor. Her sene belli&#46;&#46;&#46;<\/p>\n","protected":false},"author":1,"featured_media":4559,"comment_status":"closed","ping_status":"closed","sticky":false,"template":"","format":"standard","meta":{"_jetpack_memberships_contains_paid_content":false,"footnotes":""},"categories":[61],"tags":[],"class_list":["post-4558","post","type-post","status-publish","format-standard","has-post-thumbnail","hentry","category-kultur-sanat"],"aioseo_notices":[],"jetpack_featured_media_url":"http:\/\/www.ced.org.tr\/wp-content\/uploads\/2014\/12\/hangi.jpg","jetpack_sharing_enabled":true,"jetpack-related-posts":[],"_links":{"self":[{"href":"http:\/\/www.ced.org.tr\/index.php?rest_route=\/wp\/v2\/posts\/4558","targetHints":{"allow":["GET"]}}],"collection":[{"href":"http:\/\/www.ced.org.tr\/index.php?rest_route=\/wp\/v2\/posts"}],"about":[{"href":"http:\/\/www.ced.org.tr\/index.php?rest_route=\/wp\/v2\/types\/post"}],"author":[{"embeddable":true,"href":"http:\/\/www.ced.org.tr\/index.php?rest_route=\/wp\/v2\/users\/1"}],"replies":[{"embeddable":true,"href":"http:\/\/www.ced.org.tr\/index.php?rest_route=%2Fwp%2Fv2%2Fcomments&post=4558"}],"version-history":[{"count":1,"href":"http:\/\/www.ced.org.tr\/index.php?rest_route=\/wp\/v2\/posts\/4558\/revisions"}],"predecessor-version":[{"id":4560,"href":"http:\/\/www.ced.org.tr\/index.php?rest_route=\/wp\/v2\/posts\/4558\/revisions\/4560"}],"wp:featuredmedia":[{"embeddable":true,"href":"http:\/\/www.ced.org.tr\/index.php?rest_route=\/wp\/v2\/media\/4559"}],"wp:attachment":[{"href":"http:\/\/www.ced.org.tr\/index.php?rest_route=%2Fwp%2Fv2%2Fmedia&parent=4558"}],"wp:term":[{"taxonomy":"category","embeddable":true,"href":"http:\/\/www.ced.org.tr\/index.php?rest_route=%2Fwp%2Fv2%2Fcategories&post=4558"},{"taxonomy":"post_tag","embeddable":true,"href":"http:\/\/www.ced.org.tr\/index.php?rest_route=%2Fwp%2Fv2%2Ftags&post=4558"}],"curies":[{"name":"wp","href":"https:\/\/api.w.org\/{rel}","templated":true}]}}