{"id":4571,"date":"2014-12-17T18:35:47","date_gmt":"2014-12-17T16:35:47","guid":{"rendered":"http:\/\/www.ced.org.tr\/?p=4571"},"modified":"2014-12-17T18:35:47","modified_gmt":"2014-12-17T16:35:47","slug":"ilac-testlerine-bir-yilda-370-kurban","status":"publish","type":"post","link":"http:\/\/www.ced.org.tr\/?p=4571","title":{"rendered":"\u0130la\u00e7 testlerine bir y\u0131lda 370 kurban"},"content":{"rendered":"<div>SABAH, 16 Aral\u0131k 2014\u00a0\u00a0\u00a0\u00a0\u00a0\u00a0\u00a0\u00a0\u00a0\u00a0\u00a0\u00a0\u00a0\u00a0\u00a0\u00a0\u00a0\u00a0\u00a0\u00a0\u00a0\u00a0\u00a0\u00a0\u00a0\u00a0<wbr \/>\u00a0\u00a0\u00a0\u00a0\u00a0\u00a0\u00a0\u00a0\u00a0\u00a0\u00a0\u00a0\u00a0\u00a0\u00a0\u00a0\u00a0\u00a0\u00a0\u00a0\u00a0\u00a0\u00a0\u00a0\u00a0\u00a0\u00a0\u00a0\u00a0\u00a0<wbr \/><\/div>\n<div>H\u0130ND\u0130STAN&#8217;DA ge\u00e7en y\u0131ldan bu yana yap\u0131lan ila\u00e7 testlerinde en az 370 ki\u015finin \u00f6ld\u00fc\u011f\u00fc a\u00e7\u0131kland\u0131. \u00dclkede son bir y\u0131lda yeni \u00fcretilen ila\u00e7lar\u0131n test edildi\u011fi hastalarda ya\u015fanan \u00f6l\u00fcm vakalar\u0131n\u0131n say\u0131ca \u00e7o\u011falmas\u0131 \u00fczerine Sa\u011fl\u0131k Bakanl\u0131\u011f\u0131, klinik ara\u015ft\u0131rmalar\u0131 ve ila\u00e7 kontrollerini s\u0131kla\u015ft\u0131rmaya ba\u015flad\u0131. Fakat al\u0131nan tedbirlere ra\u011fmen bir\u00e7ok hasta, ila\u00e7 testi sebebiyle ma\u011fdur olmaya devam ediyor. 2013&#8217;ten bu yana 370 ki\u015finin ila\u00e7 testi kurban\u0131 oldu\u011fu a\u00e7\u0131klan\u0131rken \u00f6lenlerin 222&#8217;si hakk\u0131nda dava a\u00e7\u0131ld\u0131\u011f\u0131 ve bunlardan sadece 21&#8217;inin ailesine tazminat \u00f6dendi\u011fi belirtildi. DI\u015e HABERLER<\/div>\n","protected":false},"excerpt":{"rendered":"<p>SABAH, 16 Aral\u0131k 2014\u00a0\u00a0\u00a0\u00a0\u00a0\u00a0\u00a0\u00a0\u00a0\u00a0\u00a0\u00a0\u00a0\u00a0\u00a0\u00a0\u00a0\u00a0\u00a0\u00a0\u00a0\u00a0\u00a0\u00a0\u00a0\u00a0\u00a0\u00a0\u00a0\u00a0\u00a0\u00a0\u00a0\u00a0\u00a0\u00a0\u00a0\u00a0\u00a0\u00a0\u00a0\u00a0\u00a0\u00a0\u00a0\u00a0\u00a0\u00a0\u00a0\u00a0\u00a0\u00a0\u00a0\u00a0\u00a0\u00a0 H\u0130ND\u0130STAN&#8217;DA ge\u00e7en y\u0131ldan bu yana yap\u0131lan ila\u00e7 testlerinde en az 370 ki\u015finin \u00f6ld\u00fc\u011f\u00fc a\u00e7\u0131kland\u0131. \u00dclkede son&#46;&#46;&#46;<\/p>\n","protected":false},"author":1,"featured_media":0,"comment_status":"closed","ping_status":"closed","sticky":false,"template":"","format":"standard","meta":{"_jetpack_memberships_contains_paid_content":false,"footnotes":""},"categories":[62],"tags":[],"class_list":["post-4571","post","type-post","status-publish","format-standard","hentry","category-sagliktan-haberler"],"aioseo_notices":[],"jetpack_featured_media_url":"","jetpack_sharing_enabled":true,"jetpack-related-posts":[],"_links":{"self":[{"href":"http:\/\/www.ced.org.tr\/index.php?rest_route=\/wp\/v2\/posts\/4571","targetHints":{"allow":["GET"]}}],"collection":[{"href":"http:\/\/www.ced.org.tr\/index.php?rest_route=\/wp\/v2\/posts"}],"about":[{"href":"http:\/\/www.ced.org.tr\/index.php?rest_route=\/wp\/v2\/types\/post"}],"author":[{"embeddable":true,"href":"http:\/\/www.ced.org.tr\/index.php?rest_route=\/wp\/v2\/users\/1"}],"replies":[{"embeddable":true,"href":"http:\/\/www.ced.org.tr\/index.php?rest_route=%2Fwp%2Fv2%2Fcomments&post=4571"}],"version-history":[{"count":1,"href":"http:\/\/www.ced.org.tr\/index.php?rest_route=\/wp\/v2\/posts\/4571\/revisions"}],"predecessor-version":[{"id":4574,"href":"http:\/\/www.ced.org.tr\/index.php?rest_route=\/wp\/v2\/posts\/4571\/revisions\/4574"}],"wp:attachment":[{"href":"http:\/\/www.ced.org.tr\/index.php?rest_route=%2Fwp%2Fv2%2Fmedia&parent=4571"}],"wp:term":[{"taxonomy":"category","embeddable":true,"href":"http:\/\/www.ced.org.tr\/index.php?rest_route=%2Fwp%2Fv2%2Fcategories&post=4571"},{"taxonomy":"post_tag","embeddable":true,"href":"http:\/\/www.ced.org.tr\/index.php?rest_route=%2Fwp%2Fv2%2Ftags&post=4571"}],"curies":[{"name":"wp","href":"https:\/\/api.w.org\/{rel}","templated":true}]}}