{"id":4593,"date":"2015-01-12T14:24:35","date_gmt":"2015-01-12T12:24:35","guid":{"rendered":"http:\/\/www.ced.org.tr\/?p=4593"},"modified":"2015-01-12T14:24:35","modified_gmt":"2015-01-12T12:24:35","slug":"saglik-adi-altinda-soyuluyoruz","status":"publish","type":"post","link":"http:\/\/www.ced.org.tr\/?p=4593","title":{"rendered":"Sa\u011fl\u0131k ad\u0131 alt\u0131nda soyuluyoruz"},"content":{"rendered":"<p>\u00d6ZG\u00dcR G\u00dcNDEM &#8211; 10 OCAK 2015<\/p>\n<p>Sa\u011fl\u0131k tamamen paral\u0131 hale geldi. SES e\u015fba\u015fkanlar\u0131, bir yandan sadaka k\u00fclt\u00fcr\u00fcn\u00fcn yayg\u0131nla\u015ft\u0131r\u0131ld\u0131\u011f\u0131n\u0131 di\u011fer yandan k\u0131rk \u00e7e\u015fit katk\u0131- kat\u0131l\u0131m paylar\u0131yla halk\u0131n soyguna u\u011frad\u0131\u011f\u0131n\u0131 dile getirdi. Sa\u011fl\u0131kta kesilen paralar ise telefon faturas\u0131na yans\u0131t\u0131l\u0131yor<\/p>\n<p>AKP h\u00fck\u00fcmetinin 2015 y\u0131l\u0131 i\u00e7in b\u00fct\u00e7eden sa\u011fl\u0131k alan\u0131na ay\u0131rd\u0131\u011f\u0131 pay 20 milyar 214 milyon TL&#8217;de kald\u0131. Ge\u00e7ti\u011fimiz y\u0131la oranla bu rakam 2 milyar kadar art\u0131\u015f sa\u011flasa da sa\u011fl\u0131\u011fa ayr\u0131lan b\u00fct\u00e7enin yar\u0131s\u0131 \u00f6zel hastaneler ve ila\u00e7 tekellerine ayr\u0131l\u0131yor. Bu durum haliyle \u00f6nceki d\u00f6nemlerde oldu\u011fu gibi &#8220;paran kadar sa\u011fl\u0131k&#8221; anlay\u0131\u015f\u0131 oluyor.<\/p>\n<p>Sa\u011fl\u0131\u011fa ayr\u0131lan 2015 b\u00fct\u00e7esi, anadilde, nitelikli ve e\u015fit sa\u011fl\u0131k hizmeti ile sa\u011fl\u0131k alan\u0131nda ya\u015fanan pek \u00e7ok sorunu dile getiren Sa\u011fl\u0131k ve Sosyal Hizmet Emek\u00e7ileri Sendikas\u0131 (SES) E\u015fba\u015fkanlar\u0131 G\u00f6n\u00fcl Erden ve \u0130brahim Kara, h\u00fck\u00fcmetin sa\u011fl\u0131k politikas\u0131n\u0131n iflas etti\u011fini belirtti.<\/p>\n<p><strong>\u00d6zel hastanelere kaynak<\/strong><\/p>\n<p>H\u00fck\u00fcmetin a\u00e7\u0131klad\u0131\u011f\u0131 orta vadeli program\u0131 de\u011ferlendiren E\u015fba\u015fkan Kara, 2015 y\u0131l\u0131nda halk\u0131n cebinden sa\u011fl\u0131\u011fa ayr\u0131lan pay\u0131n artaca\u011f\u0131n\u0131 belirtti. E\u015fba\u015fkan Erden de sa\u011fl\u0131\u011fa ayr\u0131lan pay\u0131n b\u00fcy\u00fck bir b\u00f6l\u00fcm\u00fcn\u00fcn \u00f6zel sa\u011fl\u0131k kurulu\u015flar\u0131 ile ila\u00e7 tekellerine gitti\u011fini s\u00f6yledi. Erden, h\u00fck\u00fcmetin sosyal hizmetler kapsam\u0131nda hasta ve ya\u015fl\u0131 bak\u0131mlar\u0131na verilen maa\u015flarla ba\u011f\u0131ml\u0131l\u0131k k\u00fclt\u00fcr\u00fcn\u00fc olu\u015fturdu\u011funu belirtti. \u0130brahim Kara, \u015fuanda 4 milyon insan\u0131n, sosyal g\u00fcvenlik olana\u011f\u0131ndan yararlanmad\u0131\u011f\u0131n\u0131n bilgisini verirken; Erden, SGK primlerinin d\u0131\u015f\u0131nda yurtta\u015ftan ekstra 14 kalemden katk\u0131 kat\u0131l\u0131m paylar\u0131n\u0131n al\u0131nd\u0131\u011f\u0131n\u0131 belirtti: &#8220;Telefonla randevu almaktan eczaneden ila\u00e7 almaya kadar 14 ayr\u0131 kalemde katk\u0131 kat\u0131l\u0131m paylar\u0131 al\u0131yorlar. Bu da yetmiyor. Bir sonraki a\u015famas\u0131 tamamen \u00f6zelle\u015ftirilmesi ve sa\u011fl\u0131\u011f\u0131n \u00fccretli hale getirilmesidir.&#8221;<\/p>\n<p><strong>T\u00fcccar mant\u0131\u011f\u0131<\/strong><\/p>\n<p>Kampus hastaneler politikas\u0131n\u0131 da ele\u015ftiren Erden, Sa\u011fl\u0131k Bakanl\u0131\u011f\u0131 &#8220;Biz kampus hastaneleri kuraca\u011f\u0131z, 49 y\u0131ll\u0131\u011f\u0131na taahh\u00fctle kiralan\u0131yor. Ve y\u00fczde 70 hasta garantisi veriyor. Bu ne demek? Ben bu kadar insan\u0131 hastaland\u0131r\u0131p hastaneye getirece\u011fim ve sen para kazanacaks\u0131n diyor&#8221; diye konu\u015ftu. E\u015fba\u015fkan Kara da &#8220;AKP&#8217;nin sa\u011fl\u0131k alan\u0131ndaki uygulamalar\u0131 oy olarak AKP&#8217;ye geri d\u00f6nd\u00fc. \u00c7\u00fcnk\u00fc AKP, g\u00f6r\u00fcnen bir vitrin yaratt\u0131&#8221; diye ele\u015ftirdi.<\/p>\n<p><strong>Fatura telefona<\/strong><\/p>\n<p>Telefonla hastanelerde al\u0131nan randevunun paral\u0131 oldu\u011funa dikkat \u00e7eken Kara, &#8220;Telefonla aray\u0131p randevu al\u0131yorsunuz ama 4 TL para \u00f6d\u00fcyorsunuz. Telefon faturan\u0131za yans\u0131yor bu. \u00dcstelik toplum bunu bilmiyor b\u00fcy\u00fck oranda. S\u00fcsl\u00fc c\u00fcmlelerle topluma de\u011fer verildi\u011fi hissi yarat\u0131l\u0131yor, \u00f6z\u00fcnde olmayan bi\u00e7imde. Aile hekiminde 3 lira. Acilde ye\u015fil alanda 5 lira. Poliklinikte devlet hastanesinde 8, \u00fcniversite hastanesine gitti\u011finde 15 lira kesiliyor. Elden vezneye \u00f6deme yap\u0131lmad\u0131\u011f\u0131 i\u00e7in kimse fark\u0131nda de\u011fil. Maa\u015f\u0131ndan kesiliyor. \u00d6zel hastaneye gitti\u011finde SGK ile anla\u015fmal\u0131 hastanelerde y\u00fczde 200 fark \u00f6d\u00fcyorsun. Bunun fark\u0131nda de\u011fil kimse. 10 lira muayene paras\u0131 al\u0131n\u0131yor ve bunun bir de vergilerle kesileni yar. Eczaneye gidiyorsun ila\u00e7 fark\u0131 al\u0131yor. T\u00fcm bunlar yetmiyormu\u015f gibi bir sonraki a\u015famas\u0131nda uzun s\u00fcreli tedavi gerektiren hastal\u0131klar\u0131 g\u00fcvence kapsam\u0131ndan \u00e7\u0131karmay\u0131 d\u00fc\u015f\u00fcn\u00fcyorlar&#8221; dedi. E\u015fba\u015fkanlar ayr\u0131ca sa\u011fl\u0131k emek\u00e7ileri \u00fczerindeki artan \u015fiddet vakalar\u0131n\u0131n da h\u00fck\u00fcmet politikalar\u0131ndan kaynakl\u0131 oldu\u011funu vurgulad\u0131.<\/p>\n<p><strong>ANKARA\/ ANF<\/strong><\/p>\n","protected":false},"excerpt":{"rendered":"<p>\u00d6ZG\u00dcR G\u00dcNDEM &#8211; 10 OCAK 2015 Sa\u011fl\u0131k tamamen paral\u0131 hale geldi. SES e\u015fba\u015fkanlar\u0131, bir yandan sadaka k\u00fclt\u00fcr\u00fcn\u00fcn yayg\u0131nla\u015ft\u0131r\u0131ld\u0131\u011f\u0131n\u0131 di\u011fer yandan&#46;&#46;&#46;<\/p>\n","protected":false},"author":1,"featured_media":0,"comment_status":"closed","ping_status":"closed","sticky":false,"template":"","format":"standard","meta":{"_jetpack_memberships_contains_paid_content":false,"footnotes":""},"categories":[63],"tags":[],"class_list":["post-4593","post","type-post","status-publish","format-standard","hentry","category-basinda-saglik"],"aioseo_notices":[],"jetpack_featured_media_url":"","jetpack_sharing_enabled":true,"jetpack-related-posts":[],"_links":{"self":[{"href":"http:\/\/www.ced.org.tr\/index.php?rest_route=\/wp\/v2\/posts\/4593","targetHints":{"allow":["GET"]}}],"collection":[{"href":"http:\/\/www.ced.org.tr\/index.php?rest_route=\/wp\/v2\/posts"}],"about":[{"href":"http:\/\/www.ced.org.tr\/index.php?rest_route=\/wp\/v2\/types\/post"}],"author":[{"embeddable":true,"href":"http:\/\/www.ced.org.tr\/index.php?rest_route=\/wp\/v2\/users\/1"}],"replies":[{"embeddable":true,"href":"http:\/\/www.ced.org.tr\/index.php?rest_route=%2Fwp%2Fv2%2Fcomments&post=4593"}],"version-history":[{"count":1,"href":"http:\/\/www.ced.org.tr\/index.php?rest_route=\/wp\/v2\/posts\/4593\/revisions"}],"predecessor-version":[{"id":4594,"href":"http:\/\/www.ced.org.tr\/index.php?rest_route=\/wp\/v2\/posts\/4593\/revisions\/4594"}],"wp:attachment":[{"href":"http:\/\/www.ced.org.tr\/index.php?rest_route=%2Fwp%2Fv2%2Fmedia&parent=4593"}],"wp:term":[{"taxonomy":"category","embeddable":true,"href":"http:\/\/www.ced.org.tr\/index.php?rest_route=%2Fwp%2Fv2%2Fcategories&post=4593"},{"taxonomy":"post_tag","embeddable":true,"href":"http:\/\/www.ced.org.tr\/index.php?rest_route=%2Fwp%2Fv2%2Ftags&post=4593"}],"curies":[{"name":"wp","href":"https:\/\/api.w.org\/{rel}","templated":true}]}}