{"id":4598,"date":"2015-01-12T14:29:05","date_gmt":"2015-01-12T12:29:05","guid":{"rendered":"http:\/\/www.ced.org.tr\/?p=4598"},"modified":"2015-01-12T14:29:05","modified_gmt":"2015-01-12T12:29:05","slug":"reklamlarda-yeni-donem","status":"publish","type":"post","link":"http:\/\/www.ced.org.tr\/?p=4598","title":{"rendered":"Reklamlarda yeni d\u00f6nem"},"content":{"rendered":"<p>H\u00dcRR\u0130YET &#8211; 11 OCAK 2015<\/p>\n<p><strong>Erdin\u00e7 \u00c7EL\u0130KKAN<\/strong><\/p>\n<p>Reklamlarda, rakiplere ait isim, marka, logo veya di\u011fer ay\u0131rt edici \u015fekil veya ifadeler ile ticaret unvan\u0131 veya i\u015fletme adlar\u0131na, belirtilen h\u00fck\u00fcmlere uygun olmas\u0131 ko\u015fuluyla yer verilebilecek. Doktor, veteriner ya da eczac\u0131lar da reklamlarda herhangi bir mal\u0131 tavsiye edemeyecek.<\/p>\n<p>G\u00dcMR\u00dcK ve Ticaret Bakanl\u0131\u011f\u0131\u2019n\u0131n haz\u0131rlad\u0131\u011f\u0131 Ticari Reklam ve Haks\u0131z Ticari Uygulamalar Y\u00f6netmeli\u011fi, Resmi Gazete\u2019de yay\u0131mland\u0131. Y\u00f6netmelikle, reklam veren, reklam ajanslar\u0131, mecra kurulu\u015flar\u0131 ve reklamc\u0131l\u0131k ile ilgili t\u00fcm ki\u015fi, kurum ve kurulu\u015flar ile ticari uygulamada bulunanlar\u0131n uymas\u0131 gereken ilkeler, esaslar ve t\u00fcketicilerin korunmas\u0131 ama\u00e7lan\u0131yor. Aldat\u0131c\u0131 ve yan\u0131lt\u0131c\u0131 olmamak, haks\u0131z rekabete yol a\u00e7mamak, kar\u015f\u0131la\u015ft\u0131r\u0131lan mal veya hizmetlerin ayn\u0131 nitelikte olmas\u0131 ve ayn\u0131 istek ya da ihtiyaca cevap vermesi, t\u00fcketiciye fayda sa\u011flayacak bir hususun kar\u015f\u0131la\u015ft\u0131r\u0131lmas\u0131 gibi ko\u015fullarla kar\u015f\u0131la\u015ft\u0131rmal\u0131 reklam yap\u0131labilecek. Kar\u015f\u0131la\u015ft\u0131rmal\u0131 reklamlarda, rakiplere ait isim, marka, logo veya di\u011fer ay\u0131rt edici \u015fekil veya ifadeler ile ticaret unvan\u0131 veya i\u015fletme adlar\u0131na, belirtilen h\u00fck\u00fcmlere uygun olmas\u0131 ko\u015fuluyla yer verilebilecek. Takviye edici g\u0131dalar\u0131n kar\u015f\u0131la\u015ft\u0131rmal\u0131 reklam\u0131 yap\u0131lamayacak.Kar\u015f\u0131la\u015ft\u0131rmal\u0131 reklam d\u00fczenlemesi 1 y\u0131l sonra y\u00fcr\u00fcrl\u00fc\u011fe girecek.<\/p>\n<p>Reklamlardaki do\u011frulanabilir olgularla ilgili tan\u0131mlama, iddia ya da \u00f6rnekli anlat\u0131mlar; \u00fcniversitelerin ilgili b\u00f6l\u00fcmlerinden veya akredite test ve de\u011ferlendirme kurulu\u015flar\u0131ndan veya ba\u011f\u0131ms\u0131z ara\u015ft\u0131rma kurulu\u015flar\u0131ndan raporlar ile kan\u0131tlanmak zorunda. Raporlar\u0131n \u00fcniversitelerin ilgili b\u00f6l\u00fcmlerince veya akredite test kurulu\u015flar\u0131nca teyit edilmesi gerekecek.<\/p>\n<p><strong>Falc\u0131 medyum astrolog reklam\u0131 yasak<\/strong><\/p>\n<p>FALCI, medyum, astrolog ve benzerlerinin hi\u00e7bir \u015fekilde reklam\u0131 yap\u0131lamayacak.<\/p>\n<p>Kira yoluyla veya taksitle sat\u0131\u015f \u015fartlar\u0131n\u0131 i\u00e7eren reklamlarda; pe\u015fin fiyat, teminat, \u00f6deme takvimi, faiz, toplam maliyet ya da di\u011fer sat\u0131\u015f \u015fartlar\u0131 t\u00fcketicileri yan\u0131ltamayacak.<\/p>\n<p>Konut veya tatil ama\u00e7l\u0131 ta\u015f\u0131nmaz reklamlar\u0131nda fiyata yer verilmesi halinde ba\u011f\u0131ms\u0131z b\u00f6l\u00fcm\u00fcn br\u00fct ve net alanlar\u0131n g\u00f6sterilmesi zorunlu olacak.<\/p>\n<p>Bir mal\u0131n i\u00e7eri\u011finde, genel dini hassasiyetlere ayk\u0131r\u0131 bir bile\u015fenin do\u011frudan veya dolayl\u0131 kullan\u0131lmas\u0131 halinde, bu husus a\u00e7\u0131k\u00e7a belirtilecek.<\/p>\n<p><strong>REKLAM \u0130\u00c7ER\u0130\u011e\u0130 NASIL OLACAK<\/strong><\/p>\n<p>* Reklamlar, genel ahlak kurallar\u0131na ayk\u0131r\u0131 ifade ya da g\u00f6r\u00fcnt\u00fcler i\u00e7eremeyecek.<\/p>\n<p>* Kamu sa\u011fl\u0131\u011f\u0131n\u0131 bozucu nitelikte olamayacak<\/p>\n<p>* Kamu d\u00fczenini bozan, \u015fiddet hareketleri ile yasad\u0131\u015f\u0131 unsur i\u00e7ermeyecek.<\/p>\n<p>* Hasta, \u00e7ocuk, ya\u015fl\u0131 ve engellileri istismar edici ifadeye yer verilmeyecek.<\/p>\n<p>* Toplumu endi\u015feye sevk edici hastal\u0131k ve benzeri bir durumla ilgili ifade olmayacak.<\/p>\n<p>* G\u00fcvenlik a\u00e7\u0131s\u0131ndan tehlike olu\u015fturabilecek uygulama i\u00e7eremeyecek.<\/p>\n<p>* Bi\u00e7imi ve yay\u0131nland\u0131\u011f\u0131 mecra ne olursa olsun bir reklam\u0131n, reklam oldu\u011fu a\u00e7\u0131k\u00e7a anla\u015f\u0131lacak.<\/p>\n<p>* Reklamlar, hi\u00e7bir konuda t\u00fcketiciyi do\u011frudan veya dolayl\u0131 olarak yan\u0131ltabilecek ifade i\u00e7eremeyecek.<\/p>\n<p><strong>YEN\u0130 Y\u00d6NETMEL\u0130K NE GET\u0130R\u0130YOR<\/strong><\/p>\n<p>\u0130ndirim reklamlar\u0131: \u0130ndirimli sat\u0131\u015f\u0131n ba\u015flang\u0131\u00e7 ve biti\u015f tarihleri ile indirimli mal veya hizmetin miktar\u0131 s\u0131n\u0131rl\u0131 ise bu miktar\u0131n anla\u015f\u0131l\u0131r bi\u00e7imde belirtilmesi zorunlu olacak.<\/p>\n<p>Doktor ve di\u015fhekimi yasak: Reklamlarda, doktor, di\u015f hekimi, veteriner hekim ve eczac\u0131lar ile sa\u011fl\u0131k kurulu\u015flar\u0131n\u0131n bir mal veya hizmete y\u00f6nelik sa\u011fl\u0131k beyan\u0131nda bulundu\u011funa ili\u015fkin ya da bu izlenimi uyand\u0131ran herhangi bir g\u00f6r\u00fcnt\u00fc, beyan veya atfa yer verilemeyecek.<\/p>\n<p>\u00d6rt\u00fcl\u00fc reklam: Her t\u00fcrl\u00fc \u00f6rt\u00fcl\u00fc reklam yap\u0131lmas\u0131 yasak olacak. Haber verme, yayma ve bilgi alma hakk\u0131 \u00e7er\u00e7evesindeki yaz\u0131, haber, yay\u0131n veya programlar\u0131n t\u00fcketicilerin ayd\u0131nlanma ve bilgilenme ihtiyac\u0131n\u0131 kar\u015f\u0131lamas\u0131; tercihlerini bilin\u00e7li y\u00f6nlendirebilecek mal veya hizmetlere y\u00f6nelik \u00f6zel tan\u0131t\u0131c\u0131 at\u0131flar yap\u0131larak mal veya hizmetlerin kiralanmas\u0131n\u0131n veya sat\u0131n al\u0131nmas\u0131n\u0131n te\u015fvik edilmemesi ko\u015fullar\u0131 dikkate al\u0131nacak.<\/p>\n<p>\u00c7ocuklar i\u00e7in koruma: Reklamlar, hedef kitlesindeki \u00e7ocuklar\u0131n ya\u015f grubunun \u00f6zellikleri dikkate al\u0131narak, \u00e7ocuklarda ger\u00e7ek d\u0131\u015f\u0131 beklentilere neden olan veya kurgu ile ger\u00e7eklik aras\u0131ndaki fark\u0131 ay\u0131rt etmeyi zorla\u015ft\u0131ran unsurlar i\u00e7eremeyecek.<\/p>\n","protected":false},"excerpt":{"rendered":"<p>H\u00dcRR\u0130YET &#8211; 11 OCAK 2015 Erdin\u00e7 \u00c7EL\u0130KKAN Reklamlarda, rakiplere ait isim, marka, logo veya di\u011fer ay\u0131rt edici \u015fekil veya ifadeler&#46;&#46;&#46;<\/p>\n","protected":false},"author":1,"featured_media":0,"comment_status":"closed","ping_status":"closed","sticky":false,"template":"","format":"standard","meta":{"_jetpack_memberships_contains_paid_content":false,"footnotes":""},"categories":[63],"tags":[],"class_list":["post-4598","post","type-post","status-publish","format-standard","hentry","category-basinda-saglik"],"aioseo_notices":[],"jetpack_featured_media_url":"","jetpack_sharing_enabled":true,"jetpack-related-posts":[],"_links":{"self":[{"href":"http:\/\/www.ced.org.tr\/index.php?rest_route=\/wp\/v2\/posts\/4598","targetHints":{"allow":["GET"]}}],"collection":[{"href":"http:\/\/www.ced.org.tr\/index.php?rest_route=\/wp\/v2\/posts"}],"about":[{"href":"http:\/\/www.ced.org.tr\/index.php?rest_route=\/wp\/v2\/types\/post"}],"author":[{"embeddable":true,"href":"http:\/\/www.ced.org.tr\/index.php?rest_route=\/wp\/v2\/users\/1"}],"replies":[{"embeddable":true,"href":"http:\/\/www.ced.org.tr\/index.php?rest_route=%2Fwp%2Fv2%2Fcomments&post=4598"}],"version-history":[{"count":1,"href":"http:\/\/www.ced.org.tr\/index.php?rest_route=\/wp\/v2\/posts\/4598\/revisions"}],"predecessor-version":[{"id":4599,"href":"http:\/\/www.ced.org.tr\/index.php?rest_route=\/wp\/v2\/posts\/4598\/revisions\/4599"}],"wp:attachment":[{"href":"http:\/\/www.ced.org.tr\/index.php?rest_route=%2Fwp%2Fv2%2Fmedia&parent=4598"}],"wp:term":[{"taxonomy":"category","embeddable":true,"href":"http:\/\/www.ced.org.tr\/index.php?rest_route=%2Fwp%2Fv2%2Fcategories&post=4598"},{"taxonomy":"post_tag","embeddable":true,"href":"http:\/\/www.ced.org.tr\/index.php?rest_route=%2Fwp%2Fv2%2Ftags&post=4598"}],"curies":[{"name":"wp","href":"https:\/\/api.w.org\/{rel}","templated":true}]}}