{"id":4615,"date":"2015-01-23T16:23:06","date_gmt":"2015-01-23T14:23:06","guid":{"rendered":"http:\/\/www.ced.org.tr\/?p=4615"},"modified":"2015-01-23T16:23:06","modified_gmt":"2015-01-23T14:23:06","slug":"tmmob-yalniz-kalmayacak","status":"publish","type":"post","link":"http:\/\/www.ced.org.tr\/?p=4615","title":{"rendered":"TMMOB yaln\u0131z kalmayacak"},"content":{"rendered":"<p><strong>23 Ocak 2015 Cuma<\/strong><\/p>\n<p><strong>Bas\u0131ndan<\/strong><\/p>\n<p><strong>EVRENSEL, 22 Ocak 2015<\/strong><\/p>\n<p>TBMM&#8217;nin g\u00fcndemine gelmesi planlanan kamusal alanlara el koymay\u0131 ve TMMOB&#8217;yi etkisizle\u015ftirmeyi ama\u00e7layan torba yasa tasla\u011f\u0131na kar\u015f\u0131 meslek odas\u0131 ve sendikalar destek verdi<\/p>\n<p><strong>AKP&#8217;N\u0130N HEDEF\u0130NDEK\u0130 TMMOB&#8217;A DESTEK: TMMOB yaln\u0131z kalmayacak<\/strong><\/p>\n<p>TBMM&#8217;nin g\u00fcndemine gelmesi planlanan kamusal alanlara el koymay\u0131 ve TMMOB&#8217;yi etkisizle\u015ftirmeyi ama\u00e7layan torba yasa tasla\u011f\u0131na kar\u015f\u0131 \u0130stanbul Meslek Odalar\u0131 Koordinasyonu (\u0130MOK) tepki g\u00f6sterdi. Taxim Hill Otel&#8217;de yap\u0131lan bas\u0131n toplant\u0131s\u0131nda meslek odalar\u0131, TMMOB&#8217;un kamusal alanlar\u0131n, ormanlar\u0131n, k\u0131y\u0131lar\u0131n, meralar\u0131n ya\u011fmalamas\u0131n\u0131n \u00f6n\u00fcnde durdu\u011fu i\u00e7in hedef al\u0131nd\u0131\u011f\u0131n\u0131 s\u00f6yledi.<\/p>\n<p><strong>TMMOB AKP&#8217;N\u0130N HEDEF\u0130NDE<\/strong><\/p>\n<p>Burada konu\u015fan \u0130stanbul Serbest Muhasebeci Mali M\u00fc\u015favirler Odas\u0131 (\u0130SMMMO) Mesleki Uygulamalar\u0131 Denetleme Kurulu Ba\u015fkan\u0131 Kaz\u0131m Mermer, &#8220;24 yasada de\u011fi\u015fiklik \u00f6ng\u00f6r\u00fclen taslak ile in\u015faat sekt\u00f6r\u00fcndeki d\u00fczenlemeler sonucu rant sa\u011flanmak isteniyor. Torba yasa ile paras\u0131 olana imar hakk\u0131 getiriliyor&#8221; dedi. AKP&#8217;nin, TMMOB&#8217;yi rant politikalar\u0131 \u00f6n\u00fcnde engel olarak g\u00f6rd\u00fc\u011f\u00fcn\u00fc ifade eden Mermer, &#8220;\u00c7\u00fcnk\u00fc TMMOB ve Odalar\u0131 &#8216;Kentsel d\u00f6n\u00fc\u015f\u00fcm&#8217; ad\u0131 alt\u0131ndaki &#8216;Rantsal d\u00f6n\u00fc\u015f\u00fcme&#8217; kar\u015f\u0131 \u00e7\u0131kt\u0131. TMMOB yay\u0131nlad\u0131\u011f\u0131 raporlar, bas\u0131n a\u00e7\u0131klamalar\u0131, a\u00e7t\u0131\u011f\u0131 davalarla AKP&#8217;nin ormanlar\u0131, k\u0131y\u0131lar\u0131, meralar\u0131 yani suyumuzu, topra\u011f\u0131m\u0131z\u0131 ya\u011fmalamas\u0131n\u0131n \u00f6n\u00fcnde durdu&#8221; dedi. Tayyip Erdo\u011fan&#8217;\u0131n &#8220;\u0130\u015f yapmam\u0131z\u0131 engelliyorlar&#8221; s\u00f6z\u00fcn\u00fc hat\u0131rlatan Mermer, &#8216;Ancak \u015funu bilmeliler ki; m\u00fchendislik, mimarl\u0131k, \u015fehir planc\u0131l\u0131\u011f\u0131, rant ve rekabete g\u00f6re d\u00fczenlenmez&#8221; diye konu\u015ftu.<\/p>\n<p><strong>&#8216;DAVA A\u00c7MA HAKKIMIZI ENGELLEMEK \u0130ST\u0130YORLAR&#8217;<\/strong><\/p>\n<p>TMMOB \u0130stanbul \u0130l Koordinasyon Kurulu Sekreteri S\u00fcleyman Solmaz, &#8220;Ben \u00e7ocukken Kumburgaz&#8217;a gidip denize girerdik. Ama \u015fimdi toplumun k\u0131y\u0131lar\u0131 kullanmas\u0131n\u0131 imkans\u0131z hale getirdiler&#8221; diyerek k\u0131y\u0131 kanunda yap\u0131lan de\u011fi\u015fiklik ile k\u0131y\u0131lar\u0131n yap\u0131la\u015fmaya a\u00e7\u0131ld\u0131\u011f\u0131na dikkat \u00e7ekti. Gaziosmanpa\u015fa Sar\u0131g\u00f6l Mahallesi&#8217;nde bulunan Karl\u0131tepe Mezarl\u0131\u011f\u0131&#8217;n\u0131n &#8220;riskli alan&#8221; ilan edilmesine de dikkat \u00e7eken Solmaz, &#8220;Mezarl\u0131\u011f\u0131 riskli alan ilan ettiler \u00e7\u00fcnk\u00fc kar\u015f\u0131s\u0131nda Vialand var&#8221; dedi. Solmaz, &#8220;Biz TMMOB olarak b\u00f6yle durumlarda dava a\u00e7abiliyorduk. Gezi Park\u0131&#8217;nda da 2011&#8217;den 2013&#8217;e kadar hukuk m\u00fccadelemizi verdik ve kazand\u0131k. Ancak \u015fimdi bizim dava a\u00e7ma hakk\u0131m\u0131z\u0131 engellemek istiyorlar&#8221; diye konu\u015ftu.<\/p>\n<p><strong>&#8216;AKP BETON \u0130MPARATORLU\u011eU YARATIYOR&#8217;<\/strong><\/p>\n<p>\u0130stanbul Barosu Ba\u015fkan\u0131 \u00dcmit Kocasakal, &#8220;Hukuk devletinde kanunlar toplum \u00e7\u0131kar\u0131 i\u00e7in yap\u0131l\u0131r. Siyasi ve ticari \u00e7\u0131kar i\u00e7in yasa yap\u0131lmaz. T\u00fcrkiye&#8217;de hukuk atom bombas\u0131 gibi kanunlar da oyuncak gibi kullan\u0131l\u0131yor. AKP beton imparatorlu\u011fu kuruyor ve TMMOB siyasi iktidar\u0131 rahats\u0131z etmi\u015f g\u00f6r\u00fcn\u00fcyor&#8221; dedi. \u0130SMMMO Ba\u015fkan\u0131 Prof. Dr. Yahya Ar\u0131kan da, tasar\u0131yla meslek odalar\u0131n\u0131n sindirilmek istendi\u011finin alt\u0131n\u0131 \u00e7izerek, &#8220;T\u00fcm demokratik ve toplumsal haklar\u0131m\u0131z\u0131 sonuna kadar kullanaca\u011f\u0131z&#8221; dedi. A\u00e7\u0131klamaya, TMMOB&#8217;a ba\u011fl\u0131 odalar\u0131n yan\u0131 s\u0131ra, \u0130stanbul Veteriner Hekimler Odas\u0131, \u0130stanbul Tabip Odas\u0131, \u0130stanbul Serbest Muhasebeci Mali M\u00fc\u015favirler Odas\u0131, \u0130stanbul Eczac\u0131lar Odas\u0131, \u0130stanbul Di\u015f Hekimleri Odas\u0131 ve \u0130stanbul Barosu ba\u015fkanlar\u0131 kat\u0131ld\u0131. A\u00e7\u0131klaman\u0131n ard\u0131ndan kat\u0131l\u0131mc\u0131lar, &#8220;\u00dclkemize, meslek odalar\u0131m\u0131za sahip \u00e7\u0131k\u0131yoruz&#8221; diyerek, &#8220;TMMOB susturulamaz&#8221; yaz\u0131l\u0131 \u00f6nl\u00fckler giydi. <strong>(\u0130stanbul\/EVRENSEL)<\/strong><\/p>\n<p><strong>SEND\u0130KA YE ODALARDAN TMMOB&#8217;A DESTEK Z\u0130YARET\u0130<\/strong><\/p>\n<p>KESK, D\u0130SK ve TTB, h\u00fck\u00fcmetin yasa ve y\u00f6netmelik de\u011fi\u015fiklikleriyle bask\u0131 alt\u0131na almaya \u00e7al\u0131\u015ft\u0131\u011f\u0131 TMMOB&#8217;a destek ziyareti ger\u00e7ekle\u015ftirdi. Ziyarette \u00f6rg\u00fctler ad\u0131na konu\u015fan KESK Ankara \u015eubeler Platformu D\u00f6nem S\u00f6zc\u00fcs\u00fc Mevl\u00fct \u00c7akmak, &#8220;Verdi\u011fi m\u00fccadeleyle sermaye ve AKP&#8217;nin TMMOB&#8217;u istemesini anlayabilir, ancak asla kabul edemeyiz. TMMOB, KESK&#8217;tir, D\u0130SK&#8217;tir ve TTB&#8217;dir. AKP&#8217;nin halka, eme\u011fe kar\u015f\u0131 tutumunu iyi bildiklerinin alt\u0131n\u0131 \u00e7izen \u00c7akmak, &#8220;AKP ya kendine yanda\u015f yap\u0131yor, ya da yanda\u015f yapamad\u0131\u011f\u0131n\u0131 bask\u0131 ve sindirme politikalar\u0131yla susturmaya \u00e7al\u0131\u015f\u0131yor&#8221; diye konu\u015ftu.<strong>(Ankara\\EVRENSEL)<\/strong><\/p>\n","protected":false},"excerpt":{"rendered":"<p>23 Ocak 2015 Cuma Bas\u0131ndan EVRENSEL, 22 Ocak 2015 TBMM&#8217;nin g\u00fcndemine gelmesi planlanan kamusal alanlara el koymay\u0131 ve TMMOB&#8217;yi etkisizle\u015ftirmeyi&#46;&#46;&#46;<\/p>\n","protected":false},"author":1,"featured_media":0,"comment_status":"closed","ping_status":"closed","sticky":false,"template":"","format":"standard","meta":{"_jetpack_memberships_contains_paid_content":false,"footnotes":""},"categories":[1],"tags":[],"class_list":["post-4615","post","type-post","status-publish","format-standard","hentry","category-ced"],"aioseo_notices":[],"jetpack_featured_media_url":"","jetpack_sharing_enabled":true,"jetpack-related-posts":[],"_links":{"self":[{"href":"http:\/\/www.ced.org.tr\/index.php?rest_route=\/wp\/v2\/posts\/4615","targetHints":{"allow":["GET"]}}],"collection":[{"href":"http:\/\/www.ced.org.tr\/index.php?rest_route=\/wp\/v2\/posts"}],"about":[{"href":"http:\/\/www.ced.org.tr\/index.php?rest_route=\/wp\/v2\/types\/post"}],"author":[{"embeddable":true,"href":"http:\/\/www.ced.org.tr\/index.php?rest_route=\/wp\/v2\/users\/1"}],"replies":[{"embeddable":true,"href":"http:\/\/www.ced.org.tr\/index.php?rest_route=%2Fwp%2Fv2%2Fcomments&post=4615"}],"version-history":[{"count":1,"href":"http:\/\/www.ced.org.tr\/index.php?rest_route=\/wp\/v2\/posts\/4615\/revisions"}],"predecessor-version":[{"id":4616,"href":"http:\/\/www.ced.org.tr\/index.php?rest_route=\/wp\/v2\/posts\/4615\/revisions\/4616"}],"wp:attachment":[{"href":"http:\/\/www.ced.org.tr\/index.php?rest_route=%2Fwp%2Fv2%2Fmedia&parent=4615"}],"wp:term":[{"taxonomy":"category","embeddable":true,"href":"http:\/\/www.ced.org.tr\/index.php?rest_route=%2Fwp%2Fv2%2Fcategories&post=4615"},{"taxonomy":"post_tag","embeddable":true,"href":"http:\/\/www.ced.org.tr\/index.php?rest_route=%2Fwp%2Fv2%2Ftags&post=4615"}],"curies":[{"name":"wp","href":"https:\/\/api.w.org\/{rel}","templated":true}]}}