{"id":4618,"date":"2015-01-23T16:24:05","date_gmt":"2015-01-23T14:24:05","guid":{"rendered":"http:\/\/www.ced.org.tr\/?p=4618"},"modified":"2015-01-23T16:24:05","modified_gmt":"2015-01-23T14:24:05","slug":"turkiyede-120-bin-kisi-agri-kesiciden-zehirlendi","status":"publish","type":"post","link":"http:\/\/www.ced.org.tr\/?p=4618","title":{"rendered":"T\u00fcrkiye\u2019de 120 bin ki\u015fi a\u011fr\u0131 kesiciden zehirlendi"},"content":{"rendered":"<p>STAR, 20 Ocak 2015<\/p>\n<p>Bilin\u00e7siz ila\u00e7 kullan\u0131m\u0131n\u0131n bilan\u00e7osu ortaya \u00e7\u0131kt\u0131. Sa\u011fl\u0131k Bakanl\u0131\u011f\u0131\u2019n\u0131n 2014 raporunda 120 bin ki\u015finin a\u011fr\u0131 kesiciler, grip ila\u00e7lar\u0131 ve antibiyotiklerden zehirlendi\u011fi kaydedildi.<\/p>\n<p>Sa\u011fl\u0131k Bakanl\u0131\u011f\u0131 Acil Sa\u011fl\u0131k Hizmetleri Genel M\u00fcd\u00fcrl\u00fc\u011f\u00fc\u2019ne ba\u011fl\u0131 Ulusal Zehir Dan\u0131\u015fma Merkezi\u2019ne (UZEM) yap\u0131lan ba\u015fvurularda zehirlenme rakamlar\u0131 belli oldu. 7\/24 hizmet veren \u201c114\u201d no\u2019lu hatta 2014 y\u0131l\u0131nda 173 bin 810 ba\u015fvuru yap\u0131ld\u0131. Bu ba\u015fvurular\u0131n 119 bin 260\u2019\u0131n\u0131 zehirlenme vakalar\u0131, 36 bin 638\u2019ini bilgi ve di\u011fer konular ile ilgili bilgi ba\u015fvurular\u0131 olu\u015fturdu.<\/p>\n<p><strong>Y\u00fczde 37\u2019si kazara<\/strong><\/p>\n<p>Zehirlenme nedenlerinin ba\u015f\u0131nda kaza ile zehirlenmeler geliyor. Vakalar\u0131n y\u00fczde 37.82\u2019si kaza, y\u00fczde 0.17\u2019si iyatrojenik (ilac\u0131n hastada olu\u015fturdu\u011fu yan etki), y\u00fczde 0.03\u2019\u00fc mesleki, y\u00fczde 0.02\u2019si \u00e7evresel, y\u00fczde 2.30\u2019u yanl\u0131\u015f kullan\u0131ma ba\u011fl\u0131 olarak ger\u00e7ekle\u015fti. En s\u0131k kar\u015f\u0131la\u015f\u0131lan zehirlenme ajanlar\u0131 be\u015feri ila\u00e7lar. Evde kullan\u0131lan ve\/veya mesleki kullan\u0131m\u0131 olan kimyasallarla zehirlenmelere de y\u00fcksek oranda rastlan\u0131yor. \u0130la\u00e7la zehirlenmelerde a\u011fr\u0131 kesiciler ilk s\u0131rada yer ald\u0131. So\u011fuk alg\u0131nl\u0131\u011f\u0131 ila\u00e7lar\u0131, antibiyotikler, kalp ve tansiyon ila\u00e7lar\u0131 da zehirlenmelere neden oldu. B\u00f6lgelere g\u00f6re UZEM\u2019e yap\u0131lan en \u00e7ok ba\u015fvuru ile Marmara B\u00f6lgesi ilk s\u0131rada yer al\u0131rken bunu \u0130\u00e7 Anadolu B\u00f6lgesi, Ege B\u00f6lgesi, Akdeniz B\u00f6lgesi, Karadeniz B\u00f6lgesi, G\u00fcneydo\u011fu Anadolu B\u00f6lgesi ve son olarak da Do\u011fu Anadolu B\u00f6lgesi izledi.<\/p>\n<p><strong>Her zehrin panzehiri yok!<\/strong><\/p>\n<p>Zehirlenme vakalar\u0131n\u0131 de\u011ferlendiren Sa\u011fl\u0131k Bakanl\u0131\u011f\u0131 Acil Sa\u011fl\u0131k Hizmetleri Genel M\u00fcd\u00fcr\u00fc Do\u00e7. Dr. Osman Ar\u0131kan Nacar, \u201cUZEM\u2019de \u00f6zellikle gebe kad\u0131nlar\u0131n zehirlenmelerinde uygulanan \u00f6zel bir hizmet veriliyor\u201d dedi. Her zehirlenme ajan\u0131na ait panzehir bulunmad\u0131\u011f\u0131n\u0131 ifade eden Nacar \u015f\u00f6yle devam etti: \u201cGerekli g\u00f6r\u00fclen durumlarda panzehir temin ediliyor. 15 B\u00f6lge stok merkezi, 112 Komuta Merkezleri ve gerekti\u011fi durumlarda hava ambulans\u0131 kullan\u0131larak panzehirler ihtiya\u00e7 olan merkezlere ula\u015ft\u0131r\u0131lmaktad\u0131r.\u201d<\/p>\n<p><strong>Ahmet Fatih Erturan<\/strong><\/p>\n<p>&nbsp;<\/p>\n","protected":false},"excerpt":{"rendered":"<p>STAR, 20 Ocak 2015 Bilin\u00e7siz ila\u00e7 kullan\u0131m\u0131n\u0131n bilan\u00e7osu ortaya \u00e7\u0131kt\u0131. Sa\u011fl\u0131k Bakanl\u0131\u011f\u0131\u2019n\u0131n 2014 raporunda 120 bin ki\u015finin a\u011fr\u0131 kesiciler, grip&#46;&#46;&#46;<\/p>\n","protected":false},"author":1,"featured_media":0,"comment_status":"closed","ping_status":"closed","sticky":false,"template":"","format":"standard","meta":{"_jetpack_memberships_contains_paid_content":false,"footnotes":""},"categories":[62],"tags":[],"class_list":["post-4618","post","type-post","status-publish","format-standard","hentry","category-sagliktan-haberler"],"aioseo_notices":[],"jetpack_featured_media_url":"","jetpack_sharing_enabled":true,"jetpack-related-posts":[],"_links":{"self":[{"href":"http:\/\/www.ced.org.tr\/index.php?rest_route=\/wp\/v2\/posts\/4618","targetHints":{"allow":["GET"]}}],"collection":[{"href":"http:\/\/www.ced.org.tr\/index.php?rest_route=\/wp\/v2\/posts"}],"about":[{"href":"http:\/\/www.ced.org.tr\/index.php?rest_route=\/wp\/v2\/types\/post"}],"author":[{"embeddable":true,"href":"http:\/\/www.ced.org.tr\/index.php?rest_route=\/wp\/v2\/users\/1"}],"replies":[{"embeddable":true,"href":"http:\/\/www.ced.org.tr\/index.php?rest_route=%2Fwp%2Fv2%2Fcomments&post=4618"}],"version-history":[{"count":1,"href":"http:\/\/www.ced.org.tr\/index.php?rest_route=\/wp\/v2\/posts\/4618\/revisions"}],"predecessor-version":[{"id":4619,"href":"http:\/\/www.ced.org.tr\/index.php?rest_route=\/wp\/v2\/posts\/4618\/revisions\/4619"}],"wp:attachment":[{"href":"http:\/\/www.ced.org.tr\/index.php?rest_route=%2Fwp%2Fv2%2Fmedia&parent=4618"}],"wp:term":[{"taxonomy":"category","embeddable":true,"href":"http:\/\/www.ced.org.tr\/index.php?rest_route=%2Fwp%2Fv2%2Fcategories&post=4618"},{"taxonomy":"post_tag","embeddable":true,"href":"http:\/\/www.ced.org.tr\/index.php?rest_route=%2Fwp%2Fv2%2Ftags&post=4618"}],"curies":[{"name":"wp","href":"https:\/\/api.w.org\/{rel}","templated":true}]}}