{"id":4621,"date":"2015-01-23T16:34:45","date_gmt":"2015-01-23T14:34:45","guid":{"rendered":"http:\/\/www.ced.org.tr\/?p=4621"},"modified":"2015-01-23T16:34:45","modified_gmt":"2015-01-23T14:34:45","slug":"cekilen-acilar-bir-daha-yasanmasin","status":"publish","type":"post","link":"http:\/\/www.ced.org.tr\/?p=4621","title":{"rendered":"\u00c7ekilen Ac\u0131lar Bir Daha Ya\u015fanmas\u0131n"},"content":{"rendered":"<p><a href=\"http:\/\/www.ced.org.tr\/wp-content\/uploads\/2015\/01\/Clipboard01.jpg\"><img loading=\"lazy\" decoding=\"async\" class=\"alignleft wp-image-4622 size-full\" src=\"http:\/\/www.ced.org.tr\/wp-content\/uploads\/2015\/01\/Clipboard01.jpg\" alt=\"Clipboard01\" width=\"167\" height=\"98\" \/><\/a>Bundan 92 y\u0131l \u00f6nce; 30 Ocak 1923 tarihinde,\u00a0 T\u00fcrkiye B\u00fcy\u00fck Millet Meclisi H\u00fck\u00fcmeti ile Yunan H\u00fck\u00fcmeti aras\u0131nda, T\u00fcrkiye\u2019de yerle\u015fik Rum-Ortodokslar ile Yunanistan\u2019da yerle\u015fik T\u00fcrk-M\u00fcsl\u00fcmanlar\u0131n zorunlu g\u00f6\u00e7\u00fcn\u00fc \u00f6ng\u00f6ren M\u00fcbadele S\u00f6zle\u015fmesi imzaland\u0131.<\/p>\n<p>Bu s\u00f6zle\u015fme ile yakla\u015f\u0131k 2.000.000 insan do\u011fduklar\u0131 topraklar\u0131 terk etmek zorunda kald\u0131.<\/p>\n<p>M\u00fcbadeleye tabi tutulanlar; y\u00fczlerce y\u0131ld\u0131r ekip-bi\u00e7tikleri topraklar\u0131n\u0131, ekmek paras\u0131 kazand\u0131klar\u0131 i\u015fyerlerini, evlerini, ibadet ettikleri kutsal mekanlar\u0131n\u0131, sevdiklerinin mezarlar\u0131n\u0131 geride b\u0131rakt\u0131lar.\u00a0 Limanlarda, tren istasyonlar\u0131nda kurulan \u00e7ad\u0131rlarda haftalarca, aylarca beklediler. \u00c7o\u011fu yolcu ta\u015f\u0131maya elveri\u015fsiz olan gemilerle olmak \u00fczere iki \u00fclke aras\u0131nda g\u00fcnler, haftalar s\u00fcren yolcuklar yapt\u0131lar.\u00a0 Bu uzun ve zahmetli yolculuk s\u0131ras\u0131nda ya\u015fam\u0131n\u0131 kaybeden yak\u0131nlar\u0131n\u0131 denize verdiler. Yetersiz beslenmeden ve k\u00f6t\u00fc fiziki ko\u015fullardan \u00f6t\u00fcr\u00fc hastalanarak \u00f6lenler oldu.\u00a0 Aileler da\u011f\u0131ld\u0131. Yeni vatanlar\u0131nda uzun s\u00fcre uyum g\u00fc\u00e7l\u00fc\u011f\u00fc \u00e7ektiler. Ac\u0131lar\u0131n\u0131 d\u0131\u015fa vurmad\u0131lar, anlatmad\u0131lar, aktarmad\u0131lar.<\/p>\n<p>Bu topraklarda ya\u015fayan halklar\u0131n ge\u00e7mi\u015finde y\u00fczlerce y\u0131ll\u0131k birlikte ya\u015fam deneyimi var. M\u00fcbadelenin 92. Y\u0131l d\u00f6n\u00fcm\u00fcnde Orta Do\u011fu&#8217;da, Balkanlar\u2019da, Ege Adalar\u0131&#8217;nda ve ya\u015fad\u0131\u011f\u0131m\u0131z co\u011frafyada \u00e7at\u0131\u015fma yerine bar\u0131\u015f, farkl\u0131 olan\u0131 s\u00fcrg\u00fcn yerine birlikte ya\u015fama ortam\u0131n\u0131n olu\u015fturulabilece\u011fine y\u00fcrekten inan\u0131yoruz.<\/p>\n<p>Sava\u015flarda ve g\u00f6\u00e7 yollar\u0131nda ya\u015fam\u0131n\u0131 yitirenleri bir kez daha sayg\u0131 ve rahmetle an\u0131yor, \u00e7ekilen ac\u0131lar bir daha ya\u015fanmas\u0131n diyoruz.<\/p>\n","protected":false},"excerpt":{"rendered":"<p>Bundan 92 y\u0131l \u00f6nce; 30 Ocak 1923 tarihinde,\u00a0 T\u00fcrkiye B\u00fcy\u00fck Millet Meclisi H\u00fck\u00fcmeti ile Yunan H\u00fck\u00fcmeti aras\u0131nda, T\u00fcrkiye\u2019de yerle\u015fik Rum-Ortodokslar&#46;&#46;&#46;<\/p>\n","protected":false},"author":1,"featured_media":4623,"comment_status":"closed","ping_status":"closed","sticky":false,"template":"","format":"standard","meta":{"_jetpack_memberships_contains_paid_content":false,"footnotes":""},"categories":[1],"tags":[],"class_list":["post-4621","post","type-post","status-publish","format-standard","has-post-thumbnail","hentry","category-ced"],"aioseo_notices":[],"jetpack_featured_media_url":"http:\/\/www.ced.org.tr\/wp-content\/uploads\/2015\/01\/Clipboard011.jpg","jetpack_sharing_enabled":true,"jetpack-related-posts":[],"_links":{"self":[{"href":"http:\/\/www.ced.org.tr\/index.php?rest_route=\/wp\/v2\/posts\/4621","targetHints":{"allow":["GET"]}}],"collection":[{"href":"http:\/\/www.ced.org.tr\/index.php?rest_route=\/wp\/v2\/posts"}],"about":[{"href":"http:\/\/www.ced.org.tr\/index.php?rest_route=\/wp\/v2\/types\/post"}],"author":[{"embeddable":true,"href":"http:\/\/www.ced.org.tr\/index.php?rest_route=\/wp\/v2\/users\/1"}],"replies":[{"embeddable":true,"href":"http:\/\/www.ced.org.tr\/index.php?rest_route=%2Fwp%2Fv2%2Fcomments&post=4621"}],"version-history":[{"count":1,"href":"http:\/\/www.ced.org.tr\/index.php?rest_route=\/wp\/v2\/posts\/4621\/revisions"}],"predecessor-version":[{"id":4624,"href":"http:\/\/www.ced.org.tr\/index.php?rest_route=\/wp\/v2\/posts\/4621\/revisions\/4624"}],"wp:featuredmedia":[{"embeddable":true,"href":"http:\/\/www.ced.org.tr\/index.php?rest_route=\/wp\/v2\/media\/4623"}],"wp:attachment":[{"href":"http:\/\/www.ced.org.tr\/index.php?rest_route=%2Fwp%2Fv2%2Fmedia&parent=4621"}],"wp:term":[{"taxonomy":"category","embeddable":true,"href":"http:\/\/www.ced.org.tr\/index.php?rest_route=%2Fwp%2Fv2%2Fcategories&post=4621"},{"taxonomy":"post_tag","embeddable":true,"href":"http:\/\/www.ced.org.tr\/index.php?rest_route=%2Fwp%2Fv2%2Ftags&post=4621"}],"curies":[{"name":"wp","href":"https:\/\/api.w.org\/{rel}","templated":true}]}}