{"id":4626,"date":"2015-01-20T16:35:34","date_gmt":"2015-01-20T14:35:34","guid":{"rendered":"http:\/\/www.ced.org.tr\/?p=4626"},"modified":"2015-01-23T16:37:07","modified_gmt":"2015-01-23T14:37:07","slug":"guney-korede-turkiyeye-gaz-satisi-protesto-edildi","status":"publish","type":"post","link":"http:\/\/www.ced.org.tr\/?p=4626","title":{"rendered":"G\u00fcney Kore\u2019de T\u00fcrkiye\u2019ye gaz sat\u0131\u015f\u0131 protesto edildi"},"content":{"rendered":"<div>\n<p>16.01.2015 &#8211; 14:11\u00a0D\u00fcnya<\/p>\n<\/div>\n<div>G\u00fcney Koreli Daekwang Kimya \u015firketinin T\u00fcrkiye\u2019ye gaz satmas\u0131, G\u00fcney Kore\u2019de protesto edildi. T\u00fcrk sermaye devleti ile kirli i\u015fbirli\u011fi yapan Daekwang Kimya\u2019n\u0131n y\u00f6neticisi ise timsah g\u00f6zya\u015flar\u0131 d\u00f6kerek \u2018yasaklan\u0131rsa satmay\u0131z\u2019 dedi.<\/div>\n<div>\n<div><a title=\"\" href=\"http:\/\/www.kizilbayrak.net\/uploads\/tx_news\/guney-kore-gaz-eylemi-AA.jpg\" target=\"_blank\" rel=\"lightbox[myImageSet]\"><img loading=\"lazy\" decoding=\"async\" class=\"CToWUd alignleft\" src=\"https:\/\/ci3.googleusercontent.com\/proxy\/PYY_YKfrKw55gnxCnAot7T5l4V04BcuzfGu2qGK5BucooakaTfpgJqJYLcG9yf9kgSTq3ahl0tLcVDzkH7Xd-nZ1-5WIgNqXASXOxxFBRpbwEm29MLqtJRwdjlkaG6e5bmfp8iB-5Qfjb2SBo_R-BC_c=s0-d-e1-ft#http:\/\/www.kizilbayrak.net\/typo3temp\/_processed_\/csm_guney-kore-gaz-eylemi-AA_e09890d158.jpg\" alt=\"\" width=\"282\" height=\"212\" \/><\/a><\/div>\n<\/div>\n<div>\n<p>T\u00fcrk sermaye devletinin 1.9 milyon gaz bombas\u0131 sipari\u015fi vermesi ile g\u00fcndeme gelen Daekwang Kimya \u015eirketi\u2019nin kirli ticareti, G\u00fcney Koreliler taraf\u0131ndan protesto edildi. Savunma Sanayi Tedarik Ofisi\u2019nin \u00f6n\u00fcnde yap\u0131lan eylemde, G\u00fcney Kore devletinin Daekwang Kimya\u2019n\u0131n T\u00fcrkiye\u2019ye gaz ihra\u00e7 etmesini engellemesi talep edildi. Haziran Direni\u015fi s\u0131ras\u0131nda bir\u00e7ok ki\u015finin T\u00fcrk polisinin att\u0131\u011f\u0131 gaz bombalar\u0131 nedeniyle hayat\u0131n\u0131 kaybetti\u011fine dikkat \u00e7eken eylemciler, Daekwang Kimya\u2019n\u0131n gaz bombas\u0131 ihrac\u0131na devam etmesi halinde bu gaz bombalar\u0131n\u0131n bir\u00e7ok insan\u0131n ya\u015fam\u0131na mal olmaya devam edece\u011fini belirtti.<\/p>\n<p>Konuyla ilgili yay\u0131mlad\u0131klar\u0131 bildiride G\u00fcney Kore\u2019nin OECD \u00fcyesi oldu\u011funu hat\u0131rlatan eylemciler, OECD \u00fclkelerinin yapt\u0131\u011f\u0131 anla\u015fmalara g\u00f6re sat\u0131lan silahlar\u0131n katliamlara sebep vermesi durumunda, silah sat\u0131\u015flar\u0131n\u0131n durdurulmas\u0131 gerekti\u011fini s\u00f6yledi. \u015eirket ile T\u00fcrk devleti aras\u0131ndaki kirli ticaretin durdurulmas\u0131n\u0131 talep eden sloganlar atan eylemciler, y\u00fczlerine de maske takt\u0131.<\/p>\n<p><b>\u2018Bizimkisi tehlikeli de\u011fil\u2019 yalan\u0131<\/b><\/p>\n<p>\u00d6te yandan Daekwang Kimya\u2019n\u0131n \u00fcst d\u00fczey y\u00f6neticilerinden Kim Jong-bae, bas\u0131na yapt\u0131\u011f\u0131 a\u00e7\u0131klamalarda timsah g\u00f6zya\u015flar\u0131 d\u00f6kt\u00fc. \u00dcr\u00fcnlerinin T\u00fcrkiye\u2019de ac\u0131lara sebep olmas\u0131ndan kaynakl\u0131 \u2018\u00fczg\u00fcn\u2019 olduklar\u0131n\u0131 s\u00f6yleyen Kim Jong-bae, 2013 y\u0131l\u0131nda ihracat\u0131 ask\u0131ya ald\u0131klar\u0131n\u0131 ancak T\u00fcrkiye\u2019nin bu s\u00fcre i\u00e7erisinde Brezilya ve ABD\u2019den gaz bombas\u0131 ald\u0131\u011f\u0131n\u0131 s\u00f6yledi.<\/p>\n<p><i>&#8220;En az tehlikesi olan gaz bombalar\u0131 asl\u0131nda bizim \u00fcrettiklerimiz&#8221;<\/i>\u00a0yalan\u0131n\u0131 savuran \u015firket yetkilisi, T\u00fcrkiye\u2019ye gaz bombas\u0131n\u0131n sat\u0131\u015f\u0131n\u0131n engellenmesi halinde buna haz\u0131r olduklar\u0131n\u0131 s\u00f6yledi.<\/p>\n<p><b>Savunma Sanayi Tedarik Ofisi\u2019nden a\u00e7\u0131klama<\/b><\/p>\n<p>Savunma Sanayi Tedarik Ofisi\u2019nden yetkililer ise s\u00f6z konusu sat\u0131\u015f\u0131n iki \u00fclke aras\u0131nda probleme neden olmas\u0131ndan endi\u015fe ettiklerini s\u00f6yledi. \u2018OECD \u00fclkesi ABD\u2019den de T\u00fcrkiye\u2019ye gaz sat\u0131\u015f\u0131 yap\u0131ld\u0131\u011f\u0131\u2019 \u015feklinde kirli ticareti savunan yetkili, Haziran Direni\u015fi s\u0131ras\u0131nda hayat\u0131n\u0131 kaybedenlerden G\u00fcney Kore devletinin sorumlu tutulamayaca\u011f\u0131n\u0131 iddia etti.<\/p>\n<p>T\u00fcrk h\u00fck\u00fcmetinin sipari\u015fine \u201c\u015fartl\u0131\u201d olarak m\u00fcsaade ettiklerini s\u00f6zlerine ekleyen yetkili, gaz bombalar\u0131n\u0131n tasvip edilemeyecek \u015fekilde kullan\u0131lmas\u0131 halinde, s\u00f6z konusu ihracat\u0131 \u2018tekrar de\u011ferlendireceklerini\u2019 s\u00f6yledi.<\/p>\n<p><b>T\u00fcrkiye\u2019de kampanyalar s\u00fcr\u00fcyor<\/b><\/p>\n<p>Uluslararas\u0131 Af \u00d6rg\u00fct\u00fc T\u00fcrkiye \u015eubesi, &#8220;Kore Bize Gaz Verme&#8221; \u015fiar\u0131 ile G\u00fcney Kore\u2019nin T\u00fcrkiye\u2019ye gaz ihracat\u0131n\u0131 durdurmas\u0131n\u0131 istemi\u015fti.<\/p>\n<p>Biber Gaz\u0131 Yasaklans\u0131n \u0130nisiyatifi de kimyasal silah al\u0131m\u0131yla ilgili \u201cHukuksuzca \u00fczerimizde kullan\u0131lan, uzuv kay\u0131plar\u0131na, can kay\u0131plar\u0131na sebep olan, t\u00fcm do\u011fa ve canl\u0131lar i\u00e7in fiziksel ve ruhsal sorunlara, tahribatlara, \u00f6l\u00fcmlere sebep olan bu silah yasaklanmal\u0131d\u0131r!\u201d demi\u015f ve Kore yetkililerine sat\u0131\u015f\u0131n durdurulmas\u0131 i\u00e7in a\u00e7\u0131k bir mektup g\u00f6ndermi\u015fti.<\/p>\n<\/div>\n","protected":false},"excerpt":{"rendered":"<p>16.01.2015 &#8211; 14:11\u00a0D\u00fcnya G\u00fcney Koreli Daekwang Kimya \u015firketinin T\u00fcrkiye\u2019ye gaz satmas\u0131, G\u00fcney Kore\u2019de protesto edildi. T\u00fcrk sermaye devleti ile kirli&#46;&#46;&#46;<\/p>\n","protected":false},"author":1,"featured_media":0,"comment_status":"closed","ping_status":"closed","sticky":false,"template":"","format":"standard","meta":{"_jetpack_memberships_contains_paid_content":false,"footnotes":""},"categories":[1],"tags":[],"class_list":["post-4626","post","type-post","status-publish","format-standard","hentry","category-ced"],"aioseo_notices":[],"jetpack_featured_media_url":"","jetpack_sharing_enabled":true,"jetpack-related-posts":[],"_links":{"self":[{"href":"http:\/\/www.ced.org.tr\/index.php?rest_route=\/wp\/v2\/posts\/4626","targetHints":{"allow":["GET"]}}],"collection":[{"href":"http:\/\/www.ced.org.tr\/index.php?rest_route=\/wp\/v2\/posts"}],"about":[{"href":"http:\/\/www.ced.org.tr\/index.php?rest_route=\/wp\/v2\/types\/post"}],"author":[{"embeddable":true,"href":"http:\/\/www.ced.org.tr\/index.php?rest_route=\/wp\/v2\/users\/1"}],"replies":[{"embeddable":true,"href":"http:\/\/www.ced.org.tr\/index.php?rest_route=%2Fwp%2Fv2%2Fcomments&post=4626"}],"version-history":[{"count":1,"href":"http:\/\/www.ced.org.tr\/index.php?rest_route=\/wp\/v2\/posts\/4626\/revisions"}],"predecessor-version":[{"id":4627,"href":"http:\/\/www.ced.org.tr\/index.php?rest_route=\/wp\/v2\/posts\/4626\/revisions\/4627"}],"wp:attachment":[{"href":"http:\/\/www.ced.org.tr\/index.php?rest_route=%2Fwp%2Fv2%2Fmedia&parent=4626"}],"wp:term":[{"taxonomy":"category","embeddable":true,"href":"http:\/\/www.ced.org.tr\/index.php?rest_route=%2Fwp%2Fv2%2Fcategories&post=4626"},{"taxonomy":"post_tag","embeddable":true,"href":"http:\/\/www.ced.org.tr\/index.php?rest_route=%2Fwp%2Fv2%2Ftags&post=4626"}],"curies":[{"name":"wp","href":"https:\/\/api.w.org\/{rel}","templated":true}]}}