{"id":4630,"date":"2015-01-27T19:29:10","date_gmt":"2015-01-27T17:29:10","guid":{"rendered":"http:\/\/www.ced.org.tr\/?p=4630"},"modified":"2015-01-27T19:30:57","modified_gmt":"2015-01-27T17:30:57","slug":"komsumuzu-kutuyoruz","status":"publish","type":"post","link":"http:\/\/www.ced.org.tr\/?p=4630","title":{"rendered":"Kom\u015fumuzu kutuyoruz"},"content":{"rendered":"<p><img loading=\"lazy\" decoding=\"async\" class=\"alignleft wp-image-4631 \" src=\"http:\/\/www.ced.org.tr\/wp-content\/uploads\/2015\/01\/cipras.jpg\" alt=\"cipras\" width=\"361\" height=\"196\" \/>Yunanistan\u2019da program\u0131n ismi \u201cistikrar\u201d olan k\u0131sm\u0131 do\u011frudan olmayan, y\u0131k\u0131c\u0131 vergilendirmeye, kamu harcamalar\u0131nda b\u00fcy\u00fck kesintilere ve \u00f6zellikle de sa\u011fl\u0131k, e\u011fitim ve sosyal g\u00fcvenlik alanlar\u0131nda ve su, enerji gibi temel sosyal ihtiya\u00e7lar\u0131n \u00f6zelle\u015ftirilmesinde refah devletinin y\u0131k\u0131lmas\u0131na sebep oluyor.<!--more--><\/p>\n<div><a href=\"http:\/\/kitap.radikal.com.tr\/makale\/haber\/avrupayi-degistirecegim-cunku-414517\" target=\"_blank\">http:\/\/kitap.radikal.com.tr\/<wbr \/>makale\/haber\/avrupayi-<wbr \/>degistirecegim-cunku-414517<\/a><\/div>\n","protected":false},"excerpt":{"rendered":"<p>Yunanistan\u2019da program\u0131n ismi \u201cistikrar\u201d olan k\u0131sm\u0131 do\u011frudan olmayan, y\u0131k\u0131c\u0131 vergilendirmeye, kamu harcamalar\u0131nda b\u00fcy\u00fck kesintilere ve \u00f6zellikle de sa\u011fl\u0131k, e\u011fitim ve&#46;&#46;&#46;<\/p>\n","protected":false},"author":1,"featured_media":4631,"comment_status":"closed","ping_status":"closed","sticky":false,"template":"","format":"standard","meta":{"_jetpack_memberships_contains_paid_content":false,"footnotes":""},"categories":[1],"tags":[],"class_list":["post-4630","post","type-post","status-publish","format-standard","has-post-thumbnail","hentry","category-ced"],"aioseo_notices":[],"jetpack_featured_media_url":"http:\/\/www.ced.org.tr\/wp-content\/uploads\/2015\/01\/cipras.jpg","jetpack_sharing_enabled":true,"jetpack-related-posts":[],"_links":{"self":[{"href":"http:\/\/www.ced.org.tr\/index.php?rest_route=\/wp\/v2\/posts\/4630","targetHints":{"allow":["GET"]}}],"collection":[{"href":"http:\/\/www.ced.org.tr\/index.php?rest_route=\/wp\/v2\/posts"}],"about":[{"href":"http:\/\/www.ced.org.tr\/index.php?rest_route=\/wp\/v2\/types\/post"}],"author":[{"embeddable":true,"href":"http:\/\/www.ced.org.tr\/index.php?rest_route=\/wp\/v2\/users\/1"}],"replies":[{"embeddable":true,"href":"http:\/\/www.ced.org.tr\/index.php?rest_route=%2Fwp%2Fv2%2Fcomments&post=4630"}],"version-history":[{"count":2,"href":"http:\/\/www.ced.org.tr\/index.php?rest_route=\/wp\/v2\/posts\/4630\/revisions"}],"predecessor-version":[{"id":4635,"href":"http:\/\/www.ced.org.tr\/index.php?rest_route=\/wp\/v2\/posts\/4630\/revisions\/4635"}],"wp:featuredmedia":[{"embeddable":true,"href":"http:\/\/www.ced.org.tr\/index.php?rest_route=\/wp\/v2\/media\/4631"}],"wp:attachment":[{"href":"http:\/\/www.ced.org.tr\/index.php?rest_route=%2Fwp%2Fv2%2Fmedia&parent=4630"}],"wp:term":[{"taxonomy":"category","embeddable":true,"href":"http:\/\/www.ced.org.tr\/index.php?rest_route=%2Fwp%2Fv2%2Fcategories&post=4630"},{"taxonomy":"post_tag","embeddable":true,"href":"http:\/\/www.ced.org.tr\/index.php?rest_route=%2Fwp%2Fv2%2Ftags&post=4630"}],"curies":[{"name":"wp","href":"https:\/\/api.w.org\/{rel}","templated":true}]}}