{"id":4638,"date":"2015-01-29T09:06:34","date_gmt":"2015-01-29T07:06:34","guid":{"rendered":"http:\/\/www.ced.org.tr\/?p=4638"},"modified":"2015-01-29T09:06:34","modified_gmt":"2015-01-29T07:06:34","slug":"antibiyotik-devri-bitiyor-mu","status":"publish","type":"post","link":"http:\/\/www.ced.org.tr\/?p=4638","title":{"rendered":"Antibiyotik devri bitiyor mu?"},"content":{"rendered":"<p>SABAH, 28 Ocak 2015<\/p>\n<p>D\u00dcNYA Sa\u011fl\u0131k \u00d6rg\u00fct\u00fc antibiyotik devrinin yak\u0131nda sona erece\u011fini a\u00e7\u0131klad\u0131. \u00d6rg\u00fct yetkilileri, yayg\u0131n ve tehlikeli hastal\u0131klara kar\u015f\u0131 kullan\u0131lan tedavilerin art\u0131k etkili olmad\u0131\u011f\u0131n\u0131 bildirdi. Hastal\u0131k Kontrol ve \u00d6nleme Merkezleri, sadece Amerika&#8217;da 23 bin ki\u015finin bakteriyel hastal\u0131klardan \u00f6ld\u00fc\u011f\u00fcn\u00fc a\u00e7\u0131klad\u0131.<!--more--><\/p>\n<p>Doktor Trish Perl, John Hopkins Hastanesi&#8217;nde salg\u0131n hastal\u0131klar uzman\u0131. Perl, &#8220;Birdenbire bundan 70, 80 y\u0131l \u00f6nce, antibiyotikler hen\u00fcz ke\u015ffedilmemi\u015fken doktor olman\u0131n ne demek oldu\u011funu anl\u0131yorsunuz&#8221; diyor. D\u00fcnya Sa\u011fl\u0131k \u00d6rg\u00fct\u00fc, doktorlara antibiyotiklerle ilgili bir veri havuzu olu\u015fturmalar\u0131 ve hastalara gereksiz yere antibiyotik vermemeleri \u00e7a\u011fr\u0131s\u0131nda bulunuyor. Bilim insanlar\u0131 antibiyotik kullan\u0131m\u0131 yerine geli\u015fen molek\u00fcler biyoloji teknikleriyle farkl\u0131 tedavi yollar\u0131 \u00fcretmeye ba\u015flad\u0131. Bunun en tipik \u00f6rne\u011fi s\u0131tmayla m\u00fccadele. S\u0131tmayla m\u00fccadelede kaydedilen ilerlemeler, 2014&#8217;te \u00f6ne \u00e7\u0131kan ba\u015fl\u0131klar aras\u0131ndayd\u0131. D\u00fcnya Sa\u011fl\u0131k \u00d6rg\u00fct\u00fc, 2000&#8217;den beri g\u00f6r\u00fclen s\u0131tma vakalar\u0131nda y\u00fczde 47 azalma oldu\u011funu a\u00e7\u0131klad\u0131. D\u00fcnya Sa\u011fl\u0131k \u00d6rg\u00fct\u00fc&#8217;nden Pedro Alonso, &#8220;Sa\u011flam ad\u0131mlarla ilerliyoruz. Hatta bu y\u0131l s\u0131tma konusunda benzeri g\u00f6r\u00fclmemi\u015f bir ilerleme kaydetti\u011fimizi s\u00f6yleyebilirim&#8221; \u015feklinde konu\u015fuyor.<\/p>\n<p>2014&#8217;te sivrisinekle bula\u015fan ba\u015fka bir \u00f6l\u00fcmc\u00fcl bir hastal\u0131k olan dang hummas\u0131na kar\u015f\u0131 da \u00f6nemli ad\u0131mlar at\u0131ld\u0131. D\u00fcnya Sa\u011fl\u0131k \u00d6rg\u00fct\u00fc&#8217;ne g\u00f6re, dang hummas\u0131 bug\u00fcn 50 y\u0131l \u00f6ncesine g\u00f6re 30 kat daha yayg\u0131n. Temmuz ay\u0131nda bir Frans\u0131z ila\u00e7 firmas\u0131, Asya \u00fclkelerinde y\u00fcr\u00fctt\u00fc\u011f\u00fc testlerin dang hummas\u0131na kar\u015f\u0131 bir a\u015f\u0131 geli\u015ftirilmesine yard\u0131m edece\u011fini a\u00e7\u0131klad\u0131. Uzmanlar, molek\u00fcllerin, t\u00fcm t\u00fcrlere kar\u015f\u0131 etkili olabilecek bir a\u015f\u0131 geli\u015ftirmenin \u00f6n\u00fcn\u00fc a\u00e7aca\u011f\u0131n\u0131 s\u00f6yl\u00fcyor. AMER\u0130KA&#8217;NIN SES\u0130<\/p>\n","protected":false},"excerpt":{"rendered":"<p>SABAH, 28 Ocak 2015 D\u00dcNYA Sa\u011fl\u0131k \u00d6rg\u00fct\u00fc antibiyotik devrinin yak\u0131nda sona erece\u011fini a\u00e7\u0131klad\u0131. \u00d6rg\u00fct yetkilileri, yayg\u0131n ve tehlikeli hastal\u0131klara kar\u015f\u0131&#46;&#46;&#46;<\/p>\n","protected":false},"author":1,"featured_media":0,"comment_status":"closed","ping_status":"closed","sticky":false,"template":"","format":"standard","meta":{"_jetpack_memberships_contains_paid_content":false,"footnotes":""},"categories":[62],"tags":[],"class_list":["post-4638","post","type-post","status-publish","format-standard","hentry","category-sagliktan-haberler"],"aioseo_notices":[],"jetpack_featured_media_url":"","jetpack_sharing_enabled":true,"jetpack-related-posts":[],"_links":{"self":[{"href":"http:\/\/www.ced.org.tr\/index.php?rest_route=\/wp\/v2\/posts\/4638","targetHints":{"allow":["GET"]}}],"collection":[{"href":"http:\/\/www.ced.org.tr\/index.php?rest_route=\/wp\/v2\/posts"}],"about":[{"href":"http:\/\/www.ced.org.tr\/index.php?rest_route=\/wp\/v2\/types\/post"}],"author":[{"embeddable":true,"href":"http:\/\/www.ced.org.tr\/index.php?rest_route=\/wp\/v2\/users\/1"}],"replies":[{"embeddable":true,"href":"http:\/\/www.ced.org.tr\/index.php?rest_route=%2Fwp%2Fv2%2Fcomments&post=4638"}],"version-history":[{"count":1,"href":"http:\/\/www.ced.org.tr\/index.php?rest_route=\/wp\/v2\/posts\/4638\/revisions"}],"predecessor-version":[{"id":4639,"href":"http:\/\/www.ced.org.tr\/index.php?rest_route=\/wp\/v2\/posts\/4638\/revisions\/4639"}],"wp:attachment":[{"href":"http:\/\/www.ced.org.tr\/index.php?rest_route=%2Fwp%2Fv2%2Fmedia&parent=4638"}],"wp:term":[{"taxonomy":"category","embeddable":true,"href":"http:\/\/www.ced.org.tr\/index.php?rest_route=%2Fwp%2Fv2%2Fcategories&post=4638"},{"taxonomy":"post_tag","embeddable":true,"href":"http:\/\/www.ced.org.tr\/index.php?rest_route=%2Fwp%2Fv2%2Ftags&post=4638"}],"curies":[{"name":"wp","href":"https:\/\/api.w.org\/{rel}","templated":true}]}}