{"id":4649,"date":"2015-01-31T12:43:16","date_gmt":"2015-01-31T10:43:16","guid":{"rendered":"http:\/\/www.ced.org.tr\/?p=4649"},"modified":"2015-01-31T12:44:46","modified_gmt":"2015-01-31T10:44:46","slug":"kobani-icin-acil-ihtiyac-listesi-ilac-tibbi-malzeme-elektrik-su","status":"publish","type":"post","link":"http:\/\/www.ced.org.tr\/?p=4649","title":{"rendered":"Kobani i\u00e7in acil ihtiya\u00e7 listesi: \u0130la\u00e7, t\u0131bbi malzeme, elektrik, su&#8230;"},"content":{"rendered":"<h5>Kobani&#8217;de \u00e7e\u015fme suyu yok, halk i\u00e7mek i\u00e7in de kuyu suyu kullan\u0131yor. Sadece bir hastanesi bulunan kentte yaral\u0131lara acil m\u00fcdahale yapacak t\u0131bb\u0131 malzeme s\u0131k\u0131nt\u0131s\u0131 ya\u015fan\u0131yor.<\/h5>\n<div>Haber:\u0130DR\u0130S EMEN<\/p>\n<div>30\/01\/2015<\/div>\n<\/div>\n<div>\n<p><strong>RAD\u0130KAL-<\/strong> I\u015e\u0130D\u2019in 134 g\u00fcn boyunca bombalayarak harabe bir kente \u00e7evirdi\u011fi Kobani&#8217;de, hemen hemen her sokakta patlamam\u0131\u015f bir bombaya rastlamak m\u00fcmk\u00fcn. \u00c7at\u0131\u015fmalar s\u0131ras\u0131nda \u00f6len I\u015e\u0130D&#8217;lilerin sokaklarda b\u0131rak\u0131lm\u0131\u015f cesedi \u00e7\u00fcr\u00fcmeye ba\u015flam\u0131\u015f. Su ve altyap\u0131 sorununun ya\u015fand\u0131\u011f\u0131 Kobani salg\u0131n hastal\u0131k riskiyle de kar\u015f\u0131 kar\u015f\u0131ya.<\/p>\n<p>T\u00fcrkiye s\u0131n\u0131r\u0131nda \u00e7ad\u0131rlarda ya\u015fayan ailelerle r\u00f6portaj yapt\u0131\u011f\u0131m\u0131z s\u0131rada s\u0131n\u0131ra at\u0131lan top at\u0131\u015flar\u0131ndan dolay\u0131 bir ki\u015fi hayat\u0131n\u0131 kaybederken sekiz ki\u015fi de yaralan\u0131yor.<\/p>\n<p>Alt yap\u0131 sisteminin \u00e7\u00f6kt\u00fc\u011f\u00fc Kobani\u2019de, baz\u0131 noktalara jenerat\u00f6rle <a href=\"http:\/\/www.radikal.com.tr\/index\/elektrik\" target=\"_blank\">elektrik<\/a> verilirken ak\u015famlar\u0131 kentin neredeyse tamam\u0131 karanl\u0131\u011fa g\u00f6m\u00fcl\u00fcyor. Kobani\u2019de \u00e7e\u015fme suyu yok, halk i\u00e7mek i\u00e7in de kuyu suyu kullan\u0131yor. Sadece bir hastanesi bulunan kentte yaral\u0131lara acil m\u00fcdahale yapacak t\u0131bb\u0131 malzeme s\u0131k\u0131nt\u0131s\u0131 ya\u015fan\u0131yor. I\u015e\u0130D\u2019in geri \u00e7ekilmesinden sonra Kobani\u2019yi tamamen g\u00fcvene almak i\u00e7in civar k\u00f6ylere yo\u011funla\u015fan YPG g\u00fc\u00e7leri hen\u00fcz \u015fehir merkezindeki sorunlarla ilgilenemedi\u011fi i\u00e7in her sokakta I\u015e\u0130D \u00fcyelerinin cesedine rastlamak m\u00fcmk\u00fcn. \u00c7\u00fcr\u00fcyen cesetlerin Kobani halk\u0131 i\u00e7in b\u00fcy\u00fck bir tehlike olu\u015fturdu\u011funu s\u00f6yleyen Kobani Sa\u011fl\u0131k Bakan\u0131 Doktor Nahsen Ahmet, durumu, &#8220;\u015eehirde temiz su yok. Salg\u0131n hastal\u0131klara gerekli t\u0131bbi malzememiz yok. Bir an \u00f6nce \u015fehri temizlememiz laz\u0131m. Ancak \u015fehrin alt yap\u0131s\u0131 tamamen \u00e7\u00f6kt\u00fc\u011f\u00fc i\u00e7in hen\u00fcz temizlik \u00e7al\u0131\u015fmalar\u0131na ba\u015flayamad\u0131k. Ciddi bir salg\u0131n hastal\u0131k riskiyle kar\u015f\u0131 kar\u015f\u0131yay\u0131z.\u2019\u2019<\/p>\n<table border=\"0\" width=\"100%\" cellspacing=\"0\" cellpadding=\"0\">\n<tbody>\n<tr>\n<td width=\"100%\">\n<div><a href=\"http:\/\/www.radikal.com.tr\/fotogaleri\/dunya\/kobanide_hayatta_kalmak-1283110\" target=\"_blank\"><img decoding=\"async\" class=\"CToWUd\" src=\"https:\/\/ci4.googleusercontent.com\/proxy\/kLAMKmEVG1Wf3LXRNXb2MIBvVGmrlshP5KqHR0PxrBjw5do4RSC5VpMS_4H8Lal6wD8zkWpTmy8t-QuSpSqWaua-VPNrKlUSGvISSYxwQz5BYAFBNIDlpIbbDzBSJWTl=s0-d-e1-ft#http:\/\/i.radikal.com.tr\/GaleriListe251x148\/2015\/01\/30\/fft98_mf3345275.Jpeg\" alt=\"\" \/><\/a><\/p>\n<div><a href=\"http:\/\/www.radikal.com.tr\/fotogaleri\/dunya\/kobanide_hayatta_kalmak-1283110\" target=\"_blank\">Galeri<\/a><\/div>\n<\/div>\n<div><a href=\"http:\/\/www.radikal.com.tr\/fotogaleri\/dunya\/kobanide_hayatta_kalmak-1283110\" target=\"_blank\">\u0130dris Emen&#8217;in objektifinden Kobani foto\u011fraflar\u0131<\/a><\/div>\n<\/td>\n<\/tr>\n<\/tbody>\n<\/table>\n<h5><a href=\"http:\/\/www.radikal.com.tr\/dunya\/kobanide_hayatta_kalmak-1283097\">http:\/\/www.radikal.com.tr\/<wbr \/>dunya\/kobanide_hayatta_kalmak-<wbr \/>1283097<\/a><\/h5>\n<\/div>\n","protected":false},"excerpt":{"rendered":"<p>Kobani&#8217;de \u00e7e\u015fme suyu yok, halk i\u00e7mek i\u00e7in de kuyu suyu kullan\u0131yor. Sadece bir hastanesi bulunan kentte yaral\u0131lara acil m\u00fcdahale yapacak&#46;&#46;&#46;<\/p>\n","protected":false},"author":1,"featured_media":0,"comment_status":"closed","ping_status":"closed","sticky":false,"template":"","format":"standard","meta":{"_jetpack_memberships_contains_paid_content":false,"footnotes":""},"categories":[1],"tags":[],"class_list":["post-4649","post","type-post","status-publish","format-standard","hentry","category-ced"],"aioseo_notices":[],"jetpack_featured_media_url":"","jetpack_sharing_enabled":true,"jetpack-related-posts":[],"_links":{"self":[{"href":"http:\/\/www.ced.org.tr\/index.php?rest_route=\/wp\/v2\/posts\/4649","targetHints":{"allow":["GET"]}}],"collection":[{"href":"http:\/\/www.ced.org.tr\/index.php?rest_route=\/wp\/v2\/posts"}],"about":[{"href":"http:\/\/www.ced.org.tr\/index.php?rest_route=\/wp\/v2\/types\/post"}],"author":[{"embeddable":true,"href":"http:\/\/www.ced.org.tr\/index.php?rest_route=\/wp\/v2\/users\/1"}],"replies":[{"embeddable":true,"href":"http:\/\/www.ced.org.tr\/index.php?rest_route=%2Fwp%2Fv2%2Fcomments&post=4649"}],"version-history":[{"count":3,"href":"http:\/\/www.ced.org.tr\/index.php?rest_route=\/wp\/v2\/posts\/4649\/revisions"}],"predecessor-version":[{"id":4652,"href":"http:\/\/www.ced.org.tr\/index.php?rest_route=\/wp\/v2\/posts\/4649\/revisions\/4652"}],"wp:attachment":[{"href":"http:\/\/www.ced.org.tr\/index.php?rest_route=%2Fwp%2Fv2%2Fmedia&parent=4649"}],"wp:term":[{"taxonomy":"category","embeddable":true,"href":"http:\/\/www.ced.org.tr\/index.php?rest_route=%2Fwp%2Fv2%2Fcategories&post=4649"},{"taxonomy":"post_tag","embeddable":true,"href":"http:\/\/www.ced.org.tr\/index.php?rest_route=%2Fwp%2Fv2%2Ftags&post=4649"}],"curies":[{"name":"wp","href":"https:\/\/api.w.org\/{rel}","templated":true}]}}