{"id":4660,"date":"2015-02-06T09:19:41","date_gmt":"2015-02-06T07:19:41","guid":{"rendered":"http:\/\/www.ced.org.tr\/?p=4660"},"modified":"2015-02-06T09:19:41","modified_gmt":"2015-02-06T07:19:41","slug":"hay-way-zaman","status":"publish","type":"post","link":"http:\/\/www.ced.org.tr\/?p=4660","title":{"rendered":"Hay Way Zaman"},"content":{"rendered":"<div><img loading=\"lazy\" decoding=\"async\" class=\"alignleft\" src=\"http:\/\/www.baskasinema.com\/upload\/filmler\/hay-way-zaman-129-3.jpg\" alt=\"\" width=\"187\" height=\"265\" \/>Dersim\u2019in Kay\u0131p y\u00fczlerce kay\u0131p k\u0131zdan birinin hikayesi.Dersim Katliam\u0131nda g\u00f6rev yapm\u0131\u015f, bug\u00fcn 100, 105 ya\u015flar\u0131nda olan askerlerin deh\u015fet verici tan\u0131kl\u0131klar\u0131 ve bug\u00fcn hissettikleri<\/div>\n<div><\/div>\n<div><strong>4 \u015eubat 2015, \u00c7ar\u015famba<span style=\"text-decoration: underline;\">,<\/span><\/strong><\/div>\n<div>Yer :Be\u015fikta\u015f Belediyesi Levent K\u00fclt\u00fcr MerkeziSaat :19.00<\/div>\n<div>\u00dccretsizdir<\/div>\n<div>Bir belgesel bir \u00e7ay bir simit etkinli\u011fi kapsam\u0131nda<\/div>\n<div>\n2013 | Belgesel | 80&#8242; | T\u00fcrk\u00e7e, K\u00fcrt\u00e7e | 17 Ekim 2014<\/p>\n<p><strong>Y\u00f6netmen: <\/strong>Nezahat G\u00fcndo\u011fan<\/p>\n<p><strong>Belgesel Hakk\u0131nda<\/strong><br \/>\n\u2018\u0130ki Tutam Sa\u00e7-Dersim\u2019in Kay\u0131p K\u0131zlar\u0131 belgesel filminden sonra bulunan y\u00fczlerce kay\u0131p k\u0131zdan biridir Emo\u015f G\u00fclver.\u00a0Emo\u015f ve Serpil, Dersim\u2019e, k\u00f6klerine do\u011fru yolculu\u011fa \u00e7\u0131kt\u0131klar\u0131nda, ailelerinden birilerini bulabileceklerini ak\u0131llar\u0131ndan ge\u00e7irmemi\u015flerdi. Bir yandan da uzun ara\u015ft\u0131rmalar sonucu bulunan amcao\u011fullar\u0131 Kamer (H\u00fcseyin) Ka\u00e7ar onlar\u0131 sab\u0131rs\u0131zl\u0131kla beklemekteydi.\u00a0\u0130zleyici, belgeselde biri Kurmanci &#8211; Alevi, di\u011feri T\u00fcrk ve S\u00fcnni iki amca \u00e7ocu\u011funun 74 y\u0131l sonra ilk bulu\u015fmalar\u0131na, dokunmalar\u0131na, sorgulamalar\u0131na, sessiz \u00e7\u0131\u011fl\u0131klar\u0131na ve ya\u015fananlara dair a\u011f\u0131tlar\u0131na tan\u0131kl\u0131k edecek.\u00a0Faillerden itiraflar ve y\u00fczle\u015fme \u00e7abas\u0131, Dersim Katliam\u0131nda g\u00f6rev yapm\u0131\u015f, bug\u00fcn 100, 105 ya\u015flar\u0131nda olan askerlerin deh\u015fet verici tan\u0131kl\u0131klar\u0131 ve bug\u00fcn hissettikleri paralel kurguyla anlat\u0131larak tarihsel hakikatin b\u00fct\u00fcn boyutlar\u0131yla anla\u015f\u0131lmas\u0131n\u0131 sa\u011flamaya \u00e7al\u0131\u015fmaktad\u0131r.<br \/>\n\u201cHay Way Zaman\u201d ge\u00e7mi\u015fe, bug\u00fcne ve gelece\u011fe dair bir a\u011f\u0131tt\u0131r\u2026<\/div>\n","protected":false},"excerpt":{"rendered":"<p>Dersim\u2019in Kay\u0131p y\u00fczlerce kay\u0131p k\u0131zdan birinin hikayesi.Dersim Katliam\u0131nda g\u00f6rev yapm\u0131\u015f, bug\u00fcn 100, 105 ya\u015flar\u0131nda olan askerlerin deh\u015fet verici tan\u0131kl\u0131klar\u0131 ve&#46;&#46;&#46;<\/p>\n","protected":false},"author":1,"featured_media":4661,"comment_status":"closed","ping_status":"closed","sticky":false,"template":"","format":"standard","meta":{"_jetpack_memberships_contains_paid_content":false,"footnotes":""},"categories":[61],"tags":[],"class_list":["post-4660","post","type-post","status-publish","format-standard","has-post-thumbnail","hentry","category-kultur-sanat"],"aioseo_notices":[],"jetpack_featured_media_url":"http:\/\/www.ced.org.tr\/wp-content\/uploads\/2015\/02\/Hay-Way-Zaman-516998.jpg","jetpack_sharing_enabled":true,"jetpack-related-posts":[],"_links":{"self":[{"href":"http:\/\/www.ced.org.tr\/index.php?rest_route=\/wp\/v2\/posts\/4660","targetHints":{"allow":["GET"]}}],"collection":[{"href":"http:\/\/www.ced.org.tr\/index.php?rest_route=\/wp\/v2\/posts"}],"about":[{"href":"http:\/\/www.ced.org.tr\/index.php?rest_route=\/wp\/v2\/types\/post"}],"author":[{"embeddable":true,"href":"http:\/\/www.ced.org.tr\/index.php?rest_route=\/wp\/v2\/users\/1"}],"replies":[{"embeddable":true,"href":"http:\/\/www.ced.org.tr\/index.php?rest_route=%2Fwp%2Fv2%2Fcomments&post=4660"}],"version-history":[{"count":1,"href":"http:\/\/www.ced.org.tr\/index.php?rest_route=\/wp\/v2\/posts\/4660\/revisions"}],"predecessor-version":[{"id":4662,"href":"http:\/\/www.ced.org.tr\/index.php?rest_route=\/wp\/v2\/posts\/4660\/revisions\/4662"}],"wp:featuredmedia":[{"embeddable":true,"href":"http:\/\/www.ced.org.tr\/index.php?rest_route=\/wp\/v2\/media\/4661"}],"wp:attachment":[{"href":"http:\/\/www.ced.org.tr\/index.php?rest_route=%2Fwp%2Fv2%2Fmedia&parent=4660"}],"wp:term":[{"taxonomy":"category","embeddable":true,"href":"http:\/\/www.ced.org.tr\/index.php?rest_route=%2Fwp%2Fv2%2Fcategories&post=4660"},{"taxonomy":"post_tag","embeddable":true,"href":"http:\/\/www.ced.org.tr\/index.php?rest_route=%2Fwp%2Fv2%2Ftags&post=4660"}],"curies":[{"name":"wp","href":"https:\/\/api.w.org\/{rel}","templated":true}]}}