{"id":4668,"date":"2015-02-06T09:52:06","date_gmt":"2015-02-06T07:52:06","guid":{"rendered":"http:\/\/www.ced.org.tr\/?p=4668"},"modified":"2015-02-06T09:52:06","modified_gmt":"2015-02-06T07:52:06","slug":"birlesmis-milletler-isid-zihinsel-engelli-cocuklari-intihar-bombacisi-yapiyor","status":"publish","type":"post","link":"http:\/\/www.ced.org.tr\/?p=4668","title":{"rendered":"Birle\u015fmi\u015f Milletler: I\u015e\u0130D zihinsel engelli \u00e7ocuklar\u0131 intihar bombac\u0131s\u0131 yap\u0131yor"},"content":{"rendered":"<div>\n<div>Radikal, 05.02.2015<\/div>\n<h5>Birle\u015fmi\u015f Milletler raporundan: Irak \u015eam \u0130slam Devleti \u00f6rg\u00fct\u00fc (I\u015e\u0130D) zihinsel engelli \u00e7ocuklar\u0131 intihar sald\u0131r\u0131lar\u0131nda kullan\u0131yor, bu \u00e7ocuklar muhtemelen ne yapt\u0131klar\u0131n\u0131n fark\u0131nda bile de\u011fil<\/h5>\n<\/div>\n<p><strong>RAD\u0130KAL &#8211;<\/strong> Birle\u015fmi\u015f Milletler \u00c7ocuk Haklar\u0131 Komitesi, I\u015e\u0130D&#8217;in ka\u00e7\u0131rd\u0131\u011f\u0131 \u00e7ocuklar\u0131 seks k\u00f6lesi olarak satt\u0131\u011f\u0131n\u0131, i\u015fkence etti\u011fini, bir k\u0131sm\u0131n\u0131n da \u00e7arm\u0131ha gerilerek, diri diri g\u00f6m\u00fclerek ya da kafalar\u0131 kesilerek \u00f6ld\u00fcrd\u00fc\u011f\u00fcn\u00fc belirtti. BBC T\u00fcrk\u00e7e&#8217;nin haberine g\u00f6re, 1998&#8217;den bu yana ilk kez Irak&#8217;ta \u00e7ocuk haklar\u0131n\u0131n durumunu inceleyen komitenin haz\u0131rlad\u0131\u011f\u0131 rapora g\u00f6re, <strong>dini ve etnik az\u0131nl\u0131klardan \u00e7ocuklar daha da zor durumda<\/strong>. Ancak rapor &#8220;\u00c7ocuk istismar\u0131 mezhep tan\u0131m\u0131yor&#8221; \u00e7\u0131kar\u0131m\u0131nda bulunuyor.<\/p>\n<p>18 ba\u011f\u0131ms\u0131z uzmandan olu\u015fan komitenin s\u00f6zc\u00fcs\u00fc Renate Winter, Reuters haber ajans\u0131na, &#8220;\u00c7ocuklar\u0131n, \u00f6zellikle de zihinsel engelli olanlar\u0131n intihar bombac\u0131s\u0131 olarak kullan\u0131ld\u0131\u011f\u0131na dair duyumlar ald\u0131k. Bu \u00e7ocuklar b\u00fcy\u00fck olas\u0131l\u0131kla ne yapt\u0131klar\u0131n\u0131n fark\u0131nda bile de\u011fil&#8221; dedi.<\/p>\n<p>\u00c7ocuklar\u0131n \u00e7ok k\u00fc\u00e7\u00fck ya\u015fta, yakla\u015f\u0131k sekiz ya\u015f\u0131nda veya bu ya\u015f\u0131n alt\u0131nda asker olarak e\u011fitildiklerini g\u00f6steren bir video bulundu\u011funu anlatan Winter, &#8220;<strong>I\u015e\u0130D&#8217;in g\u00fc\u00e7l\u00fc oldu\u011fu bir\u00e7ok yerde az\u0131nl\u0131k \u00e7ocuklar\u0131 ka\u00e7\u0131r\u0131l\u0131yor, \u00fczerlerine fiyat etiketi konulup pazarlarda k\u00f6le olarak sat\u0131l\u0131yor&#8221;<\/strong> diye konu\u015ftu.<\/p>\n<p>Winter, <strong>\u00f6zellikle Ezidi ve H\u0131ristiyan \u00e7ocuklar\u0131n bu muameleye maruz kald\u0131\u011f\u0131n\u0131, ancak kurbanlar aras\u0131nda \u015eii ve S\u00fcnnilerin de bulundu\u011funu belirtti.<\/strong><\/p>\n<div>\n<div>\n<div>\n<div>\n<div>BM komitesinin raporunda, \u00e7ocuklar\u0131n sistematik olarak \u00f6ld\u00fcr\u00fclmesi k\u0131nan\u0131yor ve I\u015e\u0130D&#8217;e kar\u015f\u0131 d\u00fczenlenen hava sald\u0131r\u0131lar\u0131nda ve Irak h\u00fck\u00fcmet g\u00fc\u00e7lerinin bombard\u0131man\u0131nda da \u00e7ok say\u0131da \u00e7ocu\u011fun \u00f6ld\u00fc\u011f\u00fcne ya da yaraland\u0131\u011f\u0131na dikkat \u00e7ekiliyor.<\/p>\n<p>Raporu haz\u0131rlayan uzmanlar, Irak&#8217;tan &#8216;\u00e7ocuklar\u0131 kurtarmak&#8217; i\u00e7in gerekli \u00f6nlemleri almas\u0131n\u0131 istedi.<\/p><\/div>\n<div>Ancak k\u00fc\u00e7\u00fck ya\u015fta \u00e7ocuklar\u0131n kontrol noktalar\u0131nda g\u00f6revlendirilmeleri ve ter\u00f6r ba\u011flant\u0131l\u0131 su\u00e7lardan g\u00f6zalt\u0131nda tutulan \u00e7ocuklar\u0131n durumu gibi I\u015e\u0130D&#8217;den kaynaklanmayan sorunlara da \u00e7\u00f6z\u00fcm \u00e7a\u011fr\u0131s\u0131nda bulunuldu.<\/p>\n<p>Ayr\u0131ca &#8216;namus cinayetleri&#8217; ve ya\u015flar\u0131 bazen 11&#8217;e kadar inen k\u00fc\u00e7\u00fck k\u0131zlar\u0131n muta nikah\u0131yla evlendirilmesi k\u0131nand\u0131.<\/p><\/div>\n<\/div>\n<\/div>\n<\/div>\n<\/div>\n","protected":false},"excerpt":{"rendered":"<p>Radikal, 05.02.2015 Birle\u015fmi\u015f Milletler raporundan: Irak \u015eam \u0130slam Devleti \u00f6rg\u00fct\u00fc (I\u015e\u0130D) zihinsel engelli \u00e7ocuklar\u0131 intihar sald\u0131r\u0131lar\u0131nda kullan\u0131yor, bu \u00e7ocuklar muhtemelen&#46;&#46;&#46;<\/p>\n","protected":false},"author":1,"featured_media":0,"comment_status":"closed","ping_status":"closed","sticky":false,"template":"","format":"standard","meta":{"_jetpack_memberships_contains_paid_content":false,"footnotes":""},"categories":[1],"tags":[],"class_list":["post-4668","post","type-post","status-publish","format-standard","hentry","category-ced"],"aioseo_notices":[],"jetpack_featured_media_url":"","jetpack_sharing_enabled":true,"jetpack-related-posts":[],"_links":{"self":[{"href":"http:\/\/www.ced.org.tr\/index.php?rest_route=\/wp\/v2\/posts\/4668","targetHints":{"allow":["GET"]}}],"collection":[{"href":"http:\/\/www.ced.org.tr\/index.php?rest_route=\/wp\/v2\/posts"}],"about":[{"href":"http:\/\/www.ced.org.tr\/index.php?rest_route=\/wp\/v2\/types\/post"}],"author":[{"embeddable":true,"href":"http:\/\/www.ced.org.tr\/index.php?rest_route=\/wp\/v2\/users\/1"}],"replies":[{"embeddable":true,"href":"http:\/\/www.ced.org.tr\/index.php?rest_route=%2Fwp%2Fv2%2Fcomments&post=4668"}],"version-history":[{"count":1,"href":"http:\/\/www.ced.org.tr\/index.php?rest_route=\/wp\/v2\/posts\/4668\/revisions"}],"predecessor-version":[{"id":4670,"href":"http:\/\/www.ced.org.tr\/index.php?rest_route=\/wp\/v2\/posts\/4668\/revisions\/4670"}],"wp:attachment":[{"href":"http:\/\/www.ced.org.tr\/index.php?rest_route=%2Fwp%2Fv2%2Fmedia&parent=4668"}],"wp:term":[{"taxonomy":"category","embeddable":true,"href":"http:\/\/www.ced.org.tr\/index.php?rest_route=%2Fwp%2Fv2%2Fcategories&post=4668"},{"taxonomy":"post_tag","embeddable":true,"href":"http:\/\/www.ced.org.tr\/index.php?rest_route=%2Fwp%2Fv2%2Ftags&post=4668"}],"curies":[{"name":"wp","href":"https:\/\/api.w.org\/{rel}","templated":true}]}}