{"id":4688,"date":"2015-02-10T22:58:37","date_gmt":"2015-02-10T20:58:37","guid":{"rendered":"http:\/\/www.ced.org.tr\/?p=4688"},"modified":"2015-02-13T19:07:49","modified_gmt":"2015-02-13T17:07:49","slug":"eczacllar-ve-eczaneler-hakkinda-yonetmelik-degisikligi","status":"publish","type":"post","link":"http:\/\/www.ced.org.tr\/?p=4688","title":{"rendered":"Eczac\u0131lar ve Eczaneler Hakk\u0131nda Y\u00f6netmelik de\u011fi\u015fikli\u011fi"},"content":{"rendered":"<p>&#8220;Eczacllar ve Eczaneler hakk\u0131nda y\u00f6netmelik&#8221;te yap\u0131lan de\u011fi\u015fiklik ile eczane bulunan binalarada sa\u011fl\u0131k kurulu\u015fu a\u00e7\u0131labilecek.<\/p>\n<table style=\"height: 664px;\" width=\"745\">\n<tbody>\n<tr>\n<td width=\"195\"><strong>Resm\u00ee Gazete<\/strong><\/td>\n<td width=\"195\">Say\u0131 : 29260<\/td>\n<\/tr>\n<tr>\n<td colspan=\"3\" width=\"586\"><strong>Y\u00d6NETMEL\u0130K<\/strong><\/td>\n<\/tr>\n<tr>\n<td colspan=\"3\" width=\"586\">T\u00fcrkiye \u0130la\u00e7 ve T\u0131bbi Cihaz Kurumundan:<\/p>\n<p style=\"text-align: left;\">ECZACILAR VE ECZANELER HAKKINDA Y\u00d6NETMEL\u0130KTE<\/p>\n<p style=\"text-align: left;\">DE\u011e\u0130\u015e\u0130KL\u0130K YAPILMASINA DA\u0130R Y\u00d6NETMEL\u0130K<\/p>\n<p style=\"text-align: left;\"><strong>MADDE 1 \u2013 <\/strong>12\/4\/2014 tarihli ve 28970 say\u0131l\u0131 Resm\u00ee Gazete\u2019de yay\u0131mlanan Eczac\u0131lar ve Eczaneler Hakk\u0131nda Y\u00f6netmeli\u011fin 20 nci maddesinin sekizinci f\u0131kras\u0131 a\u015fa\u011f\u0131daki \u015fekilde de\u011fi\u015ftirilmi\u015ftir.<\/p>\n<p style=\"text-align: left;\">\u201c(8) Muayenehaneler ile sadece tahlil ve g\u00f6r\u00fcnt\u00fcleme hizmeti veren laboratuvar tan\u0131 merkezleri hari\u00e7 olmak \u00fczere, i\u00e7inde sa\u011fl\u0131k kurum ve kurulu\u015fu bulunan bina ve bah\u00e7esi ile m\u00fc\u015ftemilat\u0131nda serbest eczane a\u00e7\u0131lamaz. Ancak, i\u00e7inde eczane bulunan binalarda mevcut eczane veya eczanelerin en az be\u015f y\u0131l s\u00fcreyle faaliyette bulunmas\u0131 kayd\u0131yla sa\u011fl\u0131k kurum ve kurulu\u015fu a\u00e7\u0131lmas\u0131na izin verilebilir. Havaalanlar\u0131, otogarlar ile tren garlar\u0131 ve limanlarda bu k\u0131s\u0131tlama uygulanmaz.\u201d<\/p>\n<p style=\"text-align: left;\"><strong>MADDE 2 \u2013 <\/strong>Bu Y\u00f6netmelik yay\u0131m\u0131 tarihinde y\u00fcr\u00fcrl\u00fc\u011fe girer.<\/p>\n<p style=\"text-align: left;\"><strong>MADDE 3 \u2013 <\/strong>Bu Y\u00f6netmelik h\u00fck\u00fcmlerini T\u00fcrkiye \u0130la\u00e7 ve T\u0131bbi Cihaz Kurumu Ba\u015fkan\u0131 y\u00fcr\u00fct\u00fcr.<\/p>\n<p>&nbsp;<\/p>\n<table width=\"567\">\n<tbody>\n<tr>\n<td colspan=\"2\" width=\"567\"><strong>Y<\/strong><strong>\u00f6<\/strong><strong>netmeli<\/strong><strong>\u011f<\/strong><strong>in Yay<\/strong><strong>\u0131<\/strong><strong>mland<\/strong><strong>\u0131\u011f\u0131<\/strong><strong> Resm<\/strong><strong>\u00ee<\/strong><strong> Gazete&#8217;nin<\/strong><\/td>\n<\/tr>\n<tr>\n<td width=\"284\"><strong>Tarihi<\/strong><\/td>\n<td width=\"283\"><strong>Say<\/strong><strong>\u0131<\/strong><strong>s<\/strong><strong>\u0131<\/strong><\/td>\n<\/tr>\n<tr>\n<td width=\"284\">12\/4\/2014<\/td>\n<td width=\"283\">28970<\/td>\n<\/tr>\n<\/tbody>\n<\/table>\n<p>&nbsp;<\/p>\n<p><strong>\u00a0<\/strong><\/td>\n<\/tr>\n<\/tbody>\n<\/table>\n","protected":false},"excerpt":{"rendered":"<p>&#8220;Eczacllar ve Eczaneler hakk\u0131nda y\u00f6netmelik&#8221;te yap\u0131lan de\u011fi\u015fiklik ile eczane bulunan binalarada sa\u011fl\u0131k kurulu\u015fu a\u00e7\u0131labilecek. Resm\u00ee Gazete Say\u0131 : 29260 Y\u00d6NETMEL\u0130K&#46;&#46;&#46;<\/p>\n","protected":false},"author":1,"featured_media":0,"comment_status":"closed","ping_status":"closed","sticky":false,"template":"","format":"standard","meta":{"_jetpack_memberships_contains_paid_content":false,"footnotes":""},"categories":[1],"tags":[],"class_list":["post-4688","post","type-post","status-publish","format-standard","hentry","category-ced"],"aioseo_notices":[],"jetpack_featured_media_url":"","jetpack_sharing_enabled":true,"jetpack-related-posts":[],"_links":{"self":[{"href":"http:\/\/www.ced.org.tr\/index.php?rest_route=\/wp\/v2\/posts\/4688","targetHints":{"allow":["GET"]}}],"collection":[{"href":"http:\/\/www.ced.org.tr\/index.php?rest_route=\/wp\/v2\/posts"}],"about":[{"href":"http:\/\/www.ced.org.tr\/index.php?rest_route=\/wp\/v2\/types\/post"}],"author":[{"embeddable":true,"href":"http:\/\/www.ced.org.tr\/index.php?rest_route=\/wp\/v2\/users\/1"}],"replies":[{"embeddable":true,"href":"http:\/\/www.ced.org.tr\/index.php?rest_route=%2Fwp%2Fv2%2Fcomments&post=4688"}],"version-history":[{"count":3,"href":"http:\/\/www.ced.org.tr\/index.php?rest_route=\/wp\/v2\/posts\/4688\/revisions"}],"predecessor-version":[{"id":4691,"href":"http:\/\/www.ced.org.tr\/index.php?rest_route=\/wp\/v2\/posts\/4688\/revisions\/4691"}],"wp:attachment":[{"href":"http:\/\/www.ced.org.tr\/index.php?rest_route=%2Fwp%2Fv2%2Fmedia&parent=4688"}],"wp:term":[{"taxonomy":"category","embeddable":true,"href":"http:\/\/www.ced.org.tr\/index.php?rest_route=%2Fwp%2Fv2%2Fcategories&post=4688"},{"taxonomy":"post_tag","embeddable":true,"href":"http:\/\/www.ced.org.tr\/index.php?rest_route=%2Fwp%2Fv2%2Ftags&post=4688"}],"curies":[{"name":"wp","href":"https:\/\/api.w.org\/{rel}","templated":true}]}}