{"id":4701,"date":"2015-02-16T14:57:02","date_gmt":"2015-02-16T12:57:02","guid":{"rendered":"http:\/\/www.ced.org.tr\/?p=4701"},"modified":"2015-02-16T15:21:58","modified_gmt":"2015-02-16T13:21:58","slug":"saglimizi-emanet-ettigimiz-bakan-biber-gazi-zararli-olabilir-fazla-elma-yemek-gibi","status":"publish","type":"post","link":"http:\/\/www.ced.org.tr\/?p=4701","title":{"rendered":"Sa\u011fl\u0131m\u0131z\u0131 emanet etti\u011fimiz Bakan: &#8216;Biber gaz\u0131 zararl\u0131 olabilir, fazla elma yemek gibi!&#8217;"},"content":{"rendered":"<div>Birg\u00fcn, 13 \u015eubat Cuma<\/div>\n<div><\/div>\n<div>Sa\u011fl\u0131k Bakan\u0131 Mehmet M\u00fcezzino\u011flu, \u00e7\u0131kt\u0131\u011f\u0131 canl\u0131 yay\u0131nda biber gaz\u0131 kullan\u0131m\u0131n\u0131 savunurken, sa\u011fl\u0131\u011fa zarar\u0131 ile ilgili herhangi bir bulgu bulunmad\u0131\u011f\u0131n\u0131 iddia etti. M\u00fcezzino\u011flu&#8217;nun bunu yaparken de, biber gaz\u0131n\u0131 zarars\u0131z bir elma ile kar\u015f\u0131la\u015ft\u0131rmas\u0131 dikkat \u00e7ekti.<\/div>\n<div>CNN T\u00fcrk\u2019te yay\u0131nlanan &#8220;G\u00fcnl\u00fck&#8221; program\u0131na kat\u0131lan M\u00fcezzino\u011flu, Gaziantep\u2019te bir polise vura vura biber gaz\u0131 s\u0131kt\u0131ran amirin kar\u0131\u015ft\u0131\u011f\u0131 olay\u0131 yorumlarken, bir soru \u00fczerine &#8220;Normalden fazla elma yemek de sa\u011fl\u0131\u011fa zararl\u0131d\u0131r. Biber gaz\u0131 sa\u011fl\u0131\u011fa zarars\u0131zd\u0131r demek m\u00fcmk\u00fcn de\u011fil dedi. Ke\u015fke hi\u00e7 kullanmasak ama hayati zarar verdi\u011fine dair bilimsel bir verimiz yok&#8221; dedi.Ge\u00e7ti\u011fimiz g\u00fcnlerde Biber Gaz\u0131 Yasaklans\u0131n \u0130nisyatifi T\u00fcrkiye\u2019de ge\u00e7en sene 224 g\u00fcn biber gaz\u0131 solundu\u011funu a\u00e7\u0131klam\u0131\u015ft\u0131. Biber gaz\u0131n\u0131n hen\u00fcz sa\u011fl\u0131\u011fa uzun vadede verdi\u011fi zararlar bilinmezken, son y\u0131llarda polis sald\u0131r\u0131lar\u0131nda biber gaz\u0131 fi\u015fe\u011fi ya da kaps\u00fcl\u00fc isabet etmesi sonucu \u00e7ocuklar ve gen\u00e7ler dahil onlarca ki\u015fi hayat\u0131n\u0131 kaybetti.<\/p>\n<\/div>\n<div><\/div>\n<div><a href=\"http:\/\/www.birgun.net\/news\/view\/saglimizi-emanet-ettigimiz-bakan-biber-gazi-zararli-olabilir-normalden-fazla-elma-yemek-gibi\/13619\">http:\/\/www.birgun.net\/news\/<wbr \/>view\/saglimizi-emanet-<wbr \/>ettigimiz-bakan-biber-gazi-<wbr \/>zararli-olabilir-normalden-<wbr \/>fazla-elma-yemek-gibi\/13619<\/a><\/div>\n","protected":false},"excerpt":{"rendered":"<p>Birg\u00fcn, 13 \u015eubat Cuma Sa\u011fl\u0131k Bakan\u0131 Mehmet M\u00fcezzino\u011flu, \u00e7\u0131kt\u0131\u011f\u0131 canl\u0131 yay\u0131nda biber gaz\u0131 kullan\u0131m\u0131n\u0131 savunurken, sa\u011fl\u0131\u011fa zarar\u0131 ile ilgili herhangi&#46;&#46;&#46;<\/p>\n","protected":false},"author":1,"featured_media":0,"comment_status":"closed","ping_status":"closed","sticky":false,"template":"","format":"standard","meta":{"_jetpack_memberships_contains_paid_content":false,"footnotes":""},"categories":[62],"tags":[],"class_list":["post-4701","post","type-post","status-publish","format-standard","hentry","category-sagliktan-haberler"],"aioseo_notices":[],"jetpack_featured_media_url":"","jetpack_sharing_enabled":true,"jetpack-related-posts":[],"_links":{"self":[{"href":"http:\/\/www.ced.org.tr\/index.php?rest_route=\/wp\/v2\/posts\/4701","targetHints":{"allow":["GET"]}}],"collection":[{"href":"http:\/\/www.ced.org.tr\/index.php?rest_route=\/wp\/v2\/posts"}],"about":[{"href":"http:\/\/www.ced.org.tr\/index.php?rest_route=\/wp\/v2\/types\/post"}],"author":[{"embeddable":true,"href":"http:\/\/www.ced.org.tr\/index.php?rest_route=\/wp\/v2\/users\/1"}],"replies":[{"embeddable":true,"href":"http:\/\/www.ced.org.tr\/index.php?rest_route=%2Fwp%2Fv2%2Fcomments&post=4701"}],"version-history":[{"count":2,"href":"http:\/\/www.ced.org.tr\/index.php?rest_route=\/wp\/v2\/posts\/4701\/revisions"}],"predecessor-version":[{"id":4703,"href":"http:\/\/www.ced.org.tr\/index.php?rest_route=\/wp\/v2\/posts\/4701\/revisions\/4703"}],"wp:attachment":[{"href":"http:\/\/www.ced.org.tr\/index.php?rest_route=%2Fwp%2Fv2%2Fmedia&parent=4701"}],"wp:term":[{"taxonomy":"category","embeddable":true,"href":"http:\/\/www.ced.org.tr\/index.php?rest_route=%2Fwp%2Fv2%2Fcategories&post=4701"},{"taxonomy":"post_tag","embeddable":true,"href":"http:\/\/www.ced.org.tr\/index.php?rest_route=%2Fwp%2Fv2%2Ftags&post=4701"}],"curies":[{"name":"wp","href":"https:\/\/api.w.org\/{rel}","templated":true}]}}