{"id":4711,"date":"2015-02-18T12:56:58","date_gmt":"2015-02-18T10:56:58","guid":{"rendered":"http:\/\/www.ced.org.tr\/?p=4711"},"modified":"2015-02-18T15:13:46","modified_gmt":"2015-02-18T13:13:46","slug":"turk-eczacilari-birliginin-yardimlasma-sandigi-dayatmasina-danistay-dur-dedi","status":"publish","type":"post","link":"http:\/\/www.ced.org.tr\/?p=4711","title":{"rendered":"T\u00fcrk Eczac\u0131lar\u0131 Birli\u011fi\u2019nin Yard\u0131mla\u015fma Sand\u0131\u011f\u0131 Dayatmas\u0131na Dan\u0131\u015ftay Dur Dedi!"},"content":{"rendered":"<p style=\"text-align: left;\">\u0130stanbul Eczac\u0131 Odas\u0131&#8217;n\u0131n TEB Yard\u0131mla\u015fma Sand\u0131\u011f\u0131 Y\u00f6netmeli\u011fi&#8217;ne kar\u015f\u0131 a\u00e7t\u0131\u011f\u0131 davada Dan\u0131\u015ftay karar\u0131n\u0131 verdi. \u0130EO&#8217;nun duyurusunu yay\u0131nl\u0131yoruz:<\/p>\n<p style=\"text-align: left;\"><strong>T\u00fcrk Eczac\u0131lar\u0131 Birli\u011fi\u2019nin Yard\u0131mla\u015fma Sand\u0131\u011f\u0131 Dayatmas\u0131na Dan\u0131\u015ftay Dur Dedi!<\/strong><\/p>\n<p style=\"text-align: left;\">Bilindi\u011fi \u00fczere T\u00fcrk Eczac\u0131lar\u0131 Birli\u011fi, Eczac\u0131 Odalar\u0131n\u0131n \u00fcyeleri ile olan ili\u015fkisini kesmek amac\u0131yla Elektronik Bilgi Sistemi&#8217;ni (EBS) uygulamaya koymu\u015ftu. TEB y\u00f6netimi bu sistem \u00fczerinden \u00f6zellikle Yard\u0131mla\u015fma Sand\u0131\u011f\u0131 ve aidat borcu olan kamu eczac\u0131s\u0131, sanayi eczac\u0131s\u0131, \u00f6\u011fretim \u00fcyesi ve i\u015fsiz eczac\u0131lar\u0131n hizmet almalar\u0131n\u0131 engellemi\u015f ve bu meslekta\u015flar\u0131m\u0131z\u0131n \u00fcyeliklerinin silinmesi i\u00e7in Eczac\u0131 Odalar\u0131 \u00fczerinde bask\u0131 olu\u015fturmu\u015ftu. Elektronik Bilgi Sistemi (EBS) uygulamas\u0131, \u0130stanbul Eczac\u0131 Odas\u0131 taraf\u0131ndan a\u00e7\u0131lan ve bug\u00fcn halen devam etmekte olan dava ile yarg\u0131ya ta\u015f\u0131nm\u0131\u015ft\u0131.<\/p>\n<p>Bu bask\u0131ya direnen ve 1.780 \u00fcyesini silmeyen \u0130stanbul Eczac\u0131 Odas\u0131 arka arkaya iki kez denetlenmi\u015f, Oda y\u00f6neticileri hakk\u0131nda savc\u0131l\u0131\u011fa su\u00e7 duyurusunda bulunulmu\u015f, bu karara direnenler \u00e7ok a\u011f\u0131r ithamlarla kar\u015f\u0131 kar\u015f\u0131ya kalm\u0131\u015flard\u0131. Ayr\u0131ca \u0130stanbul Eczac\u0131 Odas\u0131&#8217;n\u0131n t\u00fcm nakit gelirlerine ve hizmet ara\u00e7lar\u0131na haciz konularak T\u00fcrkiye&#8217;nin en b\u00fcy\u00fck eczac\u0131 odas\u0131 meslekta\u015flar\u0131ndan kopar\u0131lmak istenmi\u015fti. Savc\u0131l\u0131k soru\u015fturmas\u0131 kapsam\u0131nda d\u00f6nemin Oda y\u00f6neticileri savunmalar\u0131n\u0131 vererek su\u00e7lamalar\u0131 ortaya koyduklar\u0131 belgelerle reddetmi\u015flerdi. Yarg\u0131 sisteminde ya\u015fanan deprem nedeniyle bir y\u0131ll\u0131k gecikmenin ard\u0131ndan Savc\u0131l\u0131k taraf\u0131ndan \u0130stanbul Eczac\u0131 Odas\u0131 y\u00f6neticileri hakk\u0131nda takipsizlik karar\u0131 verildi.<\/p>\n<p>T\u00fcrk Eczac\u0131lar\u0131 Birli\u011fi i\u00e7in bir y\u00fczkaras\u0131 olarak eczac\u0131l\u0131k tarihine ge\u00e7ecek bu uygulamalar kar\u015f\u0131s\u0131nda \u0130stanbul Eczac\u0131 Odas\u0131 Yard\u0131mla\u015fma Sand\u0131\u011f\u0131&#8217;n\u0131n i\u015fleyi\u015fini yarg\u0131ya ta\u015f\u0131m\u0131\u015ft\u0131.<\/p>\n<p>Ge\u00e7ti\u011fimiz g\u00fcnlerde Dan\u0131\u015ftay, Yard\u0131mla\u015fma Sand\u0131\u011f\u0131na y\u00f6nelik \u0130stanbul Eczac\u0131 Odas\u0131 taraf\u0131ndan a\u00e7\u0131lan dava ile ilgili karar\u0131n\u0131 verdi. Yard\u0131mla\u015fma Sand\u0131\u011f\u0131 \u00fcyeli\u011finin zorunlu olmaktan \u00e7\u0131kar\u0131lmas\u0131 talebimiz Dan\u0131\u015ftay taraf\u0131ndan Anayasa Mahkemesi&#8217;ne ta\u015f\u0131n\u0131rken, Yard\u0131mla\u015fma Sand\u0131\u011f\u0131 aidatlar\u0131n\u0131 \u00f6demeyen meslekta\u015flar\u0131m\u0131z\u0131n Oda hizmetlerinden faydalanmas\u0131n\u0131 engelleyen d\u00fczenlemenin ise y\u00fcr\u00fctmesi durduruldu.<\/p>\n<p>Yard\u0131mla\u015fma Sand\u0131\u011f\u0131 y\u00f6netmeli\u011finin 14. maddesi;<\/p>\n<p>&#8220;Sand\u0131\u011fa ait o y\u0131lki y\u0131ll\u0131k aidatlar\u0131n\u0131 \u00f6deyemeyen \u00fcyeler <strong>oda ve<\/strong> sand\u0131k hizmetlerinden yararlanamayacaklar\u0131 gibi haklar\u0131nda \u0130cra ve \u0130flas Kanunu h\u00fck\u00fcmleri uyar\u0131nca i\u015flem yap\u0131l\u0131r.&#8221;<\/p>\n<p>\u015feklinde iken, Yard\u0131mla\u015fma Sand\u0131\u011f\u0131 aidat borcu olan eczac\u0131, Oda hizmetlerinden yararland\u0131r\u0131lmamaktayd\u0131.<\/p>\n<p>Dan\u0131\u015ftay, <strong>oda ve<\/strong> ibaresinin y\u00fcr\u00fctmesini durdurdu\u011fu i\u00e7in Yard\u0131mla\u015fma Sand\u0131\u011f\u0131&#8217;na aidat \u00f6demeyen eczac\u0131lar, Eczac\u0131 Odas\u0131 hizmetlerinin tamam\u0131ndan yararlanabileceklerdir.<\/p>\n<p>Eczac\u0131 kamuoyuna \u00f6nemle duyurulur.<\/p>\n<p style=\"text-align: center;\"><strong>\u0130stanbul Eczac\u0131 Odas\u0131<\/strong><br \/>\n<strong>Y\u00f6netim Kurulu<\/strong><\/p>\n<p><a href=\"http:\/\/www.istanbuleczaciodasi.org.tr\/?page=haberler&amp;news_ID=4395\">http:\/\/www.istanbuleczaciodasi.org.tr\/?page=haberler&amp;news_ID=4395<\/a><\/p>\n","protected":false},"excerpt":{"rendered":"<p>\u0130stanbul Eczac\u0131 Odas\u0131&#8217;n\u0131n TEB Yard\u0131mla\u015fma Sand\u0131\u011f\u0131 Y\u00f6netmeli\u011fi&#8217;ne kar\u015f\u0131 a\u00e7t\u0131\u011f\u0131 davada Dan\u0131\u015ftay karar\u0131n\u0131 verdi. \u0130EO&#8217;nun duyurusunu yay\u0131nl\u0131yoruz: T\u00fcrk Eczac\u0131lar\u0131 Birli\u011fi\u2019nin Yard\u0131mla\u015fma&#46;&#46;&#46;<\/p>\n","protected":false},"author":1,"featured_media":4712,"comment_status":"closed","ping_status":"closed","sticky":false,"template":"","format":"standard","meta":{"_jetpack_memberships_contains_paid_content":false,"footnotes":""},"categories":[1],"tags":[],"class_list":["post-4711","post","type-post","status-publish","format-standard","has-post-thumbnail","hentry","category-ced"],"aioseo_notices":[],"jetpack_featured_media_url":"http:\/\/www.ced.org.tr\/wp-content\/uploads\/2015\/02\/67419-danistay-dan-seker-fabrikalarinin-ozellestirilmesine-onay.jpg","jetpack_sharing_enabled":true,"jetpack-related-posts":[],"_links":{"self":[{"href":"http:\/\/www.ced.org.tr\/index.php?rest_route=\/wp\/v2\/posts\/4711","targetHints":{"allow":["GET"]}}],"collection":[{"href":"http:\/\/www.ced.org.tr\/index.php?rest_route=\/wp\/v2\/posts"}],"about":[{"href":"http:\/\/www.ced.org.tr\/index.php?rest_route=\/wp\/v2\/types\/post"}],"author":[{"embeddable":true,"href":"http:\/\/www.ced.org.tr\/index.php?rest_route=\/wp\/v2\/users\/1"}],"replies":[{"embeddable":true,"href":"http:\/\/www.ced.org.tr\/index.php?rest_route=%2Fwp%2Fv2%2Fcomments&post=4711"}],"version-history":[{"count":2,"href":"http:\/\/www.ced.org.tr\/index.php?rest_route=\/wp\/v2\/posts\/4711\/revisions"}],"predecessor-version":[{"id":4714,"href":"http:\/\/www.ced.org.tr\/index.php?rest_route=\/wp\/v2\/posts\/4711\/revisions\/4714"}],"wp:featuredmedia":[{"embeddable":true,"href":"http:\/\/www.ced.org.tr\/index.php?rest_route=\/wp\/v2\/media\/4712"}],"wp:attachment":[{"href":"http:\/\/www.ced.org.tr\/index.php?rest_route=%2Fwp%2Fv2%2Fmedia&parent=4711"}],"wp:term":[{"taxonomy":"category","embeddable":true,"href":"http:\/\/www.ced.org.tr\/index.php?rest_route=%2Fwp%2Fv2%2Fcategories&post=4711"},{"taxonomy":"post_tag","embeddable":true,"href":"http:\/\/www.ced.org.tr\/index.php?rest_route=%2Fwp%2Fv2%2Ftags&post=4711"}],"curies":[{"name":"wp","href":"https:\/\/api.w.org\/{rel}","templated":true}]}}