{"id":4718,"date":"2015-02-20T08:01:51","date_gmt":"2015-02-20T06:01:51","guid":{"rendered":"http:\/\/www.ced.org.tr\/?p=4718"},"modified":"2015-02-20T08:01:51","modified_gmt":"2015-02-20T06:01:51","slug":"erdoganin-gerektiginde-polis-olan-esnafindan-bicakli-saldiri-gazeteci-nuh-koklu-hayatini-kaybetti","status":"publish","type":"post","link":"http:\/\/www.ced.org.tr\/?p=4718","title":{"rendered":"Erdo\u011fan&#8217;\u0131n &#8216;gerekti\u011finde polis olan esnaf\u0131&#8217;ndan b\u0131\u00e7akl\u0131 sald\u0131r\u0131: Gazeteci Nuh K\u00f6kl\u00fc hayat\u0131n\u0131 kaybetti"},"content":{"rendered":"<div><img decoding=\"async\" src=\"https:\/\/ci3.googleusercontent.com\/proxy\/fch-cSxeMCm5XeHOzmpD8KDv-Nr14uxNeYCeZTK1Xon67EWIBk0XTmPmhsp6qORPV1KwFonydGQAzN9_8gbDmGC_YyrkCqsSBjY8uhtPKqVZpUPN9Fo=s0-d-e1-ft#http:\/\/birgun.net\/assets\/news\/images\/slider_images\/393d8-nuh.jpg\" alt=\"\" \/><\/div>\n<div><\/div>\n<div>\n<p>Cumhurba\u015fkan\u0131 Tayyip Erdo\u011fan&#8217;\u0131n &#8220;Bizim medeniyetimizde, esnaf ve sanatkar gerekti\u011finde askerdir, gerekti\u011finde asayi\u015fi tesis eden polistir, gerekti\u011finde adaleti sa\u011flayan hakimdir, hakemdir&#8221; ifadelerinin \u00fczerinden \u00e7ok ge\u00e7meden gazeteci Nuh K\u00f6kl\u00fc, \u0130stanbul Kad\u0131k\u00f6y\u2019de esnaf taraf\u0131ndan u\u011frad\u0131\u011f\u0131 b\u0131\u00e7akl\u0131 sald\u0131r\u0131 sonucu hayat\u0131n\u0131 kaybetti.<\/p>\n<p>K\u00f6kl\u00fc\u2019n\u00fcn de aralar\u0131nda bulundu\u011fu Yelde\u011firmeni Dayan\u0131\u015fmas\u0131&#8217;ndan bir grup yurtta\u015f ak\u015fam saatlerinde Kad\u0131k\u00f6y\u2019de kartopu oynarken, kartoplar\u0131ndan birinin vitrinine gelmesine sinirlenen bir esnaf\u0131n sald\u0131r\u0131s\u0131na u\u011frad\u0131. A\u011f\u0131r yaralanan ve Haydarpa\u015fa Numune Hastanesi\u2019ne kald\u0131r\u0131lan K\u00f6kl\u00fc hayat\u0131n\u0131 kaybetti.<\/p>\n<p><strong>&#8216;BEN DEL\u0130Y\u0130M, S\u0130LAH GET\u0130R\u0130R S\u0130ZE SIKARIM!&#8217;<\/strong><br \/>\nGazeteci K\u00f6kl\u00fc\u2019n\u00fcn arkada\u015f\u0131 Avukat Tamer Do\u011fan olay\u0131 \u015f\u00f6yle anlatt\u0131: \u201cYelde\u011firmeni Dayan\u0131\u015fmas\u0131\u2019ndan bir grup arkada\u015f olarak \u0130\u00e7 G\u00fcvenlik Yasas\u0131\u2019na tepki olarak Bo\u011fa\u2019da bir etkinli\u011fimiz oldu. Oradan d\u00f6nerken kartopu oynamaya ba\u015flad\u0131k. Karakolhane\u2019ye girdi\u011fimizde olay\u0131n oldu\u011fu sokakta k\u00f6\u015fe ba\u015f\u0131nda cam\u0131na bir tane kartopu geldi\u011fini iddia eden esnaf d\u0131\u015far\u0131 \u00e7\u0131kt\u0131 ve \u00e7ok kaba konu\u015fmaya ba\u015flad\u0131. Kad\u0131n arkada\u015flar\u0131m\u0131z uyard\u0131. Ona ra\u011fmen sakinle\u015fmedi ve i\u00e7eriden beyzbol sopas\u0131yla \u00e7\u0131kt\u0131. Yakla\u015f\u0131k 10-15 ki\u015fiydik. \u0130stesek \u00e7ok rahat d\u00f6verdik. \u2018Ben deliyim size silah getirir s\u0131kar\u0131m, yar\u0131n da hastaneden \u00e7\u0131kar\u0131m\u2019 diye bir beyan da bulundu. Ve sopas\u0131n\u0131 elinden almam\u0131za ra\u011fmen gitti i\u00e7erden ekmek b\u0131\u00e7a\u011f\u0131yla \u00e7\u0131kt\u0131. Ekmek b\u0131\u00e7a\u011f\u0131n\u0131 \u015fuursuzca sallamaya ba\u015flad\u0131. Ve bir kad\u0131n arkada\u015f\u0131m\u0131z \u00f6n\u00fcne ge\u00e7ti. Onun omzunun \u00fcst\u00fcnden sallad\u0131 \u00f6nce. Ondan sonra ba\u015fka bir erkek arkada\u015f\u0131m\u0131z\u0131n montunun g\u00f6\u011f\u00fcs k\u0131sm\u0131n\u0131 kesecek \u015fekilde savurdu. Yetmiyormu\u015f gibi Emrah diye bir arkada\u015f\u0131m\u0131z\u0131 k\u00f6\u015feye s\u0131k\u0131\u015ft\u0131rd\u0131\u011f\u0131nda, Nuh arkada\u015f\u0131m\u0131z ko\u015farak yard\u0131ma gitti. Nuh onun belinden tutmaya \u00e7al\u0131\u015f\u0131rken kay\u0131p d\u00fc\u015ft\u00fc. Nuh yerde s\u0131rt\u00fcst\u00fc yatarken ekmek b\u0131\u00e7a\u011f\u0131n\u0131 sert bir \u015fekilde saplad\u0131 ve Nuh feryat etti. Aya\u011fa kalkabildi. 10-15 ad\u0131m att\u0131 yere y\u0131\u011f\u0131ld\u0131.&#8221;<\/p>\n<p><img loading=\"lazy\" decoding=\"async\" class=\"CToWUd a6T\" tabindex=\"0\" src=\"https:\/\/mail.google.com\/mail\/u\/0\/?ui=2&amp;ik=751f6f8a69&amp;view=fimg&amp;th=14ba2057432b9be8&amp;attid=0.1&amp;disp=emb&amp;realattid=ii_14ba20384608f281&amp;attbid=ANGjdJ8LcJ9QsSmfyG5OOaLk8LUm8AxMtTmkbs3GCl6QDPpogf1mTyJHW6-IWNUjPb32GUTiBpluqEQZgyp-LNTBdIRgF-1bxtRSrMAXtXJymT7Z-oNlS6gid8zgk5c&amp;sz=w948-h712&amp;ats=1424410519815&amp;rm=14ba2057432b9be8&amp;zw&amp;atsh=1\" alt=\"Sat\u0131r i\u00e7i resim 1\" width=\"474\" height=\"356\" \/><\/p>\n<div class=\"a6S\" dir=\"ltr\"><\/div>\n<p><strong>BI\u00c7A\u011eI SAKLAMI\u015e, EL\u0130N\u0130 YIKAMI\u015e<\/strong><br \/>\nAd\u0131 Serkan A. \u015feklinde a\u00e7\u0131klanan zanl\u0131n\u0131n i\u00e7eri girip b\u0131\u00e7a\u011f\u0131 saklayacak ve elini y\u0131kayacak kadar pervas\u0131z hareket etti\u011fini aktaran Tamer Do\u011fan, zanl\u0131n\u0131n k\u00fcf\u00fcrl\u00fc ve tahrik edici konu\u015fmalar\u0131na devam etti\u011fini belirtti.<\/p>\n<p>G\u00f6rg\u00fc tan\u0131klar\u0131 da sald\u0131rgan\u0131n elinde kanl\u0131 b\u0131\u00e7a\u011f\u0131yla olay yerinde toplanan yurtta\u015flar tehditler savurdu\u011funu aktard\u0131.<\/p>\n<p>Gayrettepe Emniyeti&#8217;nde g\u00f6zalt\u0131na al\u0131nan Serkan A.&#8217;n\u0131n tutuklanma talebiyle adliyeye sevk edilmesi.<\/p>\n<\/div>\n","protected":false},"excerpt":{"rendered":"<p>Cumhurba\u015fkan\u0131 Tayyip Erdo\u011fan&#8217;\u0131n &#8220;Bizim medeniyetimizde, esnaf ve sanatkar gerekti\u011finde askerdir, gerekti\u011finde asayi\u015fi tesis eden polistir, gerekti\u011finde adaleti sa\u011flayan hakimdir, hakemdir&#8221;&#46;&#46;&#46;<\/p>\n","protected":false},"author":1,"featured_media":0,"comment_status":"closed","ping_status":"closed","sticky":false,"template":"","format":"standard","meta":{"_jetpack_memberships_contains_paid_content":false,"footnotes":""},"categories":[1],"tags":[],"class_list":["post-4718","post","type-post","status-publish","format-standard","hentry","category-ced"],"aioseo_notices":[],"jetpack_featured_media_url":"","jetpack_sharing_enabled":true,"jetpack-related-posts":[],"_links":{"self":[{"href":"http:\/\/www.ced.org.tr\/index.php?rest_route=\/wp\/v2\/posts\/4718","targetHints":{"allow":["GET"]}}],"collection":[{"href":"http:\/\/www.ced.org.tr\/index.php?rest_route=\/wp\/v2\/posts"}],"about":[{"href":"http:\/\/www.ced.org.tr\/index.php?rest_route=\/wp\/v2\/types\/post"}],"author":[{"embeddable":true,"href":"http:\/\/www.ced.org.tr\/index.php?rest_route=\/wp\/v2\/users\/1"}],"replies":[{"embeddable":true,"href":"http:\/\/www.ced.org.tr\/index.php?rest_route=%2Fwp%2Fv2%2Fcomments&post=4718"}],"version-history":[{"count":1,"href":"http:\/\/www.ced.org.tr\/index.php?rest_route=\/wp\/v2\/posts\/4718\/revisions"}],"predecessor-version":[{"id":4719,"href":"http:\/\/www.ced.org.tr\/index.php?rest_route=\/wp\/v2\/posts\/4718\/revisions\/4719"}],"wp:attachment":[{"href":"http:\/\/www.ced.org.tr\/index.php?rest_route=%2Fwp%2Fv2%2Fmedia&parent=4718"}],"wp:term":[{"taxonomy":"category","embeddable":true,"href":"http:\/\/www.ced.org.tr\/index.php?rest_route=%2Fwp%2Fv2%2Fcategories&post=4718"},{"taxonomy":"post_tag","embeddable":true,"href":"http:\/\/www.ced.org.tr\/index.php?rest_route=%2Fwp%2Fv2%2Ftags&post=4718"}],"curies":[{"name":"wp","href":"https:\/\/api.w.org\/{rel}","templated":true}]}}