{"id":4720,"date":"2015-02-20T08:03:49","date_gmt":"2015-02-20T06:03:49","guid":{"rendered":"http:\/\/www.ced.org.tr\/?p=4720"},"modified":"2015-02-20T08:03:49","modified_gmt":"2015-02-20T06:03:49","slug":"ozgecani-yakan-gericilige-karsi-ayaktayiz","status":"publish","type":"post","link":"http:\/\/www.ced.org.tr\/?p=4720","title":{"rendered":"\u00d6zgecan&#8217;\u0131 yakan gericili\u011fe kar\u015f\u0131 AYAKTAYIZ!"},"content":{"rendered":"<p>\u00dcniversite \u00f6\u011frencisi \u00d6zgecan Aslan&#8217;\u0131n vah\u015fice \u00f6ld\u00fcr\u00fclmesine kar\u015f\u0131 a\u00e7\u0131klama yapan Haziran, &#8216;Ya\u015famak i\u00e7in AYAKTAYIZ&#8217; ifadesine yer verdi.<\/p>\n<p>Birle\u015fik Haziran Hareketi (Haziran) 20 ya\u015f\u0131ndaki \u00fcniversite \u00f6\u011frencisi \u00d6zgecan Aslan&#8217;\u0131n vah\u015fice katledilmesine ili\u015fkin bir a\u00e7\u0131klama yay\u0131mlad\u0131. &#8220;\u00d6zgecan&#8217;\u0131 katleden gericili\u011fe kar\u015f\u0131 AYAKTAYIZ!&#8221; ba\u015fl\u0131\u011f\u0131n\u0131n kullan\u0131ld\u0131\u011f\u0131 a\u00e7\u0131klamada AKP iktidar\u0131 d\u00f6neminde kad\u0131n cinayetlerinin ve kad\u0131na kar\u015f\u0131 \u015fiddetin y\u00fczde 1400 oran\u0131nda artt\u0131\u011f\u0131 vurguland\u0131. Gericili\u011fin kad\u0131nlar\u0131 hedefine yerle\u015ftirdi\u011fini de belirten Haziran, kad\u0131n d\u00fc\u015fman\u0131 AKP iktidar\u0131n\u0131 y\u0131kacaklar\u0131n\u0131 bildirdi. Haziran&#8217;\u0131n a\u00e7\u0131klamas\u0131 \u015fu \u015fekilde;<\/p>\n<p><em>&#8220;\u00d6zgecan Arslan evine gitmek \u00fczere bindi\u011fi minib\u00fcste tecav\u00fcze u\u011frad\u0131, \u00fc\u00e7 erkek taraf\u0131ndan bo\u011faz\u0131 kesildi, cesedi yak\u0131ld\u0131 ve bir dere yata\u011f\u0131na at\u0131ld\u0131.<\/p>\n<p>Bu \u00fclkenin kad\u0131nlar\u0131;<\/p>\n<p>Erkeklerin \u015fiddetine direndi\u011fi i\u00e7in \u00f6ld\u00fcr\u00fcl\u00fcyor.<\/p>\n<p>Bo\u015fanmak istedi\u011fi i\u00e7in \u00f6ld\u00fcr\u00fcl\u00fcyor.<\/p>\n<p>Giydi\u011fi k\u0131yafeti nedeniyle \u00f6ld\u00fcr\u00fcl\u00fcyor.<\/p>\n<p>Yeme\u011fin tuzunu fazla ka\u00e7\u0131rd\u0131\u011f\u0131 i\u00e7in \u00f6ld\u00fcr\u00fcl\u00fcyor.<\/p>\n<p>\u00c7al\u0131\u015fmak istedi\u011fi i\u00e7in \u00f6ld\u00fcr\u00fcl\u00fcyor.<\/p>\n<p>Tecav\u00fcze u\u011fray\u0131p \u00f6ld\u00fcr\u00fcl\u00fcyor.<\/p>\n<p>Gece soka\u011fa \u00e7\u0131kt\u0131\u011f\u0131 i\u00e7in \u00f6ld\u00fcr\u00fcl\u00fcyor.<\/p>\n<p>Bir erke\u011fin evlilik teklifini reddetti\u011fi i\u00e7in \u00f6ld\u00fcr\u00fcl\u00fcyor.<\/p>\n<p>\u00d6zgecan gibi minib\u00fcse tek ba\u015f\u0131na bindi\u011fi i\u00e7in \u00f6ld\u00fcr\u00fcl\u00fcyor.<\/p>\n<p>Sonu\u00e7ta ya d\u00f6v\u00fcl\u00fcyor ya \u00f6ld\u00fcr\u00fcl\u00fcyor.<\/p>\n<p>\u00d6len hep KADIN.<\/p>\n<p>\u00d6ld\u00fcren hep ERKEK.<\/p>\n<p>Katili koruyan hep erkek egemen DEVLET.<\/p>\n<p>AKP\u2019nin 13 y\u0131ll\u0131k iktidar\u0131nda kad\u0131n dayat\u0131lan annelik oldu, 3 \u00e7ocuk oldu, k\u00fcrtaj\u0131n yasaklanmas\u0131 oldu, hamileyken soka\u011fa \u00e7\u0131kamamak oldu, \u201c\u00f6rt\u00fcs\u00fcz kad\u0131n perdesiz eve benzer\u201d oldu, \u201cannenin diz kapa\u011f\u0131n\u0131n \u00fcst\u00fc tahrik eder\u201d oldu, \u201c6 ya\u015f\u0131nda evlenilebilir\u201d oldu, kahkaha att\u0131\u011f\u0131 i\u00e7in iffetsiz oldu, kad\u0131n erkek e\u015fitli\u011fi f\u0131trata ters oldu.<\/p>\n<p>K\u0131sacas\u0131 AKP, kad\u0131n\u0131 hedefine koydu.<\/p>\n<p>AKP iktidar\u0131nda kad\u0131n cinayetleri y\u00fczde 1400 artt\u0131. Her g\u00fcn 6 kad\u0131n erkekler taraf\u0131ndan sokak ortas\u0131nda onlarca b\u0131\u00e7ak darbesiyle, kur\u015funla, yak\u0131larak \u00f6ld\u00fcr\u00fcld\u00fc.<\/p>\n<p>AKP\u2019nin gerici d\u00fczeninde \u00d6zgecan tek ba\u015f\u0131na minib\u00fcse bindi\u011fi i\u00e7in tecav\u00fcze u\u011frad\u0131, \u00f6ld\u00fcr\u00fcld\u00fc.<\/p>\n<p>Il\u0131ml\u0131s\u0131, radikali fark etmiyor. Bu gericilik kad\u0131n\u0131 hedefine koyuyor.<\/p>\n<p>Kad\u0131nlara ya erke\u011fin k\u00f6lesi olup itaat edeceksin ya da etmezsen erkek taraf\u0131ndan tecav\u00fcz edilmeyi, dayak yemeyi, \u00f6ld\u00fcr\u00fclmeyi hak edeceksin deniliyor.<\/p>\n<p>\u00d6zgecan, t\u0131pk\u0131 senden \u00f6nce katledilen t\u00fcm kad\u0131nlara oldu\u011fu gibi, sana da s\u00f6z\u00fcm\u00fcz var.<\/p>\n<p>Bu kad\u0131n d\u00fc\u015fman\u0131 AKP d\u00fczenini y\u0131kaca\u011f\u0131z.<\/p>\n<p>Kad\u0131n d\u00fc\u015fman\u0131 AKP\u2019ye kar\u015f\u0131 ayaktay\u0131z!<\/p>\n<p>Tecav\u00fcz insanl\u0131k su\u00e7udur, tecav\u00fcze kar\u015f\u0131 ayaktay\u0131z!<\/p>\n<p>\u00d6zgecan\u2019\u0131 yakan gericili\u011fe kar\u015f\u0131 ayaktay\u0131z!<\/p>\n<p>Ya\u015famak i\u00e7in \u0130SYANDAYIZ!<\/em>&#8220;<\/p>\n","protected":false},"excerpt":{"rendered":"<p>\u00dcniversite \u00f6\u011frencisi \u00d6zgecan Aslan&#8217;\u0131n vah\u015fice \u00f6ld\u00fcr\u00fclmesine kar\u015f\u0131 a\u00e7\u0131klama yapan Haziran, &#8216;Ya\u015famak i\u00e7in AYAKTAYIZ&#8217; ifadesine yer verdi. Birle\u015fik Haziran Hareketi (Haziran)&#46;&#46;&#46;<\/p>\n","protected":false},"author":1,"featured_media":0,"comment_status":"closed","ping_status":"closed","sticky":false,"template":"","format":"standard","meta":{"_jetpack_memberships_contains_paid_content":false,"footnotes":""},"categories":[1],"tags":[],"class_list":["post-4720","post","type-post","status-publish","format-standard","hentry","category-ced"],"aioseo_notices":[],"jetpack_featured_media_url":"","jetpack_sharing_enabled":true,"jetpack-related-posts":[],"_links":{"self":[{"href":"http:\/\/www.ced.org.tr\/index.php?rest_route=\/wp\/v2\/posts\/4720","targetHints":{"allow":["GET"]}}],"collection":[{"href":"http:\/\/www.ced.org.tr\/index.php?rest_route=\/wp\/v2\/posts"}],"about":[{"href":"http:\/\/www.ced.org.tr\/index.php?rest_route=\/wp\/v2\/types\/post"}],"author":[{"embeddable":true,"href":"http:\/\/www.ced.org.tr\/index.php?rest_route=\/wp\/v2\/users\/1"}],"replies":[{"embeddable":true,"href":"http:\/\/www.ced.org.tr\/index.php?rest_route=%2Fwp%2Fv2%2Fcomments&post=4720"}],"version-history":[{"count":1,"href":"http:\/\/www.ced.org.tr\/index.php?rest_route=\/wp\/v2\/posts\/4720\/revisions"}],"predecessor-version":[{"id":4721,"href":"http:\/\/www.ced.org.tr\/index.php?rest_route=\/wp\/v2\/posts\/4720\/revisions\/4721"}],"wp:attachment":[{"href":"http:\/\/www.ced.org.tr\/index.php?rest_route=%2Fwp%2Fv2%2Fmedia&parent=4720"}],"wp:term":[{"taxonomy":"category","embeddable":true,"href":"http:\/\/www.ced.org.tr\/index.php?rest_route=%2Fwp%2Fv2%2Fcategories&post=4720"},{"taxonomy":"post_tag","embeddable":true,"href":"http:\/\/www.ced.org.tr\/index.php?rest_route=%2Fwp%2Fv2%2Ftags&post=4720"}],"curies":[{"name":"wp","href":"https:\/\/api.w.org\/{rel}","templated":true}]}}