{"id":4723,"date":"2015-02-24T18:49:40","date_gmt":"2015-02-24T16:49:40","guid":{"rendered":"http:\/\/www.ced.org.tr\/?p=4723"},"modified":"2015-02-24T18:49:40","modified_gmt":"2015-02-24T16:49:40","slug":"sayin-devlet-bir-cocuk-daha-oluyor","status":"publish","type":"post","link":"http:\/\/www.ced.org.tr\/?p=4723","title":{"rendered":"Say\u0131n devlet bir \u00e7ocuk daha \u00f6l\u00fcyor!"},"content":{"rendered":"<div>Radikal, 21\/01\/2015 07:36<\/p>\n<div>Haber: \u0130DR\u0130S EMEN<\/div>\n<div><\/div>\n<div><\/div>\n<div>SGK taraf\u0131ndan ila\u00e7lar\u0131 kesilen ve \u00fc\u00e7 y\u0131l ila\u00e7 alamad\u0131\u011f\u0131 i\u00e7in \u00f6len 12 ya\u015f\u0131ndaki Beytullah Hakyeri&#8217;den sonra 7 ya\u015f\u0131ndaki Ekin Miray&#8217;\u0131n da hayat\u0131 tehlikede. Sa\u011fl\u0131k Bakanl\u0131\u011f\u0131 ve SGK aras\u0131ndaki b\u00fcrokrasi y\u00fcz\u00fcnden Ekin Miray 6 ayd\u0131r ila\u00e7 alam\u0131yor.<\/div>\n<div><\/div>\n<\/div>\n<div><strong>\u00a0<\/strong>Mukopolisakkaridoz (MPS) hastal\u0131\u011f\u0131 d\u00fcnyada ender g\u00f6r\u00fclen genetik hastal\u0131klardan biri. Ya\u011f ve \u015feker par\u00e7alayan enzimlere sahip olmad\u0131\u011f\u0131 i\u00e7in MPS hastalar\u0131n\u0131n v\u00fccutlar\u0131 sa\u011fl\u0131kl\u0131 olarak geli\u015femiyor. Buna ba\u011fl\u0131 olarak y\u00fcr\u00fcme ve konu\u015fma gibi fiziksel faaliyetleri yerine getiremiyorlar. Sa\u011fl\u0131kl\u0131 fiziksel geli\u015fim i\u00e7in MPS hastalar\u0131na enzim tedavisi uygulanmas\u0131 \u015fart. 200 binde bir g\u00f6r\u00fclen bu hastal\u0131k <a href=\"http:\/\/www.radikal.com.tr\/index\/Turkiye\" target=\"_blank\">T\u00fcrkiye<\/a> \u2019de yakla\u015f\u0131k 250 \u00e7ocukta bulunuyor.<\/p>\n<p>Gazi \u00dcniversitesi <a href=\"http:\/\/www.radikal.com.tr\/index\/cocuk\" target=\"_blank\">\u00c7ocuk<\/a> Metabolizmas\u0131 b\u00f6l\u00fcm\u00fcnde tedavi g\u00f6ren yedi ya\u015f\u0131ndaki Ekin Miray Y\u0131ld\u0131z\u2019a 2011 y\u0131l\u0131nda MPS T\u0130P 4 te\u015fhisi konuldu. Doktorlar 1 Temmuz 2014 tarihinde bir Vimizim adl\u0131 ilac\u0131 kullanmas\u0131 i\u00e7in Miray ad\u0131na bir re\u00e7ete d\u00fczenledi. Endikasyon d\u0131\u015f\u0131 olan ilac\u0131n yurt d\u0131\u015f\u0131ndan getirtilmesi i\u00e7in Y\u0131ld\u0131z ad\u0131na 2 Temmuz 2014 tarihinde Sa\u011fl\u0131k Bakanl\u0131\u011f\u0131 T\u00fcrkiye \u0130la\u00e7 ve T\u0131bbi Cihazlar Kurumu taraf\u0131ndan bir rapor haz\u0131rlanarak SGK\u2019ya g\u00f6nderildi. Ancak Vimizim adl\u0131 ila\u00e7 SGK taraf\u0131ndan \u2018yurtd\u0131\u015f\u0131 \u00f6denecek ila\u00e7lar\u2019 listesine eklenmedi\u011fi i\u00e7in Y\u0131ld\u0131z tam 6 ayd\u0131r ila\u00e7 alam\u0131yor.<\/div>\n","protected":false},"excerpt":{"rendered":"<p>Radikal, 21\/01\/2015 07:36 Haber: \u0130DR\u0130S EMEN SGK taraf\u0131ndan ila\u00e7lar\u0131 kesilen ve \u00fc\u00e7 y\u0131l ila\u00e7 alamad\u0131\u011f\u0131 i\u00e7in \u00f6len 12 ya\u015f\u0131ndaki Beytullah&#46;&#46;&#46;<\/p>\n","protected":false},"author":1,"featured_media":0,"comment_status":"closed","ping_status":"closed","sticky":false,"template":"","format":"standard","meta":{"_jetpack_memberships_contains_paid_content":false,"footnotes":""},"categories":[62],"tags":[],"class_list":["post-4723","post","type-post","status-publish","format-standard","hentry","category-sagliktan-haberler"],"aioseo_notices":[],"jetpack_featured_media_url":"","jetpack_sharing_enabled":true,"jetpack-related-posts":[],"_links":{"self":[{"href":"http:\/\/www.ced.org.tr\/index.php?rest_route=\/wp\/v2\/posts\/4723","targetHints":{"allow":["GET"]}}],"collection":[{"href":"http:\/\/www.ced.org.tr\/index.php?rest_route=\/wp\/v2\/posts"}],"about":[{"href":"http:\/\/www.ced.org.tr\/index.php?rest_route=\/wp\/v2\/types\/post"}],"author":[{"embeddable":true,"href":"http:\/\/www.ced.org.tr\/index.php?rest_route=\/wp\/v2\/users\/1"}],"replies":[{"embeddable":true,"href":"http:\/\/www.ced.org.tr\/index.php?rest_route=%2Fwp%2Fv2%2Fcomments&post=4723"}],"version-history":[{"count":1,"href":"http:\/\/www.ced.org.tr\/index.php?rest_route=\/wp\/v2\/posts\/4723\/revisions"}],"predecessor-version":[{"id":4724,"href":"http:\/\/www.ced.org.tr\/index.php?rest_route=\/wp\/v2\/posts\/4723\/revisions\/4724"}],"wp:attachment":[{"href":"http:\/\/www.ced.org.tr\/index.php?rest_route=%2Fwp%2Fv2%2Fmedia&parent=4723"}],"wp:term":[{"taxonomy":"category","embeddable":true,"href":"http:\/\/www.ced.org.tr\/index.php?rest_route=%2Fwp%2Fv2%2Fcategories&post=4723"},{"taxonomy":"post_tag","embeddable":true,"href":"http:\/\/www.ced.org.tr\/index.php?rest_route=%2Fwp%2Fv2%2Ftags&post=4723"}],"curies":[{"name":"wp","href":"https:\/\/api.w.org\/{rel}","templated":true}]}}