{"id":4726,"date":"2015-02-26T21:58:11","date_gmt":"2015-02-26T19:58:11","guid":{"rendered":"http:\/\/www.ced.org.tr\/?p=4726"},"modified":"2015-02-26T21:58:11","modified_gmt":"2015-02-26T19:58:11","slug":"eczacilar-bonzai-ile-mucadele-icin-sahada","status":"publish","type":"post","link":"http:\/\/www.ced.org.tr\/?p=4726","title":{"rendered":"Eczac\u0131lar bonzai ile m\u00fccadele i\u00e7in sahada"},"content":{"rendered":"<p><strong>B\u0130RG\u00dcN, 24 \u015eubat 2015<\/strong><\/p>\n<p>T\u00fcrk Eczac\u0131lar\u0131 Birli\u011fi (TEB) ba\u015flataca\u011f\u0131 yeni proje kapsam\u0131nda, son y\u0131llarda yayg\u0131nla\u015fan ve son derece tehlikeli olan bonzai kullan\u0131m\u0131n\u0131 \u00f6nlemek i\u00e7in yeni bir proje ba\u015flat\u0131yor. Proje kapsam\u0131nda, bir\u00e7ok b\u00f6lgeden se\u00e7ilen eczac\u0131lar, kendi mesleki bilgilerinin yan\u0131nda uzmanlardan alacaklar\u0131 e\u011fitim sonras\u0131nda, okullarda e\u011fitim vermeye ba\u015flayacak. T\u00fcrkiye&#8217;nin hemen her b\u00f6lgesinden Ankara&#8217;ya gelen 60 eczac\u0131 ilk e\u011fitimini ald\u0131.<\/p>\n<p><strong>Nas\u0131l m\u00fccadele edilmeli<\/strong><\/p>\n<p>E\u011fitim sonras\u0131 eczac\u0131lar, kendi mesleki bilgi ve birikimlerinin \u0131\u015f\u0131\u011f\u0131nda, b\u00f6lgelerindeki okullarda bonzai e\u011fitimlerine ba\u015flayacak. Ortaokullar, liseler ve halk e\u011fitim merkezlerinde d\u00fczenli olarak verilen e\u011fitim kapsam\u0131nda, eczac\u0131lara bonzainin tehlikeleri ve sonu\u00e7lar\u0131, ba\u011f\u0131ml\u0131l\u0131\u011fa yol a\u00e7an s\u00fcre\u00e7 ve ba\u011f\u0131ml\u0131l\u0131k g\u00f6stergeleri, ba\u011f\u0131ml\u0131l\u0131k yapan maddelerin ortak \u00f6zellikleri, i\u00e7indeki maddeler ve v\u00fccuda olan zararlar\u0131, &#8220;Bonzai ile nas\u0131l m\u00fccadele edilmeli&#8221; konular\u0131nda bilgi verildi.<\/p>\n<p><strong>&#8216;Hedef t\u00fcm gen\u00e7ler&#8217;<\/strong><\/p>\n<p>TEB, eczac\u0131lar arac\u0131l\u0131\u011f\u0131yla okul \u00e7a\u011f\u0131ndaki t\u00fcm \u00e7ocuklara ve gen\u00e7lere ula\u015fmay\u0131 hedefliyor. TEB, ilk a\u015famada e\u011fitim sonras\u0131nda illerine giden ve okullarda e\u011fitimlere ba\u015flayacak olan 60 eczac\u0131 say\u0131s\u0131n\u0131n, daha sonra yap\u0131lacak e\u011fitimlerle artaca\u011f\u0131n\u0131 ifade etti.<\/p>\n","protected":false},"excerpt":{"rendered":"<p>B\u0130RG\u00dcN, 24 \u015eubat 2015 T\u00fcrk Eczac\u0131lar\u0131 Birli\u011fi (TEB) ba\u015flataca\u011f\u0131 yeni proje kapsam\u0131nda, son y\u0131llarda yayg\u0131nla\u015fan ve son derece tehlikeli olan&#46;&#46;&#46;<\/p>\n","protected":false},"author":1,"featured_media":0,"comment_status":"closed","ping_status":"closed","sticky":false,"template":"","format":"standard","meta":{"_jetpack_memberships_contains_paid_content":false,"footnotes":""},"categories":[62],"tags":[],"class_list":["post-4726","post","type-post","status-publish","format-standard","hentry","category-sagliktan-haberler"],"aioseo_notices":[],"jetpack_featured_media_url":"","jetpack_sharing_enabled":true,"jetpack-related-posts":[],"_links":{"self":[{"href":"http:\/\/www.ced.org.tr\/index.php?rest_route=\/wp\/v2\/posts\/4726","targetHints":{"allow":["GET"]}}],"collection":[{"href":"http:\/\/www.ced.org.tr\/index.php?rest_route=\/wp\/v2\/posts"}],"about":[{"href":"http:\/\/www.ced.org.tr\/index.php?rest_route=\/wp\/v2\/types\/post"}],"author":[{"embeddable":true,"href":"http:\/\/www.ced.org.tr\/index.php?rest_route=\/wp\/v2\/users\/1"}],"replies":[{"embeddable":true,"href":"http:\/\/www.ced.org.tr\/index.php?rest_route=%2Fwp%2Fv2%2Fcomments&post=4726"}],"version-history":[{"count":1,"href":"http:\/\/www.ced.org.tr\/index.php?rest_route=\/wp\/v2\/posts\/4726\/revisions"}],"predecessor-version":[{"id":4727,"href":"http:\/\/www.ced.org.tr\/index.php?rest_route=\/wp\/v2\/posts\/4726\/revisions\/4727"}],"wp:attachment":[{"href":"http:\/\/www.ced.org.tr\/index.php?rest_route=%2Fwp%2Fv2%2Fmedia&parent=4726"}],"wp:term":[{"taxonomy":"category","embeddable":true,"href":"http:\/\/www.ced.org.tr\/index.php?rest_route=%2Fwp%2Fv2%2Fcategories&post=4726"},{"taxonomy":"post_tag","embeddable":true,"href":"http:\/\/www.ced.org.tr\/index.php?rest_route=%2Fwp%2Fv2%2Ftags&post=4726"}],"curies":[{"name":"wp","href":"https:\/\/api.w.org\/{rel}","templated":true}]}}