{"id":4728,"date":"2015-02-26T22:01:22","date_gmt":"2015-02-26T20:01:22","guid":{"rendered":"http:\/\/www.ced.org.tr\/?p=4728"},"modified":"2015-02-26T22:01:22","modified_gmt":"2015-02-26T20:01:22","slug":"eczacilar-manisada-bitkisel-tibbi-ilac-uretimine-basliyor","status":"publish","type":"post","link":"http:\/\/www.ced.org.tr\/?p=4728","title":{"rendered":"Eczac\u0131lar Manisa\u2019da bitkisel t\u0131bbi ila\u00e7 \u00fcretimine ba\u015fl\u0131yor"},"content":{"rendered":"<p>Do\u011fal \u00fcr\u00fcnlere olan ilgiyi g\u00f6ren eczac\u0131lar bitkisel ila\u00e7 \u00fcretmek i\u00e7in harekete ge\u00e7ti. \u0130zmir Eczac\u0131lar \u00dcretim, Temin ve Da\u011f\u0131t\u0131m Kooperatifi EDAK ve Manisa Eczac\u0131 Odas\u0131 \u0130ktisadi Te\u015fekk\u00fcl\u00fc \u00f6nc\u00fcl\u00fc\u011f\u00fcnde 17 ortakl\u0131 Farmakoop kooperatifi kuruldu<\/p>\n<p><strong>KEZBAN KARABO\u011eA<\/strong><\/p>\n<p>Eczac\u0131lar, bitkisel ila\u00e7 \u00fcretimi yat\u0131r\u0131m\u0131na ba\u015fl\u0131yor. Son y\u0131llarda sa\u011fl\u0131kl\u0131 ya\u015fam\u0131n \u00f6ne \u00e7\u0131kmas\u0131, kimyasal ila\u00e7lardan ka\u00e7\u0131\u015f, do\u011fal bitkisel ila\u00e7lara y\u00f6nelik artan talep eczac\u0131lar\u0131 harekete ge\u00e7irdi. \u2018Do\u011fal\u2019 \u00fcr\u00fcnlere olan ilgiyi g\u00f6ren eczac\u0131lar bitkisel ila\u00e7lar \u00fcretmek i\u00e7in kooperatif kurdu.<\/p>\n<p>Kurulan kooperatifin ad\u0131 Farmakoop. Bu kooperatifin 17 orta\u011f\u0131 var. Ortaklar\u0131n 2\u2019si kurumsal (S\u0131n\u0131rl\u0131 Sorumlu \u0130zmir Eczac\u0131lar \u00dcretim, Temin ve Da\u011f\u0131t\u0131m Kooperatifi EDAK ve Manisa Eczac\u0131 Odas\u0131 \u0130ktisadi Te\u015fekk\u00fcl\u00fc) ve 15\u2019i bireysel eczac\u0131. Farmakoop\u2019un yat\u0131r\u0131m yeri Manisa. Kooperatifin ana s\u00f6zle\u015fmesi tescil edildi. \u00d6rg\u00fctlenme faaliyetine ba\u015flan\u0131ld\u0131. EDAK Y\u00f6netim Kurulu Ba\u015fkan\u0131 Emre Bacanak, \u201cBelli a\u015famalardan sonra \u00fcretime ba\u015flayaca\u011f\u0131z. Bitkisel ila\u00e7 \u00fcretimi piyasada suiistimal ediliyor. Bu mesle\u011fin e\u011fitimini g\u00f6rm\u00fc\u015f insanlar olarak, eczac\u0131l\u0131k kooperatifi olarak buna dur dememiz, bitkisel \u00fcr\u00fcnleri piyasadaki do\u011fru yerde konumland\u0131rmam\u0131z gerekiyor\u201d dedi. Farmakoop ilk etapta, bitkinin etkili b\u00f6l\u00fcm\u00fc olarak nitelendirilen bitkisel droglar\u0131 eczac\u0131n\u0131n kullan\u0131m\u0131na haz\u0131r hale getirmek i\u00e7in \u00e7al\u0131\u015facak. \u0130kinci yol olarak bitkilerden elde edilmi\u015f hammaddelerin kendi markas\u0131yla \u00fcr\u00fcne d\u00f6n\u00fc\u015fm\u00fc\u015f halini eczanelerde sunacak.<\/p>\n<p><strong>Drog \u00fcr\u00fcn portf\u00f6y\u00fc olu\u015facak<\/strong><\/p>\n<p>EDAK Ba\u015fkan\u0131 Bacanak, \u201cFarmakoop \u00f6ncelikle ikinci yoldan y\u00fcr\u00fcyecek. \u00c7\u00fcnk\u00fc eczaneler haz\u0131r birer perakendeci. Ancak as\u0131l hedefimiz \u00fcreticilerle, \u00e7ift\u00e7ilerle bir araya gelinerek bitkisel droglar\u0131n \u00fcretilmesinde bir \u00fcr\u00fcn portf\u00f6y\u00fc olu\u015fturmak\u201d diye konu\u015ftu. T\u0131bbi bitkilerin gerekli yerlerine, do\u011fru olanlar\u0131na ve standardize olanlar\u0131na \u2018drog\u2019 deniyor. Etken maddenin standardize edilmesi i\u015fleminin ehil yani tababet e\u011fitimi alm\u0131\u015f eczac\u0131lar taraf\u0131ndan yap\u0131lmas\u0131 gerekti\u011finin alt\u0131n\u0131 \u00e7izen EDAK Ba\u015fkan\u0131 Bacanak, \u201c\u00d6nemli olan standard\u0131 yakalamak. Piyasaya, t\u00fcketiciye arz edilen bir \u00fcr\u00fcn gurubu olu\u015fturaca\u011f\u0131z ama arkas\u0131nda bir \u00fcniversite deste\u011fi olacak. Farmakoop\u2019un en \u00f6nemli \u00f6zelliklerinden bir tanesi \u00fcniversitelerin eczac\u0131l\u0131k fak\u00fcltelerinin farmakognozi ve botanik bilim dallar\u0131yla s\u00fcrekli irtibat halinde olmas\u0131\u201d \u015feklinde konu\u015ftu. \u0130hracat\u0131 yap\u0131labilir T\u00fcrkiye\u2019nin endemik a\u00e7\u0131dan \u00e7ok zengin bir \u00fclke oldu\u011funu, droglar\u0131n ihracat\u0131n\u0131n yap\u0131labilece\u011fini vurgulayan EDAK Ba\u015fkan\u0131 Bacanak, \u201cHer \u00fcr\u00fcn her bitki \u00f6rt\u00fcs\u00fcnde yeti\u015fmiyor. Baz\u0131lar\u0131n\u0131 d\u0131\u015fardan getirmek durumunda kalabiliriz. Baz\u0131lar\u0131 T\u00fcrkiye\u2019nin sadece belli yerlerinde yeti\u015fiyor. Mesela sadece \u00c7ukurova\u2019da yeti\u015fenler var. Buna bakmak gerecek. Bu i\u015fin b\u00f6yle bir bilimsel taraf\u0131 olmak durumunda\u201d \u015feklinde konu\u015ftu.<\/p>\n<p><strong>\u0130thalatta 1 milyar lira ciro hedefi<\/strong><\/p>\n<p>EDAK\u2019\u0131n sahibi eczac\u0131lar. Y\u00fczde 100 eczac\u0131 sermayeli bir kurum. Merkezi \u0130zmir\u2019de. \u015eu anda 27 il ve 357 il\u00e7eye ula\u015f\u0131yor. Merkez d\u00e2hil 15 \u015fubesi var. \u0130la\u00e7 ve ila\u00e7 d\u0131\u015f\u0131 ba\u015fl\u0131klar\u0131 alt\u0131nda toplam 700 fi rmadan 21 bin 300 \u00e7e\u015fit \u00fcr\u00fcn temin ediyor. \u0130la\u00e7 g\u00f6nderiminde 10-12 dakikay\u0131 buldu\u011fu yerler var. 2014\u2019teki net cirosu 900 milyon lira. EDAK Genel M\u00fcd\u00fcr\u00fc R\u00fcstem Karakaya, \u201cOperasyonel anlamda Karadeniz, Do\u011fu ve \u0130\u00e7 Orta Anadolu B\u00f6lgesi&#8217;ne gidece\u011fiz. \u015eu anda 4 bin 260 eczac\u0131 orta\u011f\u0131m\u0131z var. Bu say\u0131 bu y\u0131l 4 bin 700\u2019e \u00e7\u0131kar\u201d dedi. Karakaya, \u201c2015\u2019teki yat\u0131r\u0131m rakam\u0131 1.5 milyon lira olarak planland\u0131. Ciroda bu y\u0131l 1 milyar liray\u0131 buluruz\u201d diye konu\u015ftu.<\/p>\n<p><strong>Drog nedir? Aktar bitkisinden fark\u0131 ne?<\/strong><\/p>\n<p>Gidersiniz aktardan ada\u00e7ay\u0131 al\u0131rs\u0131n\u0131z. Bu, ada\u00e7ay\u0131 bitkisinin u\u00e7 yapraklar\u0131d\u0131r. Ald\u0131\u011f\u0131n\u0131z ada\u00e7ay\u0131n\u0131n sap\u0131, k\u00f6k\u00fc, \u00e7i\u00e7e\u011fi yoktur. Yani torban\u0131n i\u00e7inde sadece yapraklar vard\u0131r. Toplanmas\u0131 gereken zamanda toplanm\u0131\u015f, i\u00e7indeki etken maddesi belirli standartta olan ada\u00e7ay\u0131 yapraklar\u0131ndan olu\u015fmu\u015f paket \u2018drog\u2019 olarak tan\u0131mlan\u0131yor. Eczac\u0131lar \u015f\u00f6yle tan\u0131ml\u0131yor: T\u0131bbi bitkilerin gerekli yerlerine, do\u011fru olanlar\u0131na ve standardize olanlar\u0131na \u2018drog\u2019 denir. EDAK Genel M\u00fcd\u00fcr\u00fc R\u00fcstem Karakaya, \u201cEtken maddenin standardize i\u015fleminin tababet e\u011fitimi alm\u0131\u015f eczac\u0131lar taraf\u0131ndan yap\u0131lmas\u0131 gerekiyor\u201d diyor.<\/p>\n<p><strong>\u201cEDAK Network ile bin eczanelik perakende a\u011f\u0131 olu\u015fturaca\u011f\u0131z\u201d<\/strong><\/p>\n<p>EDAK\u2019\u0131n g\u00fcndeminde yeni bir proje var. EDAK Network projesi. Bu projeyle 2 bin eczac\u0131 3 y\u0131l i\u00e7inde ortak depo yaz\u0131l\u0131m\u0131 \u00fczerinden birbiriyle ba\u011flanacak. EDAK Genel M\u00fcd\u00fcr\u00fc ve CEO\u2019su R\u00fcstem Karakaya, \u201c\u015eu anda 4 bin 260 tane ortak eczac\u0131m\u0131z var. Bunlar\u0131n 2 bin tanesi b\u00fct\u00fcn ihtiya\u00e7lar\u0131n\u0131 EDAK\u2019tan sa\u011fl\u0131yor. Bu 2 bin i\u00e7erisinden en az bin eczanelik bir network \u00e7\u0131kartmak istiyoruz. Bu T\u00fcrkiye\u2019de bin ma\u011faza demek. Bug\u00fcn, T\u00fcrkiye\u2019de bin ma\u011fazas\u0131 olan \u00e7ok az perakendeci var\u201d dedi. Karakaya, \u201c\u00dcretim ile ilgili faaliyetleri de planlad\u0131k. \u00d6n\u00fcm\u00fczdeki 3 ay i\u00e7inde 60 eczac\u0131y\u0131 birbirine ba\u011flayaca\u011f\u0131z. Bu say\u0131 daha sonra logaritmik olarak artacak. E\u011fitimlerimizi vermeye ba\u015flad\u0131k\u201d diye konu\u015ftu. Karakaya, \u201cEDAK Network ile EDAK orta\u011f\u0131 olan ve EDAK Network \u00fcyesi olan A eczanesinin stoku g\u00f6r\u00fclebilecek. Raftaki \u00fcr\u00fcn\u00fcn\u00fcn ortalama \u00f6mr\u00fc hesaplanarak o \u00fcr\u00fcn yok\u2019a d\u00fc\u015fmeden eczaneye sevki yapabilecek\u201d dedi.<\/p>\n<p><strong>G\u00fcnl\u00fck 23 bin fatura kesiyor, \u015fimdi bunlar\u0131 dijital ortama ta\u015f\u0131yor<\/strong><\/p>\n<p>EDAK\u2019ta her g\u00fcn 23 bin fatura kesiliyor. \u015eimdi e-d\u00f6n\u00fc\u015f\u00fcm ve izlenebilirlik projesi ile 23 bin fatura soft copy olarak dijital platforma ta\u015f\u0131nd\u0131. EDAK Y\u00f6netim Kurulu Ba\u015fkan\u0131 Emre Bacanak, \u201cProje ile y\u0131lda 8 milyon metrek\u00fcp\u00fc a\u015fk\u0131n k\u00e2\u011f\u0131t ve de\u011ferli evrak i\u015flemi dijital platforma ta\u015f\u0131nm\u0131\u015f olacak. Bu faturalar\u0131n soft copy olarak dijital ortama ta\u015f\u0131nmas\u0131 ile y\u0131ll\u0131k 460 bin lira k\u00e2\u011f\u0131t maliyetinden tasarruf sa\u011flanacak. Binlerce a\u011fa\u00e7 nefes almaya devam edecek. EDAK\u2019\u0131n 4 bin 260 eczac\u0131 orta\u011f\u0131 ile dijital entegrasyon sa\u011flanacak\u201d diye konu\u015ftu.<\/p>\n<p>&nbsp;<\/p>\n","protected":false},"excerpt":{"rendered":"<p>Do\u011fal \u00fcr\u00fcnlere olan ilgiyi g\u00f6ren eczac\u0131lar bitkisel ila\u00e7 \u00fcretmek i\u00e7in harekete ge\u00e7ti. \u0130zmir Eczac\u0131lar \u00dcretim, Temin ve Da\u011f\u0131t\u0131m Kooperatifi EDAK&#46;&#46;&#46;<\/p>\n","protected":false},"author":1,"featured_media":0,"comment_status":"closed","ping_status":"closed","sticky":false,"template":"","format":"standard","meta":{"_jetpack_memberships_contains_paid_content":false,"footnotes":""},"categories":[1],"tags":[],"class_list":["post-4728","post","type-post","status-publish","format-standard","hentry","category-ced"],"aioseo_notices":[],"jetpack_featured_media_url":"","jetpack_sharing_enabled":true,"jetpack-related-posts":[],"_links":{"self":[{"href":"http:\/\/www.ced.org.tr\/index.php?rest_route=\/wp\/v2\/posts\/4728","targetHints":{"allow":["GET"]}}],"collection":[{"href":"http:\/\/www.ced.org.tr\/index.php?rest_route=\/wp\/v2\/posts"}],"about":[{"href":"http:\/\/www.ced.org.tr\/index.php?rest_route=\/wp\/v2\/types\/post"}],"author":[{"embeddable":true,"href":"http:\/\/www.ced.org.tr\/index.php?rest_route=\/wp\/v2\/users\/1"}],"replies":[{"embeddable":true,"href":"http:\/\/www.ced.org.tr\/index.php?rest_route=%2Fwp%2Fv2%2Fcomments&post=4728"}],"version-history":[{"count":1,"href":"http:\/\/www.ced.org.tr\/index.php?rest_route=\/wp\/v2\/posts\/4728\/revisions"}],"predecessor-version":[{"id":4729,"href":"http:\/\/www.ced.org.tr\/index.php?rest_route=\/wp\/v2\/posts\/4728\/revisions\/4729"}],"wp:attachment":[{"href":"http:\/\/www.ced.org.tr\/index.php?rest_route=%2Fwp%2Fv2%2Fmedia&parent=4728"}],"wp:term":[{"taxonomy":"category","embeddable":true,"href":"http:\/\/www.ced.org.tr\/index.php?rest_route=%2Fwp%2Fv2%2Fcategories&post=4728"},{"taxonomy":"post_tag","embeddable":true,"href":"http:\/\/www.ced.org.tr\/index.php?rest_route=%2Fwp%2Fv2%2Ftags&post=4728"}],"curies":[{"name":"wp","href":"https:\/\/api.w.org\/{rel}","templated":true}]}}