{"id":4730,"date":"2015-02-26T22:01:55","date_gmt":"2015-02-26T20:01:55","guid":{"rendered":"http:\/\/www.ced.org.tr\/?p=4730"},"modified":"2015-02-26T22:01:55","modified_gmt":"2015-02-26T20:01:55","slug":"emeklilerin-tedavi-gideri-120-lira-artti","status":"publish","type":"post","link":"http:\/\/www.ced.org.tr\/?p=4730","title":{"rendered":"Emeklilerin tedavi gideri 120 lira artt\u0131"},"content":{"rendered":"<p>&nbsp;<\/p>\n<p><strong>BUG\u00dcN, 24 \u015eubat 2015<\/strong><\/p>\n<p>&nbsp;<\/p>\n<p>2002 y\u0131l\u0131nda hastaneye gitti\u011finde cebinden sadece y\u00fczde 10&#8217;luk ila\u00e7 kat\u0131l\u0131m pay\u0131 \u00f6deyen emeklilerin, bug\u00fcn 11 ba\u015fl\u0131k alt\u0131nda para \u00f6der hale geldi\u011fi ortaya \u00e7\u0131kt\u0131.<\/p>\n<p>T\u00fcrkiye \u0130statistik Kurumu (T\u00dc\u0130K) taraf\u0131ndan yay\u0131nlanan &#8220;Sa\u011fl\u0131k \u0130statisti\u011fi Y\u0131ll\u0131\u011f\u0131&#8221;, emeklinin muayene, tedavi ve ila\u00e7 i\u00e7in cebinden \u00e7\u0131kan paran\u0131n 12 senelik art\u0131\u015f\u0131n\u0131 ortaya koydu.<\/p>\n<p><strong>Hasan BOZKURT<\/strong><\/p>\n<p>Rakamlarla ilgili bilgi veren TBMM Sa\u011fl\u0131k, Aile, \u00c7al\u0131\u015fma ve Sosyal \u0130\u015fler Komisyonu \u00dcyesi Aytu\u011f At\u0131c\u0131, bir emeklinin 2002 y\u0131l\u0131nda hastaneye gitti\u011finde\u00a0 cebinden sadece y\u00fczde 10 ila\u00e7 kat\u0131l\u0131m pay\u0131 \u00f6dedi\u011fini hat\u0131rlatt\u0131.<\/p>\n<p><strong>CEPTEN 13,5 M\u0130LYAR L\u0130RA<\/strong><\/p>\n<p>Daha sonra ise emekliden 11 noktada para kesildi\u011fini ifade eden At\u0131c\u0131, 2002&#8217;de emeklilerin cebinden bir y\u0131lda ortalama 56 lira sa\u011fl\u0131k paras\u0131 \u00e7\u0131kt\u0131\u011f\u0131n\u0131, bu rakam\u0131n son y\u0131llarda 157 liraya f\u0131rlad\u0131\u011f\u0131n\u0131 ifade etti. 2013 y\u0131l\u0131nda ise devletin sa\u011fl\u0131\u011fa harcad\u0131\u011f\u0131 paran\u0131n 84 milyar liraya ula\u015ft\u0131\u011f\u0131n\u0131 kaydeden At\u0131c\u0131, bu harcaman\u0131n y\u00fczde 16,8\u2019ine tekab\u00fcl eden 13,5 milyar liran\u0131n vatanda\u015f\u0131n cebinden kar\u015f\u0131land\u0131\u011f\u0131n\u0131 dile getirdi.<\/p>\n<p><strong>HASTANEYE G\u0130TMEYEN VAR<\/strong><\/p>\n<p>Rakam\u0131n 76 milyona b\u00f6l\u00fcnd\u00fc\u011f\u00fcnde 176 lira ki\u015fi ba\u015f\u0131na tedavi, ila\u00e7 ve muayene paras\u0131 \u00f6dendi\u011fini vurgulayan At\u0131c\u0131, \u201cBu rakama en az 100 lira daha eklemek gerekir. \u00c7ok az hastaneye giden hatta hi\u00e7 gitmeyen 15-40 ya\u015f aras\u0131ndaki n\u00fcfus hesaplamalara dahil edildi\u011fi i\u00e7in emeklinin cebinden \u00e7\u0131kan para d\u00fc\u015f\u00fck g\u00f6steriliyor\u201d dedi. At\u0131c\u0131 ayr\u0131ca, bu nedenlerle emeklilerin korkudan hastaneye bile gidemedi\u011fini vurgulad\u0131.<\/p>\n<p><strong>&#8220;S\u0130STEM, HASTA ED\u0130P \u0130LA\u00c7 YAZMA \u00dcZER\u0130NE&#8221;<\/strong><\/p>\n<p>\u00c7al\u0131\u015fma Bakan\u0131 Faruk \u00c7elik\u2019in 80 milyar liral\u0131k sa\u011fl\u0131k harcamalar\u0131n\u0131n y\u00fczde 85\u2019inin vatanda\u015f\u0131n \u00f6dedi\u011fi primlerden kar\u015f\u0131land\u0131\u011f\u0131 bilgisi verdi\u011fini hat\u0131rlatan At\u0131c\u0131, \u015funlar\u0131 anlatt\u0131: \u201cY\u00fczde 15 ise devlet kendisi \u00f6deyece\u011fine vatanda\u015f\u0131n cebinden kesiyor. Koruyucu sa\u011fl\u0131k hizmetlerine \u00f6nem vermek yerine vatanda\u015f\u0131 hasta edip ila\u00e7 yazmak \u00fczerine kurulu bir sa\u011fl\u0131k sistemi var.\u201d<\/p>\n<p><strong>Y\u00dcZDE 200 Y\u00dcKSELD\u0130<\/strong><\/p>\n<p>Emeklilerden kesilen 11 kalemin i\u00e7inde 3-12 lira aras\u0131 aile hekimi, hastane kat\u0131l\u0131m pay\u0131, 3 lira re\u00e7ete paras\u0131, y\u00fczde 200 artan \u00f6zel hastane tedavi fark \u00fccreti gibi unsurlar var.<\/p>\n<p><strong>25 \u015eubat 2015 \u00c7ar\u015famba<\/strong><\/p>\n","protected":false},"excerpt":{"rendered":"<p>&nbsp; BUG\u00dcN, 24 \u015eubat 2015 &nbsp; 2002 y\u0131l\u0131nda hastaneye gitti\u011finde cebinden sadece y\u00fczde 10&#8217;luk ila\u00e7 kat\u0131l\u0131m pay\u0131 \u00f6deyen emeklilerin, bug\u00fcn&#46;&#46;&#46;<\/p>\n","protected":false},"author":1,"featured_media":0,"comment_status":"closed","ping_status":"closed","sticky":false,"template":"","format":"standard","meta":{"_jetpack_memberships_contains_paid_content":false,"footnotes":""},"categories":[62],"tags":[],"class_list":["post-4730","post","type-post","status-publish","format-standard","hentry","category-sagliktan-haberler"],"aioseo_notices":[],"jetpack_featured_media_url":"","jetpack_sharing_enabled":true,"jetpack-related-posts":[],"_links":{"self":[{"href":"http:\/\/www.ced.org.tr\/index.php?rest_route=\/wp\/v2\/posts\/4730","targetHints":{"allow":["GET"]}}],"collection":[{"href":"http:\/\/www.ced.org.tr\/index.php?rest_route=\/wp\/v2\/posts"}],"about":[{"href":"http:\/\/www.ced.org.tr\/index.php?rest_route=\/wp\/v2\/types\/post"}],"author":[{"embeddable":true,"href":"http:\/\/www.ced.org.tr\/index.php?rest_route=\/wp\/v2\/users\/1"}],"replies":[{"embeddable":true,"href":"http:\/\/www.ced.org.tr\/index.php?rest_route=%2Fwp%2Fv2%2Fcomments&post=4730"}],"version-history":[{"count":1,"href":"http:\/\/www.ced.org.tr\/index.php?rest_route=\/wp\/v2\/posts\/4730\/revisions"}],"predecessor-version":[{"id":4731,"href":"http:\/\/www.ced.org.tr\/index.php?rest_route=\/wp\/v2\/posts\/4730\/revisions\/4731"}],"wp:attachment":[{"href":"http:\/\/www.ced.org.tr\/index.php?rest_route=%2Fwp%2Fv2%2Fmedia&parent=4730"}],"wp:term":[{"taxonomy":"category","embeddable":true,"href":"http:\/\/www.ced.org.tr\/index.php?rest_route=%2Fwp%2Fv2%2Fcategories&post=4730"},{"taxonomy":"post_tag","embeddable":true,"href":"http:\/\/www.ced.org.tr\/index.php?rest_route=%2Fwp%2Fv2%2Ftags&post=4730"}],"curies":[{"name":"wp","href":"https:\/\/api.w.org\/{rel}","templated":true}]}}