{"id":4746,"date":"2015-03-06T10:14:36","date_gmt":"2015-03-06T08:14:36","guid":{"rendered":"http:\/\/www.ced.org.tr\/?p=4746"},"modified":"2015-03-06T10:14:36","modified_gmt":"2015-03-06T08:14:36","slug":"deva-ilac-iscileri-rocheu-protesto-etti","status":"publish","type":"post","link":"http:\/\/www.ced.org.tr\/?p=4746","title":{"rendered":"Deva \u0130la\u00e7 i\u015f\u00e7ileri Roche\u2019u protesto etti"},"content":{"rendered":"<p>PETROL-\u0130\u015e Sendikas\u0131&#8217;na \u00fcye i\u015f\u00e7iler, \u0130svi\u00e7reli ila\u00e7 firmas\u0131 Roche&#8217;u hem \u0130svi\u00e7re&#8217;deki hissedarlar toplant\u0131s\u0131nda hem de T\u00fcrkiye&#8217;de protesto etti. \u0130ki \u00fclkede d\u00fcn e\u015f zamanl\u0131 yap\u0131lan eylemlerde Roche&#8217;un, T\u00fcrkiye&#8217;deki i\u015f orta\u011f\u0131 Deva Holding&#8217;de ya\u015fanan sendikal\u0131 i\u015f\u00e7i k\u0131y\u0131m\u0131n\u0131 g\u00f6rmezden geldi\u011fine dikkat \u00e7ekildi. \u0130stanbul Maslak&#8217;ta Roche Genel M\u00fcd\u00fcrl\u00fc\u011f\u00fc \u00f6n\u00fcnde eylem yapan i\u015f\u00e7iler, &#8220;Deva&#8217;ya sendika girecek, ba\u015fka yolu yok&#8221; slogan\u0131 att\u0131. \u0130\u015f\u00e7iler ad\u0131na konu\u015fan Petrol-\u0130\u015f \u0130stanbul 1 Nolu \u015eube Ba\u015fkan\u0131 Ahmet Baranl\u0131, Deva&#8217;da toplus\u00f6zle\u015fme i\u00e7in yetki ald\u0131klar\u0131n\u0131, ancak yetkiye itiraz eden patronun \u015fiddet, taciz ve y\u0131ld\u0131rmaya d\u00f6n\u00fck tavr\u0131n\u0131 s\u00fcrd\u00fcrd\u00fc\u011f\u00fcn\u00fc belirtti. Baranl\u0131, &#8220;Roche, Deva&#8217;da olan biteni g\u00f6z ard\u0131 edemez! Sessiz kalmak Deva&#8217;da ya\u015fananlara ortak olmakt\u0131r&#8221; dedi.<\/p>\n<p><b>B\u00fc\u015fra Zehra T\u00fcmer<\/b><\/p>\n","protected":false},"excerpt":{"rendered":"<p>PETROL-\u0130\u015e Sendikas\u0131&#8217;na \u00fcye i\u015f\u00e7iler, \u0130svi\u00e7reli ila\u00e7 firmas\u0131 Roche&#8217;u hem \u0130svi\u00e7re&#8217;deki hissedarlar toplant\u0131s\u0131nda hem de T\u00fcrkiye&#8217;de protesto etti. \u0130ki \u00fclkede d\u00fcn&#46;&#46;&#46;<\/p>\n","protected":false},"author":1,"featured_media":0,"comment_status":"closed","ping_status":"closed","sticky":false,"template":"","format":"standard","meta":{"_jetpack_memberships_contains_paid_content":false,"footnotes":""},"categories":[1],"tags":[],"class_list":["post-4746","post","type-post","status-publish","format-standard","hentry","category-ced"],"aioseo_notices":[],"jetpack_featured_media_url":"","jetpack_sharing_enabled":true,"jetpack-related-posts":[],"_links":{"self":[{"href":"http:\/\/www.ced.org.tr\/index.php?rest_route=\/wp\/v2\/posts\/4746","targetHints":{"allow":["GET"]}}],"collection":[{"href":"http:\/\/www.ced.org.tr\/index.php?rest_route=\/wp\/v2\/posts"}],"about":[{"href":"http:\/\/www.ced.org.tr\/index.php?rest_route=\/wp\/v2\/types\/post"}],"author":[{"embeddable":true,"href":"http:\/\/www.ced.org.tr\/index.php?rest_route=\/wp\/v2\/users\/1"}],"replies":[{"embeddable":true,"href":"http:\/\/www.ced.org.tr\/index.php?rest_route=%2Fwp%2Fv2%2Fcomments&post=4746"}],"version-history":[{"count":1,"href":"http:\/\/www.ced.org.tr\/index.php?rest_route=\/wp\/v2\/posts\/4746\/revisions"}],"predecessor-version":[{"id":4747,"href":"http:\/\/www.ced.org.tr\/index.php?rest_route=\/wp\/v2\/posts\/4746\/revisions\/4747"}],"wp:attachment":[{"href":"http:\/\/www.ced.org.tr\/index.php?rest_route=%2Fwp%2Fv2%2Fmedia&parent=4746"}],"wp:term":[{"taxonomy":"category","embeddable":true,"href":"http:\/\/www.ced.org.tr\/index.php?rest_route=%2Fwp%2Fv2%2Fcategories&post=4746"},{"taxonomy":"post_tag","embeddable":true,"href":"http:\/\/www.ced.org.tr\/index.php?rest_route=%2Fwp%2Fv2%2Ftags&post=4746"}],"curies":[{"name":"wp","href":"https:\/\/api.w.org\/{rel}","templated":true}]}}