{"id":4748,"date":"2015-03-07T14:23:23","date_gmt":"2015-03-07T12:23:23","guid":{"rendered":"http:\/\/www.ced.org.tr\/?p=4748"},"modified":"2015-03-08T09:42:38","modified_gmt":"2015-03-08T07:42:38","slug":"tum-kadinlarin-8-mart-dunya-emekci-kadinlar-gunu-kutlu-olsun","status":"publish","type":"post","link":"http:\/\/www.ced.org.tr\/?p=4748","title":{"rendered":"T\u00fcm Kad\u0131nlar\u0131n 8 mart D\u00fcnya Emek\u00e7i kad\u0131nlar g\u00fcn\u00fc kutlu olsun"},"content":{"rendered":"<div>T\u00fcm emek\u00e7i kad\u0131nlar\u0131n m\u00fccadelelerini sayg\u0131yla an\u0131yoruz.<\/div>\n<div>Bask\u0131lar bizi y\u0131ld\u0131ramaz.<\/div>\n<div><a href=\"http:\/\/www.ced.org.tr\/wp-content\/uploads\/2015\/03\/Zetkin_luxemburg1910.jpg\"><img loading=\"lazy\" decoding=\"async\" class=\"aligncenter  wp-image-4749\" src=\"http:\/\/www.ced.org.tr\/wp-content\/uploads\/2015\/03\/Zetkin_luxemburg1910-725x1024.jpg\" alt=\"Zetkin_luxemburg1910\" width=\"386\" height=\"546\" srcset=\"http:\/\/www.ced.org.tr\/wp-content\/uploads\/2015\/03\/Zetkin_luxemburg1910-725x1024.jpg 725w, http:\/\/www.ced.org.tr\/wp-content\/uploads\/2015\/03\/Zetkin_luxemburg1910-212x300.jpg 212w, http:\/\/www.ced.org.tr\/wp-content\/uploads\/2015\/03\/Zetkin_luxemburg1910.jpg 872w\" sizes=\"auto, (max-width: 386px) 100vw, 386px\" \/><\/a><\/div>\n","protected":false},"excerpt":{"rendered":"<p>T\u00fcm emek\u00e7i kad\u0131nlar\u0131n m\u00fccadelelerini sayg\u0131yla an\u0131yoruz. Bask\u0131lar bizi y\u0131ld\u0131ramaz.<\/p>\n","protected":false},"author":1,"featured_media":4752,"comment_status":"closed","ping_status":"closed","sticky":false,"template":"","format":"standard","meta":{"_jetpack_memberships_contains_paid_content":false,"footnotes":""},"categories":[1],"tags":[],"class_list":["post-4748","post","type-post","status-publish","format-standard","has-post-thumbnail","hentry","category-ced"],"aioseo_notices":[],"jetpack_featured_media_url":"http:\/\/www.ced.org.tr\/wp-content\/uploads\/2015\/03\/zetkin.png","jetpack_sharing_enabled":true,"jetpack-related-posts":[],"_links":{"self":[{"href":"http:\/\/www.ced.org.tr\/index.php?rest_route=\/wp\/v2\/posts\/4748","targetHints":{"allow":["GET"]}}],"collection":[{"href":"http:\/\/www.ced.org.tr\/index.php?rest_route=\/wp\/v2\/posts"}],"about":[{"href":"http:\/\/www.ced.org.tr\/index.php?rest_route=\/wp\/v2\/types\/post"}],"author":[{"embeddable":true,"href":"http:\/\/www.ced.org.tr\/index.php?rest_route=\/wp\/v2\/users\/1"}],"replies":[{"embeddable":true,"href":"http:\/\/www.ced.org.tr\/index.php?rest_route=%2Fwp%2Fv2%2Fcomments&post=4748"}],"version-history":[{"count":2,"href":"http:\/\/www.ced.org.tr\/index.php?rest_route=\/wp\/v2\/posts\/4748\/revisions"}],"predecessor-version":[{"id":4753,"href":"http:\/\/www.ced.org.tr\/index.php?rest_route=\/wp\/v2\/posts\/4748\/revisions\/4753"}],"wp:featuredmedia":[{"embeddable":true,"href":"http:\/\/www.ced.org.tr\/index.php?rest_route=\/wp\/v2\/media\/4752"}],"wp:attachment":[{"href":"http:\/\/www.ced.org.tr\/index.php?rest_route=%2Fwp%2Fv2%2Fmedia&parent=4748"}],"wp:term":[{"taxonomy":"category","embeddable":true,"href":"http:\/\/www.ced.org.tr\/index.php?rest_route=%2Fwp%2Fv2%2Fcategories&post=4748"},{"taxonomy":"post_tag","embeddable":true,"href":"http:\/\/www.ced.org.tr\/index.php?rest_route=%2Fwp%2Fv2%2Ftags&post=4748"}],"curies":[{"name":"wp","href":"https:\/\/api.w.org\/{rel}","templated":true}]}}