{"id":4756,"date":"2015-03-19T09:24:36","date_gmt":"2015-03-19T07:24:36","guid":{"rendered":"http:\/\/www.ced.org.tr\/?p=4756"},"modified":"2015-03-19T09:24:36","modified_gmt":"2015-03-19T07:24:36","slug":"saglik-bakanligindan-domuz-gribi-aciklamasi-salgin-yok-ama-11-kisi-oldu","status":"publish","type":"post","link":"http:\/\/www.ced.org.tr\/?p=4756","title":{"rendered":"Sa\u011fl\u0131k Bakanl\u0131\u011f\u0131&#8217;ndan domuz gribi a\u00e7\u0131klamas\u0131: Salg\u0131n yok ama 11 ki\u015fi \u00f6ld\u00fc"},"content":{"rendered":"<div>\n<div>\n<div>Radikal, 17\/03\/2015<\/div>\n<h5>T\u00fcrkiye&#8217;de domuz gribi salg\u0131n\u0131 olmad\u0131\u011f\u0131n\u0131 a\u00e7\u0131klayan Sa\u011fl\u0131k Bakanl\u0131\u011f\u0131 M\u00fcste\u015far\u0131 Prof. Dr. Ey\u00fcp G\u00fcm\u00fc\u015f, &#8220;\u00dc\u00e7 ayl\u0131k s\u00fcre\u00e7te 170 ki\u015fide domuz gribi tespit edildi, bunlardan 11 tanesi \u00f6ld\u00fc&#8221; dedi.<\/h5>\n<\/div>\n<\/div>\n<div>\n<div>\n<div>\n<div><strong>RAD\u0130KAL<\/strong>-Art arda gelen gribe ba\u011fl\u0131 \u00f6l\u00fcmlerin ard\u0131ndan Sa\u011fl\u0131k Bakanl\u0131\u011f\u0131 domuz gribiyle ilgili a\u00e7\u0131klama yapt\u0131. Sa\u011fl\u0131k Bakanl\u0131\u011f\u0131 M\u00fcste\u015far\u0131 Prof. Dr. Ey\u00fcp G\u00fcm\u00fc\u015f yapt\u0131\u011f\u0131 a\u00e7\u0131klamada vakalarda art\u0131\u015f oldu\u011funu ancak T\u00fcrkiye&#8217;de domuz gribi salg\u0131n\u0131 olmad\u0131\u011f\u0131n\u0131 s\u00f6yledi.<\/div>\n<\/div>\n<div>\n<div>\n<div>\n<p>\u00a0<strong>\u0130K\u0130 YILDA 16 K\u0130\u015e\u0130 \u00d6LD\u00dc\u00a0<\/strong><\/p>\n<p>T\u00fcrkiye&#8217;de iki y\u0131l i\u00e7inde 16 ki\u015finin\u00a0domuz gribi nedeniyle \u00f6ld\u00fc\u011f\u00fcn\u00fc dikkat \u00e7eken M\u00fcste\u015far Prof. Dr. Ey\u00fcp G\u00fcm\u00fc\u015f \u015funlar\u0131 s\u00f6yledi: &#8220;Vakalarda art\u0131\u015f g\u00f6r\u00fcyoruz. Bu mevsimsel olarak di\u011fer y\u0131llara benzer bir art\u0131\u015f g\u00f6r\u00fcyoruz. 2015 y\u0131l\u0131 itibariyle 3117 numune bize gelmi\u015ftir. Bunlar i\u00e7erisinde 170 vakam\u0131z domuz gribidir. Bu vakalardan 11 tanesi hayat\u0131n\u0131 kaybetti. \u00d6lenlerin 9&#8217;u 45 ya\u015f ve alt\u0131nda. Toplam \u015fu ana kadar 2014-15 sezonu i\u00e7in konu\u015fuyorum 16 vakay\u0131 kaybettik. Antalya, Kocaeli, \u00c7anakkale, Sivas, Mersin b\u00f6lgemiz i\u00e7erisinde bulunuyor. Samsun&#8217;da da \u00fc\u00e7 vakam\u0131z\u0131 kaybettik. Bu illerimizle ilgili yerinde de\u011ferlendirme de yap\u0131l\u0131yor. Bu y\u0131l bir art\u0131\u015f salg\u0131n var m\u0131, bilim kurulumuz herhangi bir salg\u0131n olmad\u0131\u011f\u0131 konusunda mutab\u0131k kal\u0131nm\u0131\u015ft\u0131r.&#8221;<\/p>\n<p><strong>&#8216;GR\u0130P SEZONU KAPANIYOR&#8217;\u00a0<\/strong><\/p>\n<p>Bir ay i\u00e7inde grip sezonunu kapanaca\u011f\u0131n\u0131 dile getiren G\u00fcm\u00fc\u015f \u015f\u00f6yle konu\u015ftu: &#8220;Grip d\u00f6neminin devam etmesi hasebiyle nisan sonuna kadar, illerle ilgili \u00e7al\u0131\u015fmalar\u0131m\u0131z\u0131 payla\u015f\u0131yoruz. Genelgemizle kamu hastanemize ba\u015fvuranlar\u0131n gribal vakalar\u0131n\u0131 takip alt\u0131na al\u0131yoruz. Kamuoyunu \u015fu a\u00e7\u0131dan bilgilendirmemiz \u00f6nemli. Risk grubundaki hastalar\u0131m\u0131z\u0131n daha yak\u0131n takip a\u00e7\u0131s\u0131ndan ilgili kurumlarla, huzurevleri ya\u015fl\u0131 bak\u0131m evleri takibi a\u00e7\u0131s\u0131ndan takip edece\u011fiz hastalar\u0131m\u0131z\u0131. Beslenme al\u0131\u015fkanl\u0131\u011f\u0131m\u0131z ve hijyen \u00e7ok \u00f6nemli. El y\u0131kamam\u0131z \u00e7ok \u00f6nemli. Yine gribe yakalanan vatanda\u015flar\u0131m\u0131z bazen ihmal ediyorlar hekime gidi\u015flerini, ge\u00e7meyen gribal enfeksiyon diyelim. Vakalar\u0131m\u0131z\u0131n bir k\u0131sm\u0131 ge\u00e7 ula\u015f\u0131yor, solunum yetmezli\u011fine kadar giden bir s\u00fcreci olu\u015fturuyor. Yakalanan hastalar\u0131m\u0131z\u0131 takip alt\u0131na almak, engel olmak, tedbirlerimizi almaya devam edece\u011fiz. Yo\u011fun a\u015f\u0131lama periyoduna girmemiz s\u00f6z konusu de\u011fil. Bir ay i\u00e7inde grip sezonu kapan\u0131yor. Ama tedbirlerimizi art\u0131raca\u011f\u0131z. Antiviral ila\u00e7 organizasyonu yap\u0131lm\u0131\u015ft\u0131r. Kamu hastanelerimizden hastalara \u00fccretsiz olarak verilecektir. Grip sadece so\u011fuk alg\u0131nl\u0131\u011f\u0131 deyip ge\u00e7memek gerekiyor. Yakalanan hastalar\u0131m\u0131z\u0131n s\u0131v\u0131 deste\u011fi, vitamin deste\u011fi almalar\u0131 gerekiyor. H1N1 i\u00e7in konu\u015fuyorum, 2012-2013 y\u0131l\u0131nda 812 pozitif vaka var. 2013-2014&#8217;te ise 17 grip vakas\u0131 var.&#8221;<\/p>\n<\/div>\n<\/div>\n<\/div>\n<\/div>\n<\/div>\n","protected":false},"excerpt":{"rendered":"<p>Radikal, 17\/03\/2015 T\u00fcrkiye&#8217;de domuz gribi salg\u0131n\u0131 olmad\u0131\u011f\u0131n\u0131 a\u00e7\u0131klayan Sa\u011fl\u0131k Bakanl\u0131\u011f\u0131 M\u00fcste\u015far\u0131 Prof. Dr. Ey\u00fcp G\u00fcm\u00fc\u015f, &#8220;\u00dc\u00e7 ayl\u0131k s\u00fcre\u00e7te 170 ki\u015fide&#46;&#46;&#46;<\/p>\n","protected":false},"author":1,"featured_media":0,"comment_status":"closed","ping_status":"closed","sticky":false,"template":"","format":"standard","meta":{"_jetpack_memberships_contains_paid_content":false,"footnotes":""},"categories":[62],"tags":[],"class_list":["post-4756","post","type-post","status-publish","format-standard","hentry","category-sagliktan-haberler"],"aioseo_notices":[],"jetpack_featured_media_url":"","jetpack_sharing_enabled":true,"jetpack-related-posts":[],"_links":{"self":[{"href":"http:\/\/www.ced.org.tr\/index.php?rest_route=\/wp\/v2\/posts\/4756","targetHints":{"allow":["GET"]}}],"collection":[{"href":"http:\/\/www.ced.org.tr\/index.php?rest_route=\/wp\/v2\/posts"}],"about":[{"href":"http:\/\/www.ced.org.tr\/index.php?rest_route=\/wp\/v2\/types\/post"}],"author":[{"embeddable":true,"href":"http:\/\/www.ced.org.tr\/index.php?rest_route=\/wp\/v2\/users\/1"}],"replies":[{"embeddable":true,"href":"http:\/\/www.ced.org.tr\/index.php?rest_route=%2Fwp%2Fv2%2Fcomments&post=4756"}],"version-history":[{"count":1,"href":"http:\/\/www.ced.org.tr\/index.php?rest_route=\/wp\/v2\/posts\/4756\/revisions"}],"predecessor-version":[{"id":4757,"href":"http:\/\/www.ced.org.tr\/index.php?rest_route=\/wp\/v2\/posts\/4756\/revisions\/4757"}],"wp:attachment":[{"href":"http:\/\/www.ced.org.tr\/index.php?rest_route=%2Fwp%2Fv2%2Fmedia&parent=4756"}],"wp:term":[{"taxonomy":"category","embeddable":true,"href":"http:\/\/www.ced.org.tr\/index.php?rest_route=%2Fwp%2Fv2%2Fcategories&post=4756"},{"taxonomy":"post_tag","embeddable":true,"href":"http:\/\/www.ced.org.tr\/index.php?rest_route=%2Fwp%2Fv2%2Ftags&post=4756"}],"curies":[{"name":"wp","href":"https:\/\/api.w.org\/{rel}","templated":true}]}}