{"id":4760,"date":"2015-03-19T09:30:40","date_gmt":"2015-03-19T07:30:40","guid":{"rendered":"http:\/\/www.ced.org.tr\/?p=4760"},"modified":"2015-03-19T09:30:40","modified_gmt":"2015-03-19T07:30:40","slug":"verem-asisi-hem-var-hem-yok","status":"publish","type":"post","link":"http:\/\/www.ced.org.tr\/?p=4760","title":{"rendered":"Verem a\u015f\u0131s\u0131 hem var hem yok"},"content":{"rendered":"<h2><span style=\"font-size: large;\">Sa\u011fl\u0131k Bakanl\u0131\u011f\u0131\u2019n\u0131n tek da\u011f\u0131t\u0131c\u0131 ve uygulay\u0131c\u0131s\u0131 oldu\u011fu verem a\u015f\u0131s\u0131nda (BCG) s\u0131k\u0131nt\u0131 devam ediyor. Bebeklere 2 ile 3 ay aras\u0131nda yap\u0131lmas\u0131 gereken verem a\u015f\u0131s\u0131n\u0131 aile sa\u011fl\u0131\u011f\u0131 merkezlerinde (aile hekimli\u011fi) arayan anne-babalar, \u201cBakanl\u0131ktan gelmiyor, biz de bekliyoruz\u201d yan\u0131t\u0131yla kar\u015f\u0131la\u015f\u0131yor<\/span>.<\/h2>\n<p>Mesude Er\u015fan\/<a href=\"mailto:mersan@hurriyet.com.tr\" target=\"_blank\">mersan@hurriyet.com.tr<\/a>18 Mart 2015<\/p>\n<div>\n<p>Yakla\u015f\u0131k iki ayd\u0131r verem a\u015f\u0131s\u0131 s\u0131k\u0131nt\u0131s\u0131 \u00e7ektiklerini anlatan aile hekimi Dr. Recep Ko\u00e7, \u201c\u015eubat ba\u015f\u0131ndan beri Halk Sa\u011fl\u0131\u011f\u0131 M\u00fcd\u00fcrl\u00fc\u011f\u00fc az az da\u011f\u0131t\u0131yor. Baz\u0131 yerlere hi\u00e7 veremiyor. Elinde a\u015f\u0131s\u0131 kalmayan aile hekimleri, a\u015f\u0131lanacak bebekleri a\u015f\u0131s\u0131 kalan ba\u015fka bir aile <img decoding=\"async\" class=\"CToWUd\" src=\"https:\/\/ci5.googleusercontent.com\/proxy\/Yxh2vHpMZw6HSrvsfy-kxRdAuybkG-Zh5vACQcmHe_2dKVCXs9yXbaDAcNgEH1GC4zSqZt59AtE3wzD9Ru0QaL9RDHez5g=s0-d-e1-ft#http:\/\/img.hurriyet.com.tr\/_np\/2044\/22942044.jpg\" alt=\"\" align=\"right\" \/>hekimine y\u00f6nlendiriyor veya birlikte a\u015f\u0131lama program\u0131 yaparak sorunun \u00fcstesinden gelmeye \u00e7al\u0131\u015f\u0131yor\u201d dedi.<\/p>\n<p><strong>A\u0130LELER MERKEZ MERKEZ, \u015eEH\u0130R \u015eEH\u0130R A\u015eI ARIYOR<\/strong><\/p>\n<p>Verem a\u015f\u0131s\u0131n\u0131n 20 \u00e7ocu\u011fun a\u015f\u0131lanabilece\u011fi doz (flakon)halinde da\u011f\u0131t\u0131ld\u0131\u011f\u0131n\u0131 hat\u0131rlatan Dr. Ko\u00e7, \u201cVerem a\u015f\u0131s\u0131 di\u011ferleri gibi tek dozluk de\u011fil, 20 dozluk. Ama birkez a\u00e7\u0131ld\u0131ktan sonra bozulmamas\u0131 i\u00e7in 8 saat i\u00e7inde t\u00fcketilmesi gerekiyor. Bir bebek i\u00e7in a\u015f\u0131y\u0131 a\u00e7\u0131p kalan\u0131 atamayaca\u011f\u0131m\u0131z i\u00e7in aileleri haftada bir randevulu \u00e7a\u011fr\u0131yorduk. A\u015f\u0131 az gelmeye ba\u015flay\u0131nca randevular\u0131 15 g\u00fcne \u00e7\u0131karmaya ba\u015flad\u0131k. A\u015f\u0131 takvimi bozulmas\u0131n diye u\u011fra\u015f\u0131yoruz ama elimizde hi\u00e7 a\u015f\u0131 kalmad\u0131. Zaten \u00f6zelde de yapt\u0131ram\u0131yor. Aileler merkez merkez dola\u015f\u0131yor. Ba\u015fka illerdeki aile sa\u011fl\u0131\u011f\u0131 merkezlerine gidip, bebekleri i\u00e7in a\u015f\u0131 arayan aileler var\u201d dedi.<\/p>\n<p>Ge\u00e7en y\u0131l da yine 2-3 ay ayn\u0131 a\u015f\u0131da, benzer s\u0131k\u0131nt\u0131y\u0131 ya\u015fad\u0131klar\u0131n\u0131 belirten Dr. Ko\u00e7, \u201cBu y\u0131lk\u0131 s\u0131k\u0131nt\u0131 daha b\u00fcy\u00fck. Bakanl\u0131k her flakonu 20 bebeklik hesapl\u0131yor. Ama a\u015f\u0131n\u0131n bir zaman\u0131 var, 20 bebe\u011fi ayn\u0131 anda al\u0131p bitiremiyoruz. Bu y\u00fczden fire \u00e7ok oluyor. Bakanl\u0131k dozlar\u0131 hesaplarken bunu g\u00f6z\u00f6n\u00fcne alm\u0131yor herhalde\u201d dedi.<\/p>\n<p><strong>A\u015eININ ZAMANINDA YAPILMASI \u00d6NEML\u0130<\/strong><\/p>\n<p>T\u00fcrk Tabipleri Birli\u011fi Merkez Konseyi \u00fcyesi Dr. H\u00fcseyin Demirdizen, ge\u00e7mi\u015f y\u0131llarda da yine verem ve ba\u015fka a\u015f\u0131larda benzer s\u0131k\u0131nt\u0131lar ya\u015fand\u0131\u011f\u0131n\u0131 s\u00f6yledi. Verem a\u015f\u0131s\u0131ndaki s\u0131k\u0131nt\u0131n\u0131n ocak ba\u015f\u0131nda ba\u015flad\u0131\u011f\u0131n\u0131, ancak \u015fubat ba\u015f\u0131ndan beri yo\u011funla\u015farak hissedildi\u011fini belirten Dr. Demirdizen, \u201cHem <a title=\"\u0130stanbul\" href=\"http:\/\/www.hurriyet.com.tr\/index\/istanbul\" target=\"_blank\">\u0130stanbul<\/a> hem de T\u00fcrkiye\u2019nin pek\u00e7ok yerine verem a\u015f\u0131s\u0131 ya hi\u00e7 verilmiyor ya da az say\u0131da verilebiliyor. Halbuki bebeklerin a\u015f\u0131nmas\u0131 gereken tarih belli. A\u015f\u0131lar\u0131n zaman\u0131nda yap\u0131lmas\u0131 ba\u011f\u0131\u015f\u0131klama ve hastal\u0131\u011f\u0131n meydana gelmesine ba\u011fl\u0131 geli\u015febilecek sorunlar\u0131n maliyetini \u00f6nleme a\u00e7\u0131s\u0131ndan \u00e7ok \u00f6nemli. Son y\u0131llarda ne yayz\u0131k ki y\u00fcksek gelir getirmeyen<a title=\"sa\u011fl\u0131k\" href=\"http:\/\/www.hurriyet.com.tr\/saglik\/\" target=\"_blank\">sa\u011fl\u0131k<\/a> hizmetleri ve baz\u0131 ila\u00e7larla ilgili sorunlar ya\u015f\u0131yoruz\u201d dedi.<\/p>\n<p><strong>\u0130STANBUL\u2019DAN <a title=\"ANKARA\" href=\"http:\/\/www.hurriyet.com.tr\/index\/Ankara\" target=\"_blank\">ANKARA<\/a>\u2019YA VEREM A\u015eISI \u0130\u00c7\u0130N G\u0130DECEK<\/strong><\/p>\n<p>2 ay \u00f6nce anne olan G\u00fcl \u00c7a\u011flar Maslak\u2019daki aile sa\u011fl\u0131\u011f\u0131 merkezine a\u015f\u0131 gelip gelmedi\u011fini her g\u00fcn soruyor ve ayn\u0131 yan\u0131t\u0131 al\u0131yor: Hen\u00fcz gelmedi. \u201cBebe\u011fimin a\u015f\u0131 zaman\u0131 geldi, ge\u00e7iyor. Haliyle a\u015f\u0131 bulamay\u0131nca panik ya\u015f\u0131yorum. \u00d6zel hastanelerde de arad\u0131m ama sadece aile hekimlerinin bu a\u015f\u0131y\u0131 yapabildi\u011fi s\u00f6ylendi. Aile sa\u011fl\u0131\u011f\u0131 merkezinde personel nazik, yard\u0131mc\u0131 olmak istiyor ama ne \u00e7are ki ellerinde verem a\u015f\u0131s\u0131 yok. Son \u00e7are Ankara\u2019da kay\u0131tl\u0131 oldu\u011fum aile hekimden ay\u0131n 25\u2019ine randevu ald\u0131m. \u0130stanbul\u2019da a\u015f\u0131latamazsam, Ankara\u2019ya gidip verem a\u015f\u0131s\u0131n\u0131 yapt\u0131raca\u011f\u0131m\u201d dedi.<\/p>\n<p><strong>BAKANLIK: SORUN YOK<\/strong><\/p>\n<p>Halk Sa\u011fl\u0131\u011f\u0131 Ba\u015fkanl\u0131\u011f\u0131 A\u015f\u0131yla \u00d6nlenebilir Hastal\u0131klar Daire Ba\u015fkan\u0131 Dr. Osman Topa\u00e7, \u201c81 ilde, Edirne\u2019den Kars\u2019a kadar verem a\u015f\u0131s\u0131 var ve s\u0131k\u0131nt\u0131 yok\u201d dedi. 12 Mart itibariyle toplam 1 milyon 100 bin doz verem a\u015f\u0131s\u0131 da\u011f\u0131tt\u0131klar\u0131n\u0131 belirten Dr. Topa\u00e7, \u201cVerem a\u015f\u0131s\u0131 20 dozluk oldu\u011fu ve a\u00e7\u0131ld\u0131\u011f\u0131nda \u00e7abuk t\u00fcketilmesi gerekti\u011fi i\u00e7in fire y\u00fczdesi y\u00fcksek. Bu nedenle d\u00f6nem d\u00f6nem bu s\u0131k\u0131nt\u0131lar olabiliyor. Da\u011f\u0131tt\u0131\u011f\u0131m\u0131z a\u015f\u0131 81 ilimize, 4 ay yetecek hatta daha fazla a\u015f\u0131 demek. Sadece \u0130stanbul\u2019a 222 bin doz a\u015f\u0131 g\u00f6nderdik. \u00d6nceki sevkiyatla birlikte \u0130stanbul\u2019un elinde 300 bin doza yak\u0131n verem a\u015f\u0131s\u0131 var. Bu kentin ihtiyac\u0131n\u0131 rahat rahat kar\u015f\u0131layacak. So\u011fuk hava ko\u015fullar\u0131nda, bir plan \u00e7er\u00e7evesinde da\u011f\u0131t\u0131l\u0131yor\u201d dedi.<\/p>\n<\/div>\n","protected":false},"excerpt":{"rendered":"<p>Sa\u011fl\u0131k Bakanl\u0131\u011f\u0131\u2019n\u0131n tek da\u011f\u0131t\u0131c\u0131 ve uygulay\u0131c\u0131s\u0131 oldu\u011fu verem a\u015f\u0131s\u0131nda (BCG) s\u0131k\u0131nt\u0131 devam ediyor. Bebeklere 2 ile 3 ay aras\u0131nda yap\u0131lmas\u0131&#46;&#46;&#46;<\/p>\n","protected":false},"author":1,"featured_media":0,"comment_status":"closed","ping_status":"closed","sticky":false,"template":"","format":"standard","meta":{"_jetpack_memberships_contains_paid_content":false,"footnotes":""},"categories":[62],"tags":[],"class_list":["post-4760","post","type-post","status-publish","format-standard","hentry","category-sagliktan-haberler"],"aioseo_notices":[],"jetpack_featured_media_url":"","jetpack_sharing_enabled":true,"jetpack-related-posts":[],"_links":{"self":[{"href":"http:\/\/www.ced.org.tr\/index.php?rest_route=\/wp\/v2\/posts\/4760","targetHints":{"allow":["GET"]}}],"collection":[{"href":"http:\/\/www.ced.org.tr\/index.php?rest_route=\/wp\/v2\/posts"}],"about":[{"href":"http:\/\/www.ced.org.tr\/index.php?rest_route=\/wp\/v2\/types\/post"}],"author":[{"embeddable":true,"href":"http:\/\/www.ced.org.tr\/index.php?rest_route=\/wp\/v2\/users\/1"}],"replies":[{"embeddable":true,"href":"http:\/\/www.ced.org.tr\/index.php?rest_route=%2Fwp%2Fv2%2Fcomments&post=4760"}],"version-history":[{"count":1,"href":"http:\/\/www.ced.org.tr\/index.php?rest_route=\/wp\/v2\/posts\/4760\/revisions"}],"predecessor-version":[{"id":4761,"href":"http:\/\/www.ced.org.tr\/index.php?rest_route=\/wp\/v2\/posts\/4760\/revisions\/4761"}],"wp:attachment":[{"href":"http:\/\/www.ced.org.tr\/index.php?rest_route=%2Fwp%2Fv2%2Fmedia&parent=4760"}],"wp:term":[{"taxonomy":"category","embeddable":true,"href":"http:\/\/www.ced.org.tr\/index.php?rest_route=%2Fwp%2Fv2%2Fcategories&post=4760"},{"taxonomy":"post_tag","embeddable":true,"href":"http:\/\/www.ced.org.tr\/index.php?rest_route=%2Fwp%2Fv2%2Ftags&post=4760"}],"curies":[{"name":"wp","href":"https:\/\/api.w.org\/{rel}","templated":true}]}}