{"id":4762,"date":"2015-03-19T09:31:18","date_gmt":"2015-03-19T07:31:18","guid":{"rendered":"http:\/\/www.ced.org.tr\/?p=4762"},"modified":"2015-03-19T09:31:18","modified_gmt":"2015-03-19T07:31:18","slug":"saglik-bakanligi-mustesari-acikladi-domuz-gribinden-16-kisi-oldu-ama-salgin-yok","status":"publish","type":"post","link":"http:\/\/www.ced.org.tr\/?p=4762","title":{"rendered":"Sa\u011fl\u0131k Bakanl\u0131\u011f\u0131 M\u00fcste\u015far\u0131 a\u00e7\u0131klad\u0131: Domuz gribinden 16 ki\u015fi \u00f6ld\u00fc ama salg\u0131n yok"},"content":{"rendered":"<p><strong>16 ki\u015fi domuz gribi kurban\u0131<\/strong><\/p>\n<p><strong>D\u00dcNYA, 18 Mart 2015<\/strong><strong>\u00a0 \u00a0 \u00a0 \u00a0 \u00a0 \u00a0 \u00a0 \u00a0 \u00a0 \u00a0 \u00a0 \u00a0<\/strong><\/p>\n<p><strong>Sa\u011fl\u0131k Bakanl\u0131\u011f\u0131 M\u00fcste\u015far\u0131 a\u00e7\u0131klad\u0131: Domuz gribinden 16 ki\u015fi \u00f6ld\u00fc ama salg\u0131n yok<\/strong><\/p>\n<p>Sa\u011fl\u0131k Bakanl\u0131\u011f\u0131 M\u00fcste\u015far\u0131 Ey\u00fcp G\u00fcm\u00fc\u015f, halk aras\u0131nda &#8216;domuz gribi&#8217; olarak bilinen H1N1 tan\u0131s\u0131 alan ki\u015filer i\u00e7erisinden ya\u015fam\u0131n\u0131 yitiren vakalar\u0131n oldu\u011funu s\u00f6yledi. T\u00fcrkiye&#8217;deki grip vakalar\u0131na ili\u015fkin, Halk Sa\u011fl\u0131\u011f\u0131 Kurumu&#8217;nda bas\u0131n toplant\u0131s\u0131 d\u00fczenleyen G\u00fcm\u00fc\u015f 2014&#8217;\u00fcn ilk vakas\u0131n\u0131n 44. haftada kendilerine ula\u015ft\u0131\u011f\u0131n\u0131 dile getirerek, &#8220;2015&#8217;in ikinci haftas\u0131ndan itibaren de vakalarda bir art\u0131\u015f g\u00f6r\u00fclmektedir. Numune olarak bize gelen bir art\u0131\u015f var. Bu mevsimsel olarak, di\u011fer y\u0131llara benzer oranda bir art\u0131\u015ft\u0131r&#8221; dedi. G\u00fcm\u00fc\u015f, grip vakalar\u0131na ili\u015fkin \u015funlar\u0131 kaydetti:<\/p>\n<p>&#8220;Bize 2015 y\u0131l\u0131 itibariyle toplam 3 bin 117 numune gelmi\u015ftir. Bunlar i\u00e7erisinde 170 vakam\u0131z H1N1, domuz gribidir. Bu vakalardan da kaybetti\u011fimiz oran da bug\u00fcn itibariyle toplam 11&#8217;dir. 170 tan\u0131 alan vaka i\u00e7erisinden toplam 11 domuz gribi vakam\u0131z\u0131 kaybettik. \u015eu ana kadar 2014-2015 sezonu i\u00e7in toplam 16 vakay\u0131 kaybettik. Bu vakalar\u0131m\u0131z\u0131n, genel da\u011f\u0131l\u0131m\u0131 itibariyle Antalya, Kocaeli, \u00c7anakkale, Sivas, Mersin b\u00f6lgemiz i\u00e7erisinde bulunuyor. Samsun&#8217;da da 3 vakam\u0131z\u0131 kaybettik. Bu illerimizle ilgili Halk Sa\u011fl\u0131\u011f\u0131 Kurum Ba\u015fkanl\u0131\u011f\u0131m\u0131z, yerinde denetim ve de\u011ferlendirme de yap\u0131yor. Bug\u00fcn itibariyle Mersin&#8217;de 2 vakam\u0131z var, tedavi g\u00f6ren hastalar\u0131m\u0131z da var.&#8221;<\/p>\n<p>G\u00fcm\u00fc\u015f&#8217;\u00fcn hemen ard\u0131ndan a\u00e7\u0131klama yapan Mersin Valili\u011fi de ilde domuz gribi tan\u0131s\u0131 konulan iki ki\u015finin ya\u015fam\u0131n\u0131 yitirdi\u011fini duyurdu.<\/p>\n<p><strong>&#8216;Yo\u011fun a\u015f\u0131lama periyoduna girmemiz s\u00f6z konusu de\u011fil&#8217;<\/strong><\/p>\n<p>Sa\u011fl\u0131k Bakanl\u0131\u011f\u0131 M\u00fcste\u015far\u0131 Ey\u00fcp G\u00fcm\u00fc\u015f, T\u00fcrkiye&#8217;de g\u00f6r\u00fclen grip vakalar\u0131 i\u00e7in yo\u011fun a\u015f\u0131lama periyodunun s\u00f6z konusu olmad\u0131\u011f\u0131n\u0131 belirterek, &#8220;T\u00fcm kamu hastanelerine antiviral ila\u00e7 organizasyonu yap\u0131ld\u0131. Bunlar, kamu hastanelerimizden hastalara \u00fccretsiz verilecek&#8221; dedi. 5 Mart 2015&#8217;te toplanan Bilim Kurulu&#8217;nun herhangi bir salg\u0131n olmad\u0131\u011f\u0131nda mutab\u0131k kald\u0131\u011f\u0131n\u0131 bildiren G\u00fcm\u00fc\u015f, &#8220;H1N1 i\u00e7in 2012-2013 y\u0131l\u0131nda 4 bin 500 numune say\u0131s\u0131 Bakanl\u0131\u011f\u0131m\u0131za ula\u015fm\u0131\u015f, 812 pozitif vaka ger\u00e7ekle\u015fmi\u015f. 2013-2014 y\u0131llar\u0131nda ise 4 bin numuneden 17&#8217;si pozitif \u00e7\u0131kt\u0131. 2014-2015 170 vaka. Bu da genel numunelerin y\u00fczde 5.5&#8217;ini olu\u015fturuyor&#8221; dedi. G\u00fcm\u00fc\u015f, ya\u015fam\u0131n\u0131 yitiren ki\u015filerden 9&#8217;unun 45 ya\u015f\u0131n alt\u0131nda, di\u011ferlerinin de 45 ya\u015f\u0131n \u00fcst\u00fcnde oldu\u011funu, aralar\u0131nda hi\u00e7 \u00e7ocuk bulunmad\u0131\u011f\u0131n\u0131 s\u00f6yledi.<\/p>\n<p>Sa\u011fl\u0131k Bakanl\u0131\u011f\u0131 M\u00fcste\u015far Yard\u0131mc\u0131s\u0131 \u0130rfan \u015eencan, bir gazetecinin, &#8220;Daha g\u00fc\u00e7l\u00fc bir vir\u00fcsle kar\u015f\u0131la\u015f\u0131lmas\u0131 s\u00f6z konusu olabilir mi&#8221; sorusuna &#8220;\u015eu anda herhangi bir de\u011fi\u015fim yok. \u00c7\u00fcnk\u00fc, gribin ayr\u0131nt\u0131l\u0131 tiplendirilmesi de yap\u0131l\u0131yor. \u015eu anda vir\u00fcs\u00fcn bu sezon i\u00e7inde bir \u015fifte u\u011frad\u0131\u011f\u0131na dair bir kan\u0131t yok&#8221; yan\u0131t\u0131n\u0131 verdi. Grip vir\u00fcslerinin s\u00fcre\u00e7 i\u00e7erisinde de\u011fi\u015fimlere u\u011frayabildi\u011fini belirten \u015eencan, &#8220;De\u011fi\u015fimlere u\u011fram\u0131\u015f olmas\u0131 sald\u0131rganl\u0131\u011f\u0131ndan \u00e7ok, v\u00fccuttaki a\u015f\u0131 kompleksindeki griplere benzerli\u011fi i\u00e7ermeyen yeni tipler olabiliyor. Bu sezonun ba\u015f\u0131ndan beri olan s\u00fcre\u00e7te, vir\u00fcste \u00f6nemli bir de\u011fi\u015fiklik s\u00f6z konusu de\u011fil&#8221; dedi.<\/p>\n<p><strong>\u2018Spotun kalkmas\u0131 L\u00d6SEV\u2019e kar\u015f\u0131 de\u011fil\u2019<\/strong><\/p>\n<p>Sa\u011fl\u0131k Bakanl\u0131\u011f\u0131 M\u00fcste\u015far\u0131 Ey\u00fcp G\u00fcm\u00fc\u015f, bir gazetecinin &#8220;L\u00d6SEV&#8217;in haz\u0131rlad\u0131\u011f\u0131 kamu spotu, Sa\u011fl\u0131k Bakanl\u0131\u011f\u0131n\u0131n iste\u011fi \u00fczerine RT\u00dcK taraf\u0131ndan yasakland\u0131. Buna bir a\u00e7\u0131klama yapar m\u0131s\u0131n\u0131z?&#8221; sorusu \u00fczerine, &#8220;Sa\u011fl\u0131k Bakanl\u0131\u011f\u0131m\u0131z\u0131n, sa\u011fl\u0131k alan\u0131ndaki spotlar\u0131 kamuoyunu bilgilendirme noktas\u0131nda Bakanl\u0131\u011fa verilmi\u015f. Bakanl\u0131\u011f\u0131n, kendisinin kamuoyunu bilgilendirmesi gereken hususlar var, bizim kendi \u00e7al\u0131\u015fmalar\u0131m\u0131z var. O bak\u0131mdan, biraz daha k\u0131s\u0131tlanm\u0131\u015f olabilir veya bizim spotlar\u0131n devreye girmesi s\u00f6z konusu olabilir. Yoksa L\u00d6SEV&#8217;e kar\u015f\u0131 bir husus de\u011fil&#8221; dedi. G\u00fcm\u00fc\u015f, yakla\u015f\u0131k 100&#8217;\u00fcn \u00fczerinde derne\u011fin Sa\u011fl\u0131k Bakanl\u0131\u011f\u0131 kamu spotundan faydalanmak istedi\u011fini belirterek, &#8220;Biraz daha yo\u011fun bir \u015fekilde \u00f6zellikle hareketli ya\u015fam, kanser gibi konularda bizim kendi spotlar\u0131m\u0131z devreye girecek. Bunun d\u0131\u015f\u0131nda herhangi bir husus yok&#8221; diye konu\u015ftu.<\/p>\n<p>&nbsp;<\/p>\n","protected":false},"excerpt":{"rendered":"<p>16 ki\u015fi domuz gribi kurban\u0131 D\u00dcNYA, 18 Mart 2015\u00a0 \u00a0 \u00a0 \u00a0 \u00a0 \u00a0 \u00a0 \u00a0 \u00a0 \u00a0 \u00a0 \u00a0&#46;&#46;&#46;<\/p>\n","protected":false},"author":1,"featured_media":0,"comment_status":"closed","ping_status":"closed","sticky":false,"template":"","format":"standard","meta":{"_jetpack_memberships_contains_paid_content":false,"footnotes":""},"categories":[62],"tags":[],"class_list":["post-4762","post","type-post","status-publish","format-standard","hentry","category-sagliktan-haberler"],"aioseo_notices":[],"jetpack_featured_media_url":"","jetpack_sharing_enabled":true,"jetpack-related-posts":[],"_links":{"self":[{"href":"http:\/\/www.ced.org.tr\/index.php?rest_route=\/wp\/v2\/posts\/4762","targetHints":{"allow":["GET"]}}],"collection":[{"href":"http:\/\/www.ced.org.tr\/index.php?rest_route=\/wp\/v2\/posts"}],"about":[{"href":"http:\/\/www.ced.org.tr\/index.php?rest_route=\/wp\/v2\/types\/post"}],"author":[{"embeddable":true,"href":"http:\/\/www.ced.org.tr\/index.php?rest_route=\/wp\/v2\/users\/1"}],"replies":[{"embeddable":true,"href":"http:\/\/www.ced.org.tr\/index.php?rest_route=%2Fwp%2Fv2%2Fcomments&post=4762"}],"version-history":[{"count":1,"href":"http:\/\/www.ced.org.tr\/index.php?rest_route=\/wp\/v2\/posts\/4762\/revisions"}],"predecessor-version":[{"id":4763,"href":"http:\/\/www.ced.org.tr\/index.php?rest_route=\/wp\/v2\/posts\/4762\/revisions\/4763"}],"wp:attachment":[{"href":"http:\/\/www.ced.org.tr\/index.php?rest_route=%2Fwp%2Fv2%2Fmedia&parent=4762"}],"wp:term":[{"taxonomy":"category","embeddable":true,"href":"http:\/\/www.ced.org.tr\/index.php?rest_route=%2Fwp%2Fv2%2Fcategories&post=4762"},{"taxonomy":"post_tag","embeddable":true,"href":"http:\/\/www.ced.org.tr\/index.php?rest_route=%2Fwp%2Fv2%2Ftags&post=4762"}],"curies":[{"name":"wp","href":"https:\/\/api.w.org\/{rel}","templated":true}]}}