{"id":4764,"date":"2015-03-19T09:32:48","date_gmt":"2015-03-19T07:32:48","guid":{"rendered":"http:\/\/www.ced.org.tr\/?p=4764"},"modified":"2015-03-19T09:33:36","modified_gmt":"2015-03-19T07:33:36","slug":"vatandasina-en-iyi-saglik-hizmetini-vermeyen-devlet-basarisiz-bir-devlettir","status":"publish","type":"post","link":"http:\/\/www.ced.org.tr\/?p=4764","title":{"rendered":"&#8220;Vatanda\u015f\u0131na en iyi sa\u011fl\u0131k hizmetini vermeyen devlet ba\u015far\u0131s\u0131z bir devlettir&#8221;"},"content":{"rendered":"<p><strong>Erdo\u011fan &#8216;paralel evrende&#8217;: Sa\u011fl\u0131k reformunu Obama&#8217;ya anlatmam\u0131 istediler!<\/strong><\/p>\n<div id=\"slider\" class=\"flexslider\">\n<div class=\"flex-viewport\">\n<ul class=\"slides\">\n<li class=\"flex-active-slide\"><img decoding=\"async\" draggable=\"false\" src=\"http:\/\/www.birgun.net\/assets\/news\/images\/slider_images\/12b06-erdo.jpg\" alt=\"\" \/><\/li>\n<\/ul>\n<\/div>\n<\/div>\n<p>Sa\u011fl\u0131kta &#8216;reform&#8217; yapmakla her f\u0131rsatta \u00f6v\u00fcnen Cumhurba\u015fkan\u0131 Tayyip Erdo\u011fan, bir anlamda &#8216;tereciye tere satmaya&#8217; \u00e7al\u0131\u015ft\u0131. Erdo\u011fan, ABD Ba\u015fkan\u0131 Barack Obama&#8217;n\u0131n bizzat kendi ad\u0131n\u0131 ta\u015f\u0131yan sa\u011fl\u0131k reformunun ba\u015far\u0131s\u0131z oldu\u011funu ima etti ve &#8220;ABD&#8217;li yurtta\u015flar benden Obama&#8217;ya reformu anlatmam\u0131 istedi&#8221; dedi.<\/p>\n<p>G\u00fcven Hastanesi \u00c7ayyolu Sa\u011fl\u0131k Kamp\u00fcs\u00fc a\u00e7\u0131l\u0131\u015f\u0131nda konu\u015fan Erdo\u011fan, &#8220;Bir Cuma namaz\u0131n\u0131 Sultanahmet\u2019te k\u0131ld\u0131m. \u00c7\u0131k\u0131\u015fta baz\u0131 turistler bana el kol i\u015fareti, yapt\u0131 yanlar\u0131na gittim. Me\u011fer o hafta ABD\u2019ye gidece\u011fimi biliyorlarm\u0131\u015f. Bana \u201cSiz bu sa\u011fl\u0131k reformunu nas\u0131l yapt\u0131n\u0131z\u201d diye sordular. Onlara anlatt\u0131m. Sonras\u0131nda, \u201cObama\u2019ya da bunu anlatsan\u0131za\u201d dediler\u2026 Vatanda\u015f\u0131na en iyi sa\u011fl\u0131k hizmetini vermeyen devlet ba\u015far\u0131s\u0131z bir devlettir&#8221; diye konu\u015ftu.<\/p>\n<p>\u0130nsanlar\u0131n art\u0131k Avrupa\u2019dan T\u00fcrkiye&#8217;ye tedavi i\u00e7in geldi\u011fini vurgulayan Erdo\u011fan, &#8220;\u0130nan\u0131yorum ki \u00e7ok k\u0131sa bir s\u00fcre sonra bu \u00e7ok daha ileri bir noktaya gelecek&#8221; dedi.<\/p>\n<p><strong>OBAMA&#8217;NIN SA\u011eLIK REFORMU<\/strong><br \/>\nObama&#8217;n\u0131n kendi ad\u0131yla bilinen (Obamacare) sa\u011fl\u0131k reformuyla &#8216;herkese b\u00fct\u00e7esine uygun sa\u011fl\u0131k hizmeti&#8217; sa\u011flama s\u00f6z\u00fc veriliyor. Bunu kar\u015f\u0131layamacayak ki\u015filere destek verilmesi planlan\u0131yor.<\/p>\n<p>Siyasi tart\u0131\u015fmalara da yol a\u00e7an reformun uygulamada baz\u0131 sorunlar ya\u015fand\u0131. Sa\u011fl\u0131k hizmeti planlar\u0131n\u0131n sunuldu\u011fu resmi internet sitesinde ya\u015fanan teknik aksakl\u0131klar nedeniyle \u00e7ok say\u0131da yurtta\u015f siteye eri\u015femedi. Sigorta \u015firketleri milyonlarca poli\u00e7enin yeni kanuna uygun olmad\u0131klar\u0131 i\u00e7in iptal edildi\u011fini duyurdu. Baz\u0131 dini gruplar ve yard\u0131m kurulu\u015flar\u0131 da do\u011fum kontrol\u00fc gibi hizmetleri sunmay\u0131 reddetti.<\/p>\n<p>&nbsp;<\/p>\n<p><a href=\"http:\/\/www.birgun.net\/news\/view\/erdogan-paralel-evrende-saglik-reformunu-obamaya-anlatmami-istediler\/15258\">http:\/\/www.birgun.net\/news\/view\/erdogan-paralel-evrende-saglik-reformunu-obamaya-anlatmami-istediler\/15258<\/a><\/p>\n","protected":false},"excerpt":{"rendered":"<p>Erdo\u011fan &#8216;paralel evrende&#8217;: Sa\u011fl\u0131k reformunu Obama&#8217;ya anlatmam\u0131 istediler! Sa\u011fl\u0131kta &#8216;reform&#8217; yapmakla her f\u0131rsatta \u00f6v\u00fcnen Cumhurba\u015fkan\u0131 Tayyip Erdo\u011fan, bir anlamda &#8216;tereciye&#46;&#46;&#46;<\/p>\n","protected":false},"author":1,"featured_media":0,"comment_status":"closed","ping_status":"closed","sticky":false,"template":"","format":"standard","meta":{"_jetpack_memberships_contains_paid_content":false,"footnotes":""},"categories":[62],"tags":[],"class_list":["post-4764","post","type-post","status-publish","format-standard","hentry","category-sagliktan-haberler"],"aioseo_notices":[],"jetpack_featured_media_url":"","jetpack_sharing_enabled":true,"jetpack-related-posts":[],"_links":{"self":[{"href":"http:\/\/www.ced.org.tr\/index.php?rest_route=\/wp\/v2\/posts\/4764","targetHints":{"allow":["GET"]}}],"collection":[{"href":"http:\/\/www.ced.org.tr\/index.php?rest_route=\/wp\/v2\/posts"}],"about":[{"href":"http:\/\/www.ced.org.tr\/index.php?rest_route=\/wp\/v2\/types\/post"}],"author":[{"embeddable":true,"href":"http:\/\/www.ced.org.tr\/index.php?rest_route=\/wp\/v2\/users\/1"}],"replies":[{"embeddable":true,"href":"http:\/\/www.ced.org.tr\/index.php?rest_route=%2Fwp%2Fv2%2Fcomments&post=4764"}],"version-history":[{"count":2,"href":"http:\/\/www.ced.org.tr\/index.php?rest_route=\/wp\/v2\/posts\/4764\/revisions"}],"predecessor-version":[{"id":4766,"href":"http:\/\/www.ced.org.tr\/index.php?rest_route=\/wp\/v2\/posts\/4764\/revisions\/4766"}],"wp:attachment":[{"href":"http:\/\/www.ced.org.tr\/index.php?rest_route=%2Fwp%2Fv2%2Fmedia&parent=4764"}],"wp:term":[{"taxonomy":"category","embeddable":true,"href":"http:\/\/www.ced.org.tr\/index.php?rest_route=%2Fwp%2Fv2%2Fcategories&post=4764"},{"taxonomy":"post_tag","embeddable":true,"href":"http:\/\/www.ced.org.tr\/index.php?rest_route=%2Fwp%2Fv2%2Ftags&post=4764"}],"curies":[{"name":"wp","href":"https:\/\/api.w.org\/{rel}","templated":true}]}}