{"id":4773,"date":"2015-03-24T13:08:04","date_gmt":"2015-03-24T11:08:04","guid":{"rendered":"http:\/\/www.ced.org.tr\/?p=4773"},"modified":"2015-03-24T13:08:04","modified_gmt":"2015-03-24T11:08:04","slug":"sgkdan-eczacilara-kesinti-iadesi","status":"publish","type":"post","link":"http:\/\/www.ced.org.tr\/?p=4773","title":{"rendered":"SGK\u2019dan eczac\u0131lara \u2018kesinti\u2019 iadesi"},"content":{"rendered":"<p><strong>H\u00dcRR\u0130YET, 23 Mart 2015<\/strong><\/p>\n<p>Meltem \u00d6ZGEN\u00c7\/ ANKARA<\/p>\n<p>SOSYAL G\u00fcvenlik Kurumu&#8217;nun (SGK), 1 Ekim 2008&#8217;den bug\u00fcne kadar prim hesaplama y\u00f6nteminde yapt\u0131\u011f\u0131 de\u011fi\u015fiklik, anla\u015fmal\u0131 her \u00fc\u00e7 eczac\u0131dan birinin (yakla\u015f\u0131k 6 bin 800) de i\u00e7inde bulundu\u011fu, 550 bin Ba\u011f-Kur sigortal\u0131s\u0131 i\u015fverene prim borcu \u00e7\u0131karm\u0131\u015ft\u0131. SGK eczac\u0131lardan tek seferde 35 milyon lira kesinti yapm\u0131\u015ft\u0131. T\u00fcrk Eczac\u0131lar\u0131 Birli\u011fi (TEB) Genel Sekreteri Harun K\u0131z\u0131lay, bu uygulamadan SGK&#8217;n\u0131n vazge\u00e7ti\u011fini belirterek, kesinti yap\u0131lan eczac\u0131lar\u0131n paralar\u0131n\u0131n da bug\u00fcn itibariyle hesaplar\u0131na yat\u0131r\u0131lmaya ba\u015flanaca\u011f\u0131n\u0131 a\u00e7\u0131klad\u0131: &#8220;2013-2014 Eyl\u00fcl aras\u0131 olu\u015fturulan kesintiler bug\u00fcn itibariyle \u00f6denmeye ba\u015flanacak. SGK, konuyla ilgili tekrar de\u011ferlendirme yapacak. \u015eirket sahiplerine tan\u0131nan &#8216;\u00e7al\u0131\u015ft\u0131rd\u0131\u011f\u0131 i\u015f\u00e7iden daha az prim borcu \u00f6deyebilir&#8217; gibi baz\u0131 imkanlar\u0131n eczac\u0131lara da tan\u0131nmas\u0131, bu ve benzeri maddelerin haz\u0131rlanan torba kanuna eklenmesi i\u00e7in gerekli giri\u015fimlerimizi yap\u0131yoruz. Umar\u0131z torba yasa ge\u00e7erken bu madde de eklenir.&#8221;<\/p>\n","protected":false},"excerpt":{"rendered":"<p>H\u00dcRR\u0130YET, 23 Mart 2015 Meltem \u00d6ZGEN\u00c7\/ ANKARA SOSYAL G\u00fcvenlik Kurumu&#8217;nun (SGK), 1 Ekim 2008&#8217;den bug\u00fcne kadar prim hesaplama y\u00f6nteminde yapt\u0131\u011f\u0131&#46;&#46;&#46;<\/p>\n","protected":false},"author":1,"featured_media":0,"comment_status":"closed","ping_status":"closed","sticky":false,"template":"","format":"standard","meta":{"_jetpack_memberships_contains_paid_content":false,"footnotes":""},"categories":[62],"tags":[],"class_list":["post-4773","post","type-post","status-publish","format-standard","hentry","category-sagliktan-haberler"],"aioseo_notices":[],"jetpack_featured_media_url":"","jetpack_sharing_enabled":true,"jetpack-related-posts":[],"_links":{"self":[{"href":"http:\/\/www.ced.org.tr\/index.php?rest_route=\/wp\/v2\/posts\/4773","targetHints":{"allow":["GET"]}}],"collection":[{"href":"http:\/\/www.ced.org.tr\/index.php?rest_route=\/wp\/v2\/posts"}],"about":[{"href":"http:\/\/www.ced.org.tr\/index.php?rest_route=\/wp\/v2\/types\/post"}],"author":[{"embeddable":true,"href":"http:\/\/www.ced.org.tr\/index.php?rest_route=\/wp\/v2\/users\/1"}],"replies":[{"embeddable":true,"href":"http:\/\/www.ced.org.tr\/index.php?rest_route=%2Fwp%2Fv2%2Fcomments&post=4773"}],"version-history":[{"count":1,"href":"http:\/\/www.ced.org.tr\/index.php?rest_route=\/wp\/v2\/posts\/4773\/revisions"}],"predecessor-version":[{"id":4774,"href":"http:\/\/www.ced.org.tr\/index.php?rest_route=\/wp\/v2\/posts\/4773\/revisions\/4774"}],"wp:attachment":[{"href":"http:\/\/www.ced.org.tr\/index.php?rest_route=%2Fwp%2Fv2%2Fmedia&parent=4773"}],"wp:term":[{"taxonomy":"category","embeddable":true,"href":"http:\/\/www.ced.org.tr\/index.php?rest_route=%2Fwp%2Fv2%2Fcategories&post=4773"},{"taxonomy":"post_tag","embeddable":true,"href":"http:\/\/www.ced.org.tr\/index.php?rest_route=%2Fwp%2Fv2%2Ftags&post=4773"}],"curies":[{"name":"wp","href":"https:\/\/api.w.org\/{rel}","templated":true}]}}