{"id":4775,"date":"2015-03-24T13:08:48","date_gmt":"2015-03-24T11:08:48","guid":{"rendered":"http:\/\/www.ced.org.tr\/?p=4775"},"modified":"2015-03-24T13:08:48","modified_gmt":"2015-03-24T11:08:48","slug":"turkiyenin-ithal-ilac-faturasi-hayli-kabarik","status":"publish","type":"post","link":"http:\/\/www.ced.org.tr\/?p=4775","title":{"rendered":"T\u00fcrkiye\u2019nin \u2018ithal ila\u00e7\u2019 faturas\u0131 hayli kabar\u0131k"},"content":{"rendered":"<p><strong>B\u0130RG\u00dcN, 23 Mart 2015<\/strong><\/p>\n<p>AKILCI ila\u00e7 kullan\u0131m\u0131n\u0131n sa\u011flanmas\u0131 ve ila\u00e7 ihtiyac\u0131n\u0131n yerli kaynaklardan kar\u015f\u0131lanmas\u0131 konusunda \u00f6nemli ad\u0131mlar atan T\u00fcrkiye&#8217;nin ge\u00e7en y\u0131lki eczac\u0131l\u0131k \u00fcr\u00fcnleri ithalat\u0131 y\u00fczde 5,5&#8217;lik art\u0131\u015fla 4,7 milyar dolar oldu. B\u00f6ylece, son 5 y\u0131lda ithal ila\u00e7 i\u00e7in \u00f6denen tutar 23,5 milyar dolara ula\u015f\u0131rken, bu rakam \u00fclkenin baz\u0131 mega projelerinin maliyetlerini geride b\u0131rakt\u0131. T\u00fcrkiye \u0130statistik Kurumu (T\u00dc\u0130K) verilerine g\u00f6re, ila\u00e7 ihracat\u0131 son 5 y\u0131ll\u0131k d\u00f6nemde istikrarl\u0131 bir \u015fekilde art\u0131\u015f g\u00f6sterirken, ithalat ise dalgal\u0131 bir seyir izledi. Eczac\u0131l\u0131k \u00fcr\u00fcnleri ihracat\u0131 2010-2014 d\u00f6neminde y\u00fczde 40&#8217;l\u0131k art\u0131\u015fla 856 milyon dolara ula\u015fsa da ithalat\u0131n sadece y\u00fczde 18&#8217;lik k\u0131sm\u0131n\u0131 kar\u015f\u0131l\u0131yor.<\/p>\n","protected":false},"excerpt":{"rendered":"<p>B\u0130RG\u00dcN, 23 Mart 2015 AKILCI ila\u00e7 kullan\u0131m\u0131n\u0131n sa\u011flanmas\u0131 ve ila\u00e7 ihtiyac\u0131n\u0131n yerli kaynaklardan kar\u015f\u0131lanmas\u0131 konusunda \u00f6nemli ad\u0131mlar atan T\u00fcrkiye&#8217;nin ge\u00e7en&#46;&#46;&#46;<\/p>\n","protected":false},"author":1,"featured_media":0,"comment_status":"closed","ping_status":"closed","sticky":false,"template":"","format":"standard","meta":{"_jetpack_memberships_contains_paid_content":false,"footnotes":""},"categories":[62],"tags":[],"class_list":["post-4775","post","type-post","status-publish","format-standard","hentry","category-sagliktan-haberler"],"aioseo_notices":[],"jetpack_featured_media_url":"","jetpack_sharing_enabled":true,"jetpack-related-posts":[],"_links":{"self":[{"href":"http:\/\/www.ced.org.tr\/index.php?rest_route=\/wp\/v2\/posts\/4775","targetHints":{"allow":["GET"]}}],"collection":[{"href":"http:\/\/www.ced.org.tr\/index.php?rest_route=\/wp\/v2\/posts"}],"about":[{"href":"http:\/\/www.ced.org.tr\/index.php?rest_route=\/wp\/v2\/types\/post"}],"author":[{"embeddable":true,"href":"http:\/\/www.ced.org.tr\/index.php?rest_route=\/wp\/v2\/users\/1"}],"replies":[{"embeddable":true,"href":"http:\/\/www.ced.org.tr\/index.php?rest_route=%2Fwp%2Fv2%2Fcomments&post=4775"}],"version-history":[{"count":1,"href":"http:\/\/www.ced.org.tr\/index.php?rest_route=\/wp\/v2\/posts\/4775\/revisions"}],"predecessor-version":[{"id":4776,"href":"http:\/\/www.ced.org.tr\/index.php?rest_route=\/wp\/v2\/posts\/4775\/revisions\/4776"}],"wp:attachment":[{"href":"http:\/\/www.ced.org.tr\/index.php?rest_route=%2Fwp%2Fv2%2Fmedia&parent=4775"}],"wp:term":[{"taxonomy":"category","embeddable":true,"href":"http:\/\/www.ced.org.tr\/index.php?rest_route=%2Fwp%2Fv2%2Fcategories&post=4775"},{"taxonomy":"post_tag","embeddable":true,"href":"http:\/\/www.ced.org.tr\/index.php?rest_route=%2Fwp%2Fv2%2Ftags&post=4775"}],"curies":[{"name":"wp","href":"https:\/\/api.w.org\/{rel}","templated":true}]}}