{"id":4789,"date":"2015-04-03T13:06:38","date_gmt":"2015-04-03T10:06:38","guid":{"rendered":"http:\/\/www.ced.org.tr\/?p=4789"},"modified":"2015-04-04T13:11:27","modified_gmt":"2015-04-04T10:11:27","slug":"hayat-kisa-sanat-uzun","status":"publish","type":"post","link":"http:\/\/www.ced.org.tr\/?p=4789","title":{"rendered":"Hayat k\u0131sa, sanat uzun"},"content":{"rendered":"<p><strong>EVRENSEL, 31 Mart 2015<\/strong><\/p>\n<p>PERA M\u00fczesi d\u00fcnya t\u0131p tarihinden bir kesite \u0131\u015f\u0131k tutan &#8220;Hayat K\u0131sa, Sanat Uzun: Bizans&#8217;ta \u015eifa Sanat\u0131&#8221; sergisini a\u00e7\u0131yor. Ad\u0131n\u0131 Hippokrates&#8217;in \u00fcnl\u00fc aforizmas\u0131ndan alan sergi, Bizans&#8217;ta \u015fifa sanat\u0131 ve prati\u011fini, Roma d\u00f6neminden ge\u00e7 Bizans d\u00f6nemine uzanan bir s\u00fcre\u00e7te incelemeyi ama\u00e7l\u0131yor. K\u00fcrat\u00f6rl\u00fc\u011f\u00fcn\u00fc Brigitte Pitarakis&#8217;in yapt\u0131\u011f\u0131 sergide, antik d\u00fcnyan\u0131n kutsal \u015fifac\u0131lar\u0131 Apollo ve Asklepios ile rasyonel t\u0131bb\u0131n ve farmakolojinin kurucular\u0131 Hippokrates ve Dioskorides&#8217;in altyap\u0131s\u0131n\u0131 olu\u015fturdu\u011fu Bizansl\u0131lar&#8217;\u0131n \u015fifa metodlar\u0131 (inan\u00e7, b\u00fcy\u00fc, rasyonel t\u0131p), \u0130stanbul&#8217;daki \u015fifa ve mucize merkezleri, doktor azizler gibi \u00e7e\u015fitli konular; ulusal t\u0131p ve botanik elyazmalar\u0131, mermer oyma eserler, ikonalar, r\u00f6likerler, muskalar, t\u0131p aletleri, bitki \u00f6rnekleri, antropolojik veriler, nadir bask\u0131 kitap, grav\u00fcr ve ar\u015fiv foto\u011fraflar\u0131 arac\u0131l\u0131\u011f\u0131yla anlat\u0131l\u0131yor.<\/p>\n<p><strong>RUHU ARINDIRMAK \u0130\u00c7\u0130N R\u0130T\u00dcELLER<\/strong><\/p>\n<p>Hastal\u0131\u011f\u0131n, birincil nedeninin \u015feytanlar oldu\u011funa dair inan\u00e7 ile Hippokratik \u00f6\u011fretilere dayand\u0131r\u0131lan ak\u0131lc\u0131 bir alg\u0131lan\u0131\u015f\u0131n &#8220;\u015fifa sanat\u0131&#8221;n\u0131n \u00f6nc\u00fclerinde -hekimler, eczac\u0131lar, azizler ve b\u00fcy\u00fcc\u00fcler- \u00e7arp\u0131c\u0131 bi\u00e7imde birlikte var olu\u015fu ele al\u0131n\u0131yor, sa\u011fl\u0131kl\u0131 olmak ve hastal\u0131klardan, \u015feytanlardan korunmak, bedeni ve ruhu ar\u0131nd\u0131rmak i\u00e7in yap\u0131lan g\u00fcnl\u00fck rit\u00fceller anlat\u0131l\u0131yor.<\/p>\n<p>\u0130stanbul&#8217;un Bizans ge\u00e7mi\u015fiyle ilgili yenilik\u00e7i kavray\u0131\u015flar sunan eserler, \u0130stanbul Arkeoloji M\u00fczeleri, \u0130stanbul Rum Patrikli\u011fi, Heybeliada Ruhban Okulu, Yenik\u00f6y Panayia Rum Kilisesi ve Mektebi Vakf\u0131, Rezan Has M\u00fczesi, Paris Ulusal K\u00fct\u00fcphanesi, Oxford \u00dcniversitesi Bodleian K\u00fct\u00fcphaneleri, Atina Benaki M\u00fczesi, Kastoria Arkeoloji M\u00fczesi ve \u00f6zel koleksiyonlardan derlendi. &#8220;Hayat K\u0131sa, Sanat Uzun: Bizans&#8217;ta \u015eifa Sanat\u0131&#8221; sergisini 26 Nisan&#8217;a kadar Pera M\u00fczesi&#8217;nde g\u00f6rebilirsiniz. (K\u00dcLT\u00dcR SERV\u0130S\u0130)<\/p>\n","protected":false},"excerpt":{"rendered":"<p>EVRENSEL, 31 Mart 2015 PERA M\u00fczesi d\u00fcnya t\u0131p tarihinden bir kesite \u0131\u015f\u0131k tutan &#8220;Hayat K\u0131sa, Sanat Uzun: Bizans&#8217;ta \u015eifa Sanat\u0131&#8221;&#46;&#46;&#46;<\/p>\n","protected":false},"author":1,"featured_media":0,"comment_status":"closed","ping_status":"closed","sticky":false,"template":"","format":"standard","meta":{"_jetpack_memberships_contains_paid_content":false,"footnotes":""},"categories":[61],"tags":[],"class_list":["post-4789","post","type-post","status-publish","format-standard","hentry","category-kultur-sanat"],"aioseo_notices":[],"jetpack_featured_media_url":"","jetpack_sharing_enabled":true,"jetpack-related-posts":[],"_links":{"self":[{"href":"http:\/\/www.ced.org.tr\/index.php?rest_route=\/wp\/v2\/posts\/4789","targetHints":{"allow":["GET"]}}],"collection":[{"href":"http:\/\/www.ced.org.tr\/index.php?rest_route=\/wp\/v2\/posts"}],"about":[{"href":"http:\/\/www.ced.org.tr\/index.php?rest_route=\/wp\/v2\/types\/post"}],"author":[{"embeddable":true,"href":"http:\/\/www.ced.org.tr\/index.php?rest_route=\/wp\/v2\/users\/1"}],"replies":[{"embeddable":true,"href":"http:\/\/www.ced.org.tr\/index.php?rest_route=%2Fwp%2Fv2%2Fcomments&post=4789"}],"version-history":[{"count":2,"href":"http:\/\/www.ced.org.tr\/index.php?rest_route=\/wp\/v2\/posts\/4789\/revisions"}],"predecessor-version":[{"id":4794,"href":"http:\/\/www.ced.org.tr\/index.php?rest_route=\/wp\/v2\/posts\/4789\/revisions\/4794"}],"wp:attachment":[{"href":"http:\/\/www.ced.org.tr\/index.php?rest_route=%2Fwp%2Fv2%2Fmedia&parent=4789"}],"wp:term":[{"taxonomy":"category","embeddable":true,"href":"http:\/\/www.ced.org.tr\/index.php?rest_route=%2Fwp%2Fv2%2Fcategories&post=4789"},{"taxonomy":"post_tag","embeddable":true,"href":"http:\/\/www.ced.org.tr\/index.php?rest_route=%2Fwp%2Fv2%2Ftags&post=4789"}],"curies":[{"name":"wp","href":"https:\/\/api.w.org\/{rel}","templated":true}]}}