{"id":4808,"date":"2015-04-30T20:14:03","date_gmt":"2015-04-30T17:14:03","guid":{"rendered":"http:\/\/www.ced.org.tr\/?p=4808"},"modified":"2015-04-30T20:14:23","modified_gmt":"2015-04-30T17:14:23","slug":"isciler-birlik-mucadele-ve-dayanisma-gunlerini-bayramlarini-taksimde-ve-ulkenin-butun-meydanlarinda-biber-gazi-olmadan-kutlamak-istiyor","status":"publish","type":"post","link":"http:\/\/www.ced.org.tr\/?p=4808","title":{"rendered":"\u0130\u015f\u00e7iler Birlik-M\u00fccadele ve Dayan\u0131\u015fma g\u00fcnlerini &#8211; Bayramlar\u0131n\u0131 Taksim\u2019de ve \u00fclkenin b\u00fct\u00fcn meydanlar\u0131nda Biber Gaz\u0131 Olmadan Kutlamak \u0130stiyor!"},"content":{"rendered":"<p><strong>\u0130\u015f\u00e7iler Birlik-M\u00fccadele ve Dayan\u0131\u015fma g\u00fcnlerini &#8211; Bayramlar\u0131n\u0131 Taksim\u2019de ve \u00fclkenin b\u00fct\u00fcn meydanlar\u0131nda Biber Gaz\u0131 Olmadan Kutlamak \u0130stiyor! <\/strong><\/p>\n<p><strong>1 May\u0131s\u2019ta<\/strong> <strong>ve sonraki g\u00fcnlerin tamam\u0131nda\u00a0 Biber Gaz\u0131 Kullan\u0131m\u0131 Yasaklans\u0131n!<\/strong><\/p>\n<p>&nbsp;<\/p>\n<p>Biber Gaz\u0131 Yasaklans\u0131n \u0130nisiyatifi olarak, iki y\u0131ld\u0131r kolluk kuvvetleri taraf\u0131ndan\u00a0 sokakta \u00f6l\u00fcmc\u00fcl ve en yayg\u0131n kullan\u0131lan i\u015fkence ara\u00e7lar\u0131ndan\u00a0 \u201cbiber gaz\u0131\u201dn\u0131n yasaklanmas\u0131 i\u00e7in kamuoyu yaratmaya, demokratik tepki olu\u015fturmaya ve konunun akedemik, bilimsel y\u00f6nden tart\u0131\u015f\u0131lmas\u0131n\u0131 sa\u011flamaya \u00e7al\u0131\u015f\u0131yoruz. Biber gaz\u0131 gibi \u00f6l\u00fcmc\u00fcl bir kimyasal silah\u0131n sadece 1 May\u0131s\u2019ta de\u011fil di\u011fer t\u00fcm g\u00fcnler i\u00e7in kullan\u0131m\u0131n\u0131 ortadan kald\u0131racak bir anlay\u0131\u015f\u0131n hakim k\u0131l\u0131nmas\u0131n\u0131 ama\u00e7l\u0131yoruz. Ancak son iki y\u0131ll\u0131k deneyimimiz, mevcut iktidar partisinin i\u015f\u00e7ilerin Birlik-M\u00fccadele ve Dayan\u0131\u015fma g\u00fcn\u00fc kutlamalar\u0131n\u0131 yani 1 May\u0131s\u2019\u0131 \u00fclkede en \u00e7ok biber gaz\u0131 kullan\u0131lan g\u00fcn haline getirmeye, ter\u00f6r\u00fcze etmeye\u00a0 kararl\u0131 oldu\u011funu g\u00f6steriyor.<\/p>\n<p>&nbsp;<\/p>\n<p>Oysa, D\u0130SK ve KESK\u2019in A\u0130HM\u2019e yapm\u0131\u015f oldu\u011fu\u00a0 38676\/08 no\u2019lu ba\u015fvuru sonucu;\u00a0 22 Kas\u0131m 2012 tarihinde verilen kararla, Taksim\u2019in 1 May\u0131s Alan\u0131 Oldu\u011funu; H\u00fck\u00fcmetin 1 May\u0131s 2008 tarihindeki engellemeleri nedeniyle, ba\u015fvurucular\u0131n\u00a0 \u201cToplant\u0131 ve Toplu \u0130fade \u00d6zg\u00fcrl\u00fc\u011f\u00fc ile \u00d6rg\u00fctlenme \u00d6zg\u00fcrl\u00fc\u011f\u00fc\u2019n\u00fcn\u201d ihlal edildi\u011fini tespit etti.<\/p>\n<p>1 May\u0131s 2014 Taksim \u00e7a\u011fr\u0131s\u0131 nedeniyle D\u0130SK, KESK, TMMOB, TTB y\u00f6neticilerinin yarg\u0131land\u0131\u011f\u0131 ve beraat etti\u011fi davada, \u0130stanbul 28. Asliye Ceza Mahkemesi gerek\u00e7eli karar\u0131nda 1 May\u0131s\u2019\u0131n m\u00fccadele ile kazan\u0131lm\u0131\u015f bar\u0131\u015f\u00e7\u0131l bir g\u00f6steri oldu\u011fu ve \u201c1 May\u0131s istisna olarak de\u011ferlendirilmeli, Toplant\u0131 ve G\u00f6steri Y\u00fcr\u00fcy\u00fc\u015fleri Kanunu\u2019nun h\u00fck\u00fcmlerinin<span style=\"text-decoration: underline;\"> uygulanamayaca\u011f\u0131\u201d<\/span> a\u00e7\u0131k\u00e7a belirtildi.<\/p>\n<p>&nbsp;<\/p>\n<p>Yetkililerin halk\u0131n, emek\u00e7ilerin bir araya gelmesine kar\u015f\u0131 duyduklar\u0131 b\u00fcy\u00fck korku ile, sokaklar\u0131 insans\u0131zla\u015ft\u0131rma planlar\u0131na ba\u011fl\u0131 olarak her g\u00f6steri ve toplanmada verdikleri \u201cm\u00fcdahale\u201d emirlerinin yasalara ayk\u0131r\u0131 oldu\u011funun anla\u015f\u0131lmas\u0131 i\u00e7in daha ka\u00e7 dava sonucu gerekiyor? Bir g\u00fcn boyunca t\u00fcm kentin ula\u015f\u0131m yollar\u0131n\u0131 kapatan, Taksim-Be\u015fikta\u015f-\u015ei\u015fli ba\u015fta olmak \u00fczere semtlerin \u00e7evresini gaza bo\u011fan, insanlar\u0131 \u00f6ld\u00fcren ve yaralayan anlay\u0131\u015f g\u00f6z \u00f6n\u00fcnde bulunduruldu\u011funda; 2010, 2011 ve 2012\u2019de Taksim\u2019de kutlanabilen 1 May\u0131s\u2019larda \u00e7evik kuvvetin \u00e7ekirdek \u00e7itleme g\u00f6r\u00fcnt\u00fcleri varken, \u00f6ncesi ve sonraki y\u0131llar\u0131nda \u0131srarla yarat\u0131lan \u00f6l\u00fcmc\u00fcl biber gaz\u0131 bulutlar\u0131n\u0131n sorumlusu ger\u00e7ekten kimlerdir?<\/p>\n<p>&nbsp;<\/p>\n<p>Bilinmelidr ki, kolluk g\u00fc\u00e7lerinin kullanmaktan hi\u00e7 \u00e7ekinmedi\u011fi, bas\u0131n\u00e7l\u0131 su, plastik mermi, kimyasal silahlar, ters kelep\u00e7eleme gibi y\u00f6ntemler i\u015fkencedir! Insanl\u0131k su\u00e7udur.<\/p>\n<p>Milyon dolarla onbinlercesi ithal edilen biber gaz\u0131 fi\u015fekleri gerek mermi olarak gerekse de yayd\u0131klar\u0131 kimyasal gazlar a\u00e7\u0131s\u0131ndan \u00f6l\u00fcmc\u00fcld\u00fcr. \u0130nsana, hayvana, do\u011faya, hukuka, vicdana ve insanl\u0131\u011fa kar\u015f\u0131d\u0131r.<\/p>\n<p>S\u00fcrekli dile getirdi\u011fimiz \u00fczere: Biber gaz\u0131 kimyasal bir silaht\u0131r. Halka kar\u015f\u0131 kullan\u0131lan bu silah \u00f6l\u00fcmc\u00fcld\u00fcr. Ama\u00e7 g\u00f6steri yapt\u0131rmaman\u0131n \u00f6tesinde cana kasta d\u00f6n\u00fc\u015fmektedir!<\/p>\n<p>&nbsp;<\/p>\n<p>Devletin sa\u011fl\u0131k bakan\u0131 \u201cNormalden fazla elma yemek de sa\u011fl\u0131\u011fa zararl\u0131d\u0131r\u201d gibi bilimsellikten uzak a\u00e7\u0131klamalar yaparken, konunun uzmanlar\u0131 ile sempozyumlar d\u00fczenledik. Bunlardan ilkini 2014 y\u0131l\u0131nda \u201cToplumsal Olaylarda Kollu\u011fun Zor Kullan\u0131m\u0131 Etkileri ve Sonu\u00e7lar\u0131\u201d ba\u015fl\u0131\u011f\u0131 ile yapt\u0131k ve farkl\u0131 dallardan uzmanlar neden yasaklanmas\u0131 gerekti\u011fini sundular. Ikinci sempozyum \u0130stanbul Tabip Odas\u0131 ile birlikte d\u00fczenledi\u011fimiz t\u0131bbi etkiler \u00fczerinde Ocak 2015\u2019te d\u00fczenledi\u011fimiz \u201cBiber Gaz\u0131 Yasaklans\u0131n T\u0131bbi Sempozyumu\u201d oldu. Farkl\u0131 t\u0131p dallar\u0131ndan uzmanlar hem ara\u015ft\u0131rmalar\u0131n\u0131 hem de kendilerine gelen vakalar\u0131 sundular ve uzmanlardan \u00e7\u0131kan sonu\u00e7 \u201cbiber gaz\u0131 sa\u011fl\u0131\u011fa zararl\u0131d\u0131r, \u00f6l\u00fcmc\u00fcld\u00fcr, yasaklans\u0131n\u201d oldu.<\/p>\n<p>16-18 Nisan 2015 tarihleri aras\u0131nda Oslo\u2019da d\u00fczenlenen D\u00fcnya Tabipleri Birli\u011fi (DTB) Konsey toplant\u0131s\u0131nda T\u00fcrk Tabipleri Birli\u011fi\u2019nin verdi\u011fi ve t\u00fcm \u00fcyelerce oybirli\u011fi ile kabul edilerek Ekim ay\u0131nda ger\u00e7ekle\u015fecek olan D\u00fcnya Tabipler Birli\u011fi Genel Kurulu\u2019na iletilen tutum belgesi karar\u0131: \u201c<em>Hekimler olarak, sa\u011fl\u0131k \u00fczerine akut ve kronik etkileri yeterince kan\u0131tlanm\u0131\u015f biber gaz\u0131n\u0131n t\u00fcm\u00fcyle yasaklanmas\u0131 y\u00f6n\u00fcnde tutum al\u0131nmas\u0131 gerekti\u011fi, ifade \u00f6zg\u00fcrl\u00fc\u011f\u00fcn\u00fcn bir par\u00e7as\u0131 olarak yap\u0131lan bar\u0131\u015f\u00e7\u0131l g\u00f6sterilerin biber gaz\u0131 da dahil olmak \u00fczere g\u00f6steri kontrol ajanlar\u0131 kullan\u0131larak da\u011f\u0131t\u0131lmas\u0131n\u0131n insan haklar\u0131na ayk\u0131r\u0131 oldu\u011fu vurgular\u0131n\u0131 i\u00e7ermekte. Ve bu riskler nedeniyle t\u00fcm h\u00fck\u00fcmetlere bunlar\u0131 kullanmama<\/em> \u00e7a\u011fr\u0131s\u0131 yap\u0131lmakta\u201d d\u0131r.\u00a0 Akl\u0131n yolu bir diyoruz!<\/p>\n<p>&nbsp;<\/p>\n<p>Ula\u015fabildi\u011fimiz kadar\u0131yla bas\u0131na yans\u0131yan verilerle d\u00fczenledi\u011fimiz 2014 biber gaz\u0131 kullan\u0131m raporuna g\u00f6re 2014 y\u0131l\u0131nda kimyasal bir silah olan biber gaz\u0131, en az 453 ki\u015finin yaralanmas\u0131na ve 8 ki\u015finin \u00f6l\u00fcm\u00fcne sebep oldu. Daha fazla \u00f6l\u00fcmler ya\u015fanmas\u0131n\u0131 istemiyoruz!<\/p>\n<p>&nbsp;<\/p>\n<p>T\u00fcm d\u00fcnyada oldu\u011fu gibi \u00fclkemizde de\u00a0 i\u015f\u00e7iler bayramlar\u0131n\u0131, birlik-m\u00fccadele ve dayan\u0131\u015fma g\u00fcnlerini b\u00fcy\u00fck bir co\u015fkuyla kutlayabilir, i\u015f\u00e7ilerin &#8211; emek\u00e7ilerin talepleri milyonlar\u0131n a\u011fz\u0131ndan g\u00fcr bir sesle yank\u0131lanabilir. Bunu biber gaz\u0131 vb. I\u015fkence ara\u00e7lar\u0131yla bo\u011fmaya hi\u00e7 kimsenin hakk\u0131 bulunmuyor<\/p>\n<p>Devletin bu yasak\u00e7\u0131 tutumuna kar\u015f\u0131 emek\u00e7iler 1 May\u0131s\u2019ta ve her daim var olmaya ve sokaklarda olmaya devam edecektir. 1 May\u0131s\u2019ta insanca bir ya\u015fam i\u00e7in, s\u0131n\u0131rs\u0131z ve s\u0131n\u0131fs\u0131z bir d\u00fcnyaya olan inanc\u0131m\u0131zla ba\u015fta Taksim olmak \u00fczere meydanlarda olanlarla birarada olaca\u011f\u0131z. Irma\u011f\u0131n denize akmamas\u0131n\u0131n m\u00fcmk\u00fcn olmad\u0131\u011f\u0131n\u0131 hepbirlikte g\u00f6rece\u011fiz!<\/p>\n<p>&nbsp;<\/p>\n<p>Devlet yetkililerini sa\u011fduyuya davet ediyoruz. Daha fazla \u00f6l\u00fcm ve yaralanma istemiyoruz.<\/p>\n<p>Hi\u00e7 kimsenin kimyasal silaha maruz kalmas\u0131n\u0131 istemiyoruz.<\/p>\n<p>Griliklerden s\u0131yr\u0131laca\u011f\u0131m\u0131z g\u00fcnlere olan inanc\u0131m\u0131zla\u2026<\/p>\n<p>Ya\u015fas\u0131n 1 May\u0131s!<\/p>\n<p><strong>Biber Gaz\u0131 Yasaklans\u0131n \u0130nisiyatifi <\/strong><\/p>\n<p>&nbsp;<\/p>\n<p>\u0130LET\u0130\u015e\u0130M:<\/p>\n<p>http:\/\/<a href=\"http:\/\/bibergaziyasaklansin.net\/\">bibergaziyasaklansin.net\/<\/a><\/p>\n<p><a href=\"https:\/\/twitter.com\/bibergaziinsytf\">https:\/\/twitter.com\/bibergaziinsytf<\/a><\/p>\n<p><a href=\"https:\/\/www.facebook.com\/bibergaziysklnsn\">https:\/\/www.facebook.com\/bibergaziysklnsn<\/a><\/p>\n<p><a href=\"mailto:info@bibergaziyasaklansin.net\">info@bibergaziyasaklansin.net<\/a><\/p>\n<p><a href=\"mailto:bibergaziinisiyatifi@gmail.com\">bibergaziinisiyatifi@gmail.com<\/a><\/p>\n<p>&nbsp;<\/p>\n","protected":false},"excerpt":{"rendered":"<p>\u0130\u015f\u00e7iler Birlik-M\u00fccadele ve Dayan\u0131\u015fma g\u00fcnlerini &#8211; Bayramlar\u0131n\u0131 Taksim\u2019de ve \u00fclkenin b\u00fct\u00fcn meydanlar\u0131nda Biber Gaz\u0131 Olmadan Kutlamak \u0130stiyor! 1 May\u0131s\u2019ta ve&#46;&#46;&#46;<\/p>\n","protected":false},"author":1,"featured_media":4344,"comment_status":"closed","ping_status":"closed","sticky":false,"template":"","format":"standard","meta":{"_jetpack_memberships_contains_paid_content":false,"footnotes":""},"categories":[1],"tags":[],"class_list":["post-4808","post","type-post","status-publish","format-standard","has-post-thumbnail","hentry","category-ced"],"aioseo_notices":[],"jetpack_featured_media_url":"http:\/\/www.ced.org.tr\/wp-content\/uploads\/2014\/06\/image.jpg","jetpack_sharing_enabled":true,"jetpack-related-posts":[],"_links":{"self":[{"href":"http:\/\/www.ced.org.tr\/index.php?rest_route=\/wp\/v2\/posts\/4808","targetHints":{"allow":["GET"]}}],"collection":[{"href":"http:\/\/www.ced.org.tr\/index.php?rest_route=\/wp\/v2\/posts"}],"about":[{"href":"http:\/\/www.ced.org.tr\/index.php?rest_route=\/wp\/v2\/types\/post"}],"author":[{"embeddable":true,"href":"http:\/\/www.ced.org.tr\/index.php?rest_route=\/wp\/v2\/users\/1"}],"replies":[{"embeddable":true,"href":"http:\/\/www.ced.org.tr\/index.php?rest_route=%2Fwp%2Fv2%2Fcomments&post=4808"}],"version-history":[{"count":1,"href":"http:\/\/www.ced.org.tr\/index.php?rest_route=\/wp\/v2\/posts\/4808\/revisions"}],"predecessor-version":[{"id":4809,"href":"http:\/\/www.ced.org.tr\/index.php?rest_route=\/wp\/v2\/posts\/4808\/revisions\/4809"}],"wp:featuredmedia":[{"embeddable":true,"href":"http:\/\/www.ced.org.tr\/index.php?rest_route=\/wp\/v2\/media\/4344"}],"wp:attachment":[{"href":"http:\/\/www.ced.org.tr\/index.php?rest_route=%2Fwp%2Fv2%2Fmedia&parent=4808"}],"wp:term":[{"taxonomy":"category","embeddable":true,"href":"http:\/\/www.ced.org.tr\/index.php?rest_route=%2Fwp%2Fv2%2Fcategories&post=4808"},{"taxonomy":"post_tag","embeddable":true,"href":"http:\/\/www.ced.org.tr\/index.php?rest_route=%2Fwp%2Fv2%2Ftags&post=4808"}],"curies":[{"name":"wp","href":"https:\/\/api.w.org\/{rel}","templated":true}]}}