{"id":4814,"date":"2015-05-14T21:20:59","date_gmt":"2015-05-14T18:20:59","guid":{"rendered":"http:\/\/www.ced.org.tr\/?p=4814"},"modified":"2015-05-14T21:20:59","modified_gmt":"2015-05-14T18:20:59","slug":"katliamin-1-yilinda-soma-ofke-aci-ve-isyan","status":"publish","type":"post","link":"http:\/\/www.ced.org.tr\/?p=4814","title":{"rendered":"Katliam\u0131n 1.y\u0131l\u0131nda Soma: \u00d6fke, ac\u0131 ve isyan"},"content":{"rendered":"<p>13 May\u0131s 2015, sendika.org<\/p>\n<p><strong>Katliam\u0131n\u0131n 1. y\u0131l\u0131nda Soma\u2019ya ac\u0131, \u00f6fke ve isyan hakim. Madenci aileleri ve maden i\u015f\u00e7ileri bir y\u0131l sonra ya\u015fad\u0131klar\u0131n\u0131 anlatmakla yetinmiyor, sorumlulardan, AKP iktidar\u0131ndan hesap soruyor. Somal\u0131lar bug\u00fcn yine sokakta ger\u00e7ek sorumlular\u0131n hesap vermesini, madenlerde \u00e7al\u0131\u015fma ko\u015fullar\u0131n\u0131n d\u00fczenlenmesini, i\u015fsiz b\u0131rak\u0131lan madencilere g\u00fcvenceli i\u015f istiyor\u2026\u00a0<\/strong><\/p>\n<h3 class=\"cat_article_title\"><a href=\"http:\/\/www.sendika.org\/2015\/05\/somanin-1-yili-katliamdan-bugune-neler-yasandi\/\">Soma\u2019n\u0131n 1 y\u0131l\u0131: Katliamdan bug\u00fcne neler ya\u015fand\u0131?<\/a><\/h3>\n<p>D\u0130SK-KESK-TMMOB-TTB, Soma maden katliam\u0131n\u0131n y\u0131ld\u00f6n\u00fcm\u00fc dolay\u0131s\u0131yla 13 May\u0131s 2014\u2019te Soma\u2019da ya\u015fam\u0131n\u0131 yitiren t\u00fcm maden emek\u00e7ilerini anmak ve art\u0131k katliama d\u00f6n\u00fc\u015fen i\u015f cinayetlerine dikkat \u00e7ekmek i\u00e7in Soma\u2019da saat 12\u2019de Madenci An\u0131t\u0131\u2019nda bir bas\u0131n a\u00e7\u0131klamas\u0131 ger\u00e7ekle\u015ftirildi. A\u00e7\u0131klaman\u0131n ard\u0131ndan mezarl\u0131k ziyareti yap\u0131ld\u0131. Ayn\u0131 s\u0131ralarda mezarl\u0131kta konu\u015fma yapan Manisa Valisi <a href=\"http:\/\/www.sendika.org\/2015\/05\/madenci-ailelerinden-manisa-valisine-protesto-defolun-gidin-buradan\/\">halk taraf\u0131ndan protesto edildi<\/a>. \u00a0Emek ve meslek \u00f6rg\u00fctleri, kitle \u00f6rg\u00fctleri ailelerle birlikte katliam\u0131n ger\u00e7ekle\u015fti\u011fi Eynez Oca\u011f\u0131\u2019na gitti. Ocak \u00f6n\u00fcnde otob\u00fcsleri durduruldu. Engelleme a\u015f\u0131ld\u0131, ocak \u00f6n\u00fcnde g\u00fcvenlikler bas\u0131na sald\u0131rmaya \u00e7al\u0131\u015ft\u0131. Burada bir maden i\u015f\u00e7isi heyet ad\u0131na konu\u015fma yaparak \u201cAKP\u2019nin katliam getiren politikalar\u0131na kar\u015f\u0131 direnece\u011fiz\u201d dedi. 13 May\u0131s\u2019ta ya\u015fam\u0131n\u0131 yitiren bir\u00e7ok madencinin ya\u015fad\u0131\u011f\u0131 K\u0131n\u0131k\u2019ta da bir y\u00fcr\u00fcy\u00fc\u015f d\u00fczenlendi. \u00a0G\u00fcn bitiminde ise saat 20.00\u2019da Madenci An\u0131t\u0131\u2019nda bulu\u015fanlar H\u00fck\u00fcmet Kona\u011f\u0131na y\u00fcr\u00fcd\u00fc.<\/p>\n<h3><strong><a href=\"http:\/\/www.sendika.org\/2015\/05\/turkiye-soma-icin-sokaga-cikiyor-il-il-eylem-programi\/\">T\u00fcrkiye Soma i\u00e7in soka\u011fa \u00e7\u0131k\u0131yor: \u0130l il eylem program\u0131<\/a><\/strong><\/h3>\n<p><strong>20.38<\/strong> Soma\u00a0halk\u0131n\u0131n alk\u0131\u015flar\u0131yla H\u00fck\u00fcmet Kona\u011f\u0131 \u00f6n\u00fcne gelen kitle, 301 i\u015f\u00e7inin an\u0131s\u0131na alana karanfiller b\u0131rakt\u0131.<\/p>\n<p><a href=\"http:\/\/www.sendika.org\/wp-content\/uploads\/2015\/05\/soma-301-mum-eylem-h%C3%BCk%C3%BCmet-kona%C4%9F%C4%B1-e1431538930793.jpg\"><img loading=\"lazy\" decoding=\"async\" class=\"aligncenter  wp-image-263909\" src=\"http:\/\/www.sendika.org\/wp-content\/uploads\/2015\/05\/soma-301-mum-eylem-h%C3%BCk%C3%BCmet-kona%C4%9F%C4%B1-e1431538930793.jpg\" alt=\"soma 301 mum eylem h\u00fck\u00fcmet kona\u011f\u0131\" width=\"727\" height=\"727\" \/><\/a><\/p>\n<p><strong>20.29<\/strong> Kitle, ge\u00e7en sene Erdo\u011fan\u2019\u0131n s\u0131\u011f\u0131nd\u0131\u011f\u0131 marketin \u00f6n\u00fcnden ge\u00e7erken \u201cKaza de\u011fil katliam sorumlusu Erdo\u011fan\u201d slogan\u0131 att\u0131.<\/p>\n<p><a href=\"http:\/\/www.sendika.org\/wp-content\/uploads\/2015\/05\/CE5xVW8W0AADmeD.jpg\"><img loading=\"lazy\" decoding=\"async\" class=\"aligncenter  wp-image-263907\" src=\"http:\/\/www.sendika.org\/wp-content\/uploads\/2015\/05\/CE5xVW8W0AADmeD-1024x765.jpg\" alt=\"soma tayyip erdo\u011fan market akp fa\u015fizm\" width=\"644\" height=\"481\" \/><\/a><\/p>\n<p><strong>20. 25<\/strong>\u00a0\u201cSusma, hayk\u0131r Soma\u00a0katliamd\u0131r!\u201d Somal\u0131 yurtta\u015flar pencere ve balkonlar\u0131ndan alk\u0131\u015flar\u0131yla y\u00fcr\u00fcy\u00fc\u015fe destek veriyor.<\/p>\n<p><a href=\"http:\/\/www.sendika.org\/wp-content\/uploads\/2015\/05\/somamammam.jpg\"><img loading=\"lazy\" decoding=\"async\" class=\"aligncenter size-full wp-image-263906\" src=\"http:\/\/www.sendika.org\/wp-content\/uploads\/2015\/05\/somamammam.jpg\" alt=\"soma pankart eylem\" width=\"599\" height=\"447\" \/><\/a><\/p>\n<p><strong>20.22<\/strong>\u00a0Soma halk\u0131 \u201cH\u0131rs\u0131z, katil AKP\u201d slogan\u0131yla H\u00fck\u00fcmet Kona\u011f\u0131 \u00f6n\u00fcne y\u00fcr\u00fcyor.<\/p>\n<p><strong>20.20<\/strong>\u00a0Soma\u2019da Heykel An\u0131t\u0131 \u00f6n\u00fcnde toplanan kitle H\u00fck\u00fcmet Kona\u011f\u0131 \u00f6n\u00fcne y\u00fcr\u00fcyor.<\/p>\n<p><a href=\"http:\/\/www.sendika.org\/wp-content\/uploads\/2015\/05\/CE5u2geUUAEalG8.jpg\"><img loading=\"lazy\" decoding=\"async\" class=\"aligncenter size-full wp-image-263904\" src=\"http:\/\/www.sendika.org\/wp-content\/uploads\/2015\/05\/CE5u2geUUAEalG8.jpg\" alt=\"soma eylem madenci pankart\" width=\"599\" height=\"447\" \/><\/a><\/p>\n<p><strong>18.00<\/strong> K\u0131n\u0131k\u2019ta yap\u0131lan y\u00fcr\u00fcy\u00fc\u015f Meydan\u2019da bitirildi.<\/p>\n<p><a href=\"http:\/\/www.sendika.org\/wp-content\/uploads\/2015\/05\/k%C4%B1n%C4%B1k-son.jpg\"><img loading=\"lazy\" decoding=\"async\" class=\"aligncenter size-full wp-image-263868\" src=\"http:\/\/www.sendika.org\/wp-content\/uploads\/2015\/05\/k%C4%B1n%C4%B1k-son.jpg\" alt=\"k\u0131n\u0131k-son\" width=\"600\" height=\"448\" \/><\/a><\/p>\n<p><strong>17.45<\/strong> Madencilerin yo\u011fun olarak ya\u015fad\u0131\u011f\u0131 K\u0131n\u0131k\u2019ta y\u00fcr\u00fcy\u00fc\u015f ba\u015flad\u0131. K\u0131n\u0131k\u2019ta madenci yak\u0131nlar\u0131 \u201c\u0130\u015f\u00e7i d\u00fc\u015fman\u0131, fa\u015fist AKP\u201d slogan\u0131 ile y\u00fcr\u00fcyor. Y\u00fcr\u00fcy\u00fc\u015f\u00fcn en \u00f6n\u00fcnde kad\u0131nlar var. K\u0131n\u0131k i\u00e7inde s\u00fcren y\u00fcr\u00fcy\u00fc\u015fte \u201cSoma\u2019n\u0131n ate\u015fi AKP\u2019yi yakacak\u201d slogan\u0131 da s\u0131kl\u0131kla at\u0131l\u0131yor.<\/p>\n<p><a href=\"http:\/\/www.sendika.org\/wp-content\/uploads\/2015\/05\/k%C4%B1n%C4%B1k-1.jpg\"><img loading=\"lazy\" decoding=\"async\" class=\"aligncenter size-full wp-image-263858\" src=\"http:\/\/www.sendika.org\/wp-content\/uploads\/2015\/05\/k%C4%B1n%C4%B1k-1.jpg\" alt=\"k\u0131n\u0131k-1\" width=\"600\" height=\"450\" \/><\/a><\/p>\n<div id=\"gallery-1\" class=\"gallery galleryid-263643 gallery-columns-3 gallery-size-thumbnail\">\n<dl class=\"gallery-item\">\n<dt class=\"gallery-icon landscape\"><a href=\"http:\/\/www.sendika.org\/wp-content\/uploads\/2015\/05\/k%C4%B1n%C4%B1k-2.jpg\" rel=\"prettyPhoto[mom_gal]\"><img loading=\"lazy\" decoding=\"async\" class=\"attachment-thumbnail\" src=\"http:\/\/www.sendika.org\/wp-content\/uploads\/2015\/05\/k%C4%B1n%C4%B1k-2-150x150.jpg\" alt=\"k\u0131n\u0131k-2\" width=\"150\" height=\"150\" \/><\/a><\/dt>\n<\/dl>\n<dl class=\"gallery-item\">\n<dt class=\"gallery-icon landscape\"><a href=\"http:\/\/www.sendika.org\/wp-content\/uploads\/2015\/05\/k%C4%B1n%C4%B1k-3.jpg\" rel=\"prettyPhoto[mom_gal]\"><img loading=\"lazy\" decoding=\"async\" class=\"attachment-thumbnail\" src=\"http:\/\/www.sendika.org\/wp-content\/uploads\/2015\/05\/k%C4%B1n%C4%B1k-3-150x150.jpg\" alt=\"k\u0131n\u0131k-3\" width=\"150\" height=\"150\" \/><\/a><\/dt>\n<\/dl>\n<dl class=\"gallery-item\">\n<dt class=\"gallery-icon landscape\"><a href=\"http:\/\/www.sendika.org\/wp-content\/uploads\/2015\/05\/k%C4%B1n%C4%B1k-5.jpg\" rel=\"prettyPhoto[mom_gal]\"><img loading=\"lazy\" decoding=\"async\" class=\"attachment-thumbnail\" src=\"http:\/\/www.sendika.org\/wp-content\/uploads\/2015\/05\/k%C4%B1n%C4%B1k-5-150x150.jpg\" alt=\"k\u0131n\u0131k-5\" width=\"150\" height=\"150\" \/><\/a><\/dt>\n<\/dl>\n<dl class=\"gallery-item\">\n<dt class=\"gallery-icon landscape\"><a href=\"http:\/\/www.sendika.org\/wp-content\/uploads\/2015\/05\/k%C4%B1n%C4%B1k-6.jpg.jpg\" rel=\"prettyPhoto[mom_gal]\"><img loading=\"lazy\" decoding=\"async\" class=\"attachment-thumbnail\" src=\"http:\/\/www.sendika.org\/wp-content\/uploads\/2015\/05\/k%C4%B1n%C4%B1k-6.jpg-150x150.jpg\" alt=\"k\u0131n\u0131k-6.jpg\" width=\"150\" height=\"150\" \/><\/a><\/dt>\n<\/dl>\n<dl class=\"gallery-item\">\n<dt class=\"gallery-icon landscape\"><a href=\"http:\/\/www.sendika.org\/wp-content\/uploads\/2015\/05\/soma-k%C4%B1n%C4%B1k.jpg\" rel=\"prettyPhoto[mom_gal]\"><img loading=\"lazy\" decoding=\"async\" class=\"attachment-thumbnail\" src=\"http:\/\/www.sendika.org\/wp-content\/uploads\/2015\/05\/soma-k%C4%B1n%C4%B1k-150x150.jpg\" alt=\"soma-k\u0131n\u0131k\" width=\"150\" height=\"150\" \/><\/a><\/dt>\n<\/dl>\n<\/div>\n<p><strong>15.38<\/strong> Konfederasyonlar ad\u0131na KESK E\u015f Ba\u015fkan\u0131 Lami \u00d6zgen Eynez Oca\u011f\u0131 \u00f6n\u00fcnde konu\u015fuyor. Ocak giri\u015fine jandarma getirildi. Lami \u00d6zgen, \u201cBu katliam\u0131n ger\u00e7ek failleri d\u0131\u015fardad\u0131r\u201d dedi ve bas\u0131n\u0131 engellemeye \u00e7al\u0131\u015fan g\u00fcvenlikleri ve onlardan sorumlu olanlar\u0131 k\u0131nad\u0131.<\/p>\n<p><a href=\"http:\/\/www.sendika.org\/wp-content\/uploads\/2015\/05\/soma-eynez-ac%C4%B1klama.jpg\"><img loading=\"lazy\" decoding=\"async\" class=\"aligncenter size-full wp-image-263843\" src=\"http:\/\/www.sendika.org\/wp-content\/uploads\/2015\/05\/soma-eynez-ac%C4%B1klama.jpg\" alt=\"soma-eynez-ac\u0131klama\" width=\"600\" height=\"450\" \/><\/a><\/p>\n<p><a href=\"http:\/\/www.sendika.org\/wp-content\/uploads\/2015\/05\/eynez-soma-2.jpg\"><img loading=\"lazy\" decoding=\"async\" class=\"wp-image-263829\" src=\"http:\/\/www.sendika.org\/wp-content\/uploads\/2015\/05\/eynez-soma-2.jpg\" alt=\"eynez-soma-2\" width=\"800\" height=\"598\" \/><\/a><\/p>\n<p><strong>15.24<\/strong>\u00a0Eynez oca\u011f\u0131 giri\u015finde bas\u0131n\u0131n \u00e7ekim yapmas\u0131 g\u00fcvenlikler taraf\u0131ndan engellenmek istenince i\u00e7inde maden i\u015f\u00e7ilerinin de oldu\u011fu grup \u201cKaza de\u011fil cinayet, Soma\u2019y\u0131 unutma\u2019 pankart\u0131 a\u00e7arak slogan atmaya ba\u015flad\u0131. G\u00fcvenlikler Hayat.Tv, Kanal D ve Fox muhabirlerine sald\u0131r\u0131 oldu. G\u00fcvenli\u011fin sald\u0131r\u0131 giri\u015fimi bo\u015fa \u00e7\u0131kar\u0131ld\u0131. Maden i\u015f\u00e7isi Mehmet burada heyet ad\u0131na yapt\u0131\u011f\u0131 a\u00e7\u0131klamada \u201cAKP\u2019nin katliam getiren politikalar\u0131na kar\u015f\u0131 direneceklerini s\u00f6yledi\u201d<\/p>\n<p><a href=\"http:\/\/www.sendika.org\/wp-content\/uploads\/2015\/05\/soma-eynez-giris.jpg\"><img loading=\"lazy\" decoding=\"async\" class=\"aligncenter wp-image-263805\" src=\"http:\/\/www.sendika.org\/wp-content\/uploads\/2015\/05\/soma-eynez-giris.jpg\" alt=\"soma-eynez-giris\" width=\"702\" height=\"525\" \/><\/a><\/p>\n<p><strong>15.00<\/strong> Heyetin \u0131srarlar\u0131 sonucu g\u00fcvenlikler engeli kald\u0131rmak zorunda kald\u0131. otob\u00fcsler ocak sahas\u0131 i\u00e7ine do\u011fru ilerliyor.<\/p>\n<p><strong>14.58 <\/strong>Bas\u0131n a\u00e7\u0131klamas\u0131 yapmak \u00fczere katliam\u0131n ya\u015fand\u0131\u011f\u0131 Eynez Oca\u011f\u0131\u2019na giden emek ve meslek \u00f6rg\u00fctlerinin madenci yak\u0131nlar\u0131 ve maden i\u015f\u00e7ileri ile birlikte i\u00e7inde olduklar\u0131 otob\u00fcsler g\u00fcvenlikler taraf\u0131ndan engellendi. G\u00fcvenlik g\u00f6revlileri oca\u011fa giri\u015f yapamayacaklar\u0131n\u0131 s\u00f6yledi.<\/p>\n<p><a href=\"http:\/\/www.sendika.org\/wp-content\/uploads\/2015\/05\/soma-eynez-1.jpg\"><img loading=\"lazy\" decoding=\"async\" class=\"aligncenter size-full wp-image-263785\" src=\"http:\/\/www.sendika.org\/wp-content\/uploads\/2015\/05\/soma-eynez-1.jpg\" alt=\"soma-eynez-1\" width=\"599\" height=\"447\" \/><\/a><\/p>\n<div id=\"gallery-2\" class=\"gallery galleryid-263643 gallery-columns-3 gallery-size-thumbnail\">\n<dl class=\"gallery-item\">\n<dt class=\"gallery-icon landscape\"><a href=\"http:\/\/www.sendika.org\/wp-content\/uploads\/2015\/05\/soma-eynez-2.jpg\" rel=\"prettyPhoto[mom_gal]\"><img loading=\"lazy\" decoding=\"async\" class=\"attachment-thumbnail\" src=\"http:\/\/www.sendika.org\/wp-content\/uploads\/2015\/05\/soma-eynez-2-150x150.jpg\" alt=\"soma-eynez-2\" width=\"150\" height=\"150\" \/><\/a><\/dt>\n<\/dl>\n<dl class=\"gallery-item\">\n<dt class=\"gallery-icon landscape\"><a href=\"http:\/\/www.sendika.org\/wp-content\/uploads\/2015\/05\/soma-eynez-3.jpg\" rel=\"prettyPhoto[mom_gal]\"><img loading=\"lazy\" decoding=\"async\" class=\"attachment-thumbnail\" src=\"http:\/\/www.sendika.org\/wp-content\/uploads\/2015\/05\/soma-eynez-3-150x150.jpg\" alt=\"soma-eynez-3\" width=\"150\" height=\"150\" \/><\/a><\/dt>\n<\/dl>\n<dl class=\"gallery-item\">\n<dt class=\"gallery-icon landscape\"><a href=\"http:\/\/www.sendika.org\/wp-content\/uploads\/2015\/05\/soma-eynez-4.jpg\" rel=\"prettyPhoto[mom_gal]\"><img loading=\"lazy\" decoding=\"async\" class=\"attachment-thumbnail\" src=\"http:\/\/www.sendika.org\/wp-content\/uploads\/2015\/05\/soma-eynez-4-150x150.jpg\" alt=\"soma-eynez-4\" width=\"150\" height=\"150\" \/><\/a><\/dt>\n<\/dl>\n<\/div>\n<p><strong>13.30 <\/strong>Emek ve meslek \u00f6rg\u00fctleri heyeti mezarl\u0131\u011fa giderek, ailelerle birlikte mezarlara karanfil b\u0131rakt\u0131.<\/p>\n<p><a href=\"http:\/\/www.sendika.org\/wp-content\/uploads\/2015\/05\/soma-mezarl%C4%B1k-2.jpg\"><img loading=\"lazy\" decoding=\"async\" class=\"aligncenter size-full wp-image-263707\" src=\"http:\/\/www.sendika.org\/wp-content\/uploads\/2015\/05\/soma-mezarl%C4%B1k-2.jpg\" alt=\"soma-mezarl\u0131k-2\" width=\"599\" height=\"447\" \/><\/a><\/p>\n<div id=\"gallery-3\" class=\"gallery galleryid-263643 gallery-columns-3 gallery-size-thumbnail\">\n<dl class=\"gallery-item\">\n<dt class=\"gallery-icon landscape\"><a href=\"http:\/\/www.sendika.org\/wp-content\/uploads\/2015\/05\/soma-karanfil.jpg\" rel=\"prettyPhoto[mom_gal]\"><img loading=\"lazy\" decoding=\"async\" class=\"attachment-thumbnail\" src=\"http:\/\/www.sendika.org\/wp-content\/uploads\/2015\/05\/soma-karanfil-150x150.jpg\" alt=\"soma-karanfil\" width=\"150\" height=\"150\" \/><\/a><\/dt>\n<\/dl>\n<dl class=\"gallery-item\">\n<dt class=\"gallery-icon landscape\"><a href=\"http:\/\/www.sendika.org\/wp-content\/uploads\/2015\/05\/soma-mezarl%C4%B1k-4.jpg\" rel=\"prettyPhoto[mom_gal]\"><img loading=\"lazy\" decoding=\"async\" class=\"attachment-thumbnail\" src=\"http:\/\/www.sendika.org\/wp-content\/uploads\/2015\/05\/soma-mezarl%C4%B1k-4-150x150.jpg\" alt=\"soma-mezarl\u0131k-4\" width=\"150\" height=\"150\" \/><\/a><\/dt>\n<\/dl>\n<dl class=\"gallery-item\">\n<dt class=\"gallery-icon landscape\"><a href=\"http:\/\/www.sendika.org\/wp-content\/uploads\/2015\/05\/soma-mezar.jpg\" rel=\"prettyPhoto[mom_gal]\"><img loading=\"lazy\" decoding=\"async\" class=\"attachment-thumbnail\" src=\"http:\/\/www.sendika.org\/wp-content\/uploads\/2015\/05\/soma-mezar-150x150.jpg\" alt=\"soma-mezar\" width=\"150\" height=\"150\" \/><\/a><\/dt>\n<\/dl>\n<\/div>\n<p><strong>13.16<\/strong> Mezarl\u0131kta devlet erkan\u0131 ve protokol i\u00e7in kurulan taziye \u00e7ad\u0131rlar\u0131nda\u00a0korumalarla \u00e7evrili bir bi\u00e7imde\u00a0konu\u015fma yapan Manisa Valisi Erdo\u011fan Bekta\u015f, ekonomik veriler s\u0131ralay\u0131p \u201cBuray\u0131 kalk\u0131nd\u0131raca\u011f\u0131z\u201d deyince madenci yak\u0131nlar\u0131 ve maden i\u015f\u00e7ileri taraf\u0131ndan yuhaland\u0131. Madenci yak\u0131nlar\u0131n\u0131n \u201cSiyasetinizi de sizi de istemiyoruz\u201d diye ba\u011f\u0131rd\u0131\u011f\u0131 vali, konu\u015fmas\u0131n\u0131 k\u0131sa kesmek zorunda kald\u0131. Vali Bekta\u015f, protestolara ra\u011fmen mezarl\u0131\u011fa giderek karanfil b\u0131rakt\u0131. Vali Bekta\u015f\u2019tan \u00f6nce AKP Manisa Milletvekili\u00a0Recai Berber de protesto edilmi\u015fti.<\/p>\n<p><a href=\"http:\/\/capul.tv\/somalilar-manisa-valisini-konusturmadi-defolun-gidin-buradan\/\" target=\"_blank\"><img loading=\"lazy\" decoding=\"async\" class=\"wp-image-263776 size-full\" src=\"http:\/\/www.sendika.org\/wp-content\/uploads\/2015\/05\/vali-protesto.jpg\" alt=\"vali-protesto\" width=\"618\" height=\"345\" \/><\/a><\/p>\n<p><a href=\"http:\/\/www.sendika.org\/wp-content\/uploads\/2015\/05\/manisa-valisi.jpg\"><img loading=\"lazy\" decoding=\"async\" class=\"aligncenter wp-image-263722\" src=\"http:\/\/www.sendika.org\/wp-content\/uploads\/2015\/05\/manisa-valisi.jpg\" alt=\"manisa-valisi\" width=\"600\" height=\"448\" \/><\/a><\/p>\n<p><strong>12.30\u00a0<\/strong>A\u00e7\u0131klama sona erdi, anma i\u00e7in mezarl\u0131\u011fa gidilecek, katliam\u0131n ger\u00e7ekle\u015fti\u011fi 15:15\u2019te de Eynez\u00a0oca\u011f\u0131 \u00f6n\u00fcne gidilerek bir a\u00e7\u0131klama ger\u00e7ekle\u015ftirilecek.<\/p>\n<p><a href=\"http:\/\/www.sendika.org\/wp-content\/uploads\/2015\/05\/SOMA-MADENC%C4%B0-EV%C4%B0.jpg\"><img loading=\"lazy\" decoding=\"async\" class=\"aligncenter size-full wp-image-263690\" src=\"http:\/\/www.sendika.org\/wp-content\/uploads\/2015\/05\/SOMA-MADENC%C4%B0-EV%C4%B0.jpg\" alt=\"SOMA-MADENC\u0130-EV\u0130\" width=\"599\" height=\"447\" \/><\/a><\/p>\n<p><strong>12.12<\/strong>\u00a0Kani Beko D\u0130SK, KESK, TTB ve TMMOB ad\u0131na ortak bas\u0131n a\u00e7\u0131klamas\u0131n\u0131 okuyor:<\/p>\n<blockquote><p>Soma\u2019da 13 May\u0131s g\u00fcn\u00fc ya\u015fanan facian\u0131n bu katliam\u0131n sebebi, uygulamaya konulan \u00f6zelle\u015ftirme, ta\u015feronla\u015ft\u0131rma, r\u00f6d\u00f6vans, \u00f6rg\u00fcts\u00fczle\u015ftirme, sendikas\u0131zla\u015ft\u0131rma, k\u00f6lece \u00e7al\u0131\u015fma sistemi, kamu madencili\u011finin yok edilmesi ve kamu kurumlar\u0131nda uzun y\u0131llar sonucu elde edilmi\u015f olan madencilik bilgi ve deneyim birikiminin da\u011f\u0131t\u0131lmas\u0131 gibi neoliberal politikalard\u0131r. T\u00fcrkiye\u2019de \u00f6zellikle AKP iktidar\u0131 d\u00f6neminde uygulanan politikalarla \u00fcretim, teknik bilgi ve alt yap\u0131 olarak yetersiz, deneyimi ve deneyimli uzman bulunmayan ki\u015fi ve \u015firketlere b\u0131rak\u0131lm\u0131\u015ft\u0131r\u2026 \u0130\u015f\u00e7i sa\u011fl\u0131\u011f\u0131 ve i\u015f g\u00fcvenli\u011fi sorunlar\u0131 piyasac\u0131 yakla\u015f\u0131mlarla \u00e7\u00f6z\u00fclemez. Sendikalar\u0131n, meslek odalar\u0131n\u0131n, \u00fcniversitelerin karar s\u00fcre\u00e7lerinde ve y\u00f6netiminde yer ald\u0131\u011f\u0131, idari ve mali y\u00f6nden ba\u011f\u0131ms\u0131z, demokratik bir i\u015fleyi\u015fe sahip Ulusal \u0130\u015f\u00e7i Sa\u011fl\u0131\u011f\u0131 G\u00fcvenli\u011fi Kurumu bir an \u00f6nce olu\u015fturulmu\u015ftur.<\/p>\n<p>Emek\u00e7ilerin g\u00fcvencesiz ve kay\u0131td\u0131\u015f\u0131 \u00e7al\u0131\u015ft\u0131r\u0131lmas\u0131 engellenmelidir.<\/p>\n<p>Sendikala\u015fman\u0131n \u00f6n\u00fcndeki ILO standartlar\u0131 ile \u00e7eli\u015fen engellemeler kald\u0131r\u0131lmal\u0131d\u0131r.<\/p>\n<p>\u0130\u015e\u00e7i sa\u011fl\u0131\u011f\u0131 ve i\u015f g\u00fcvenli\u011fi kavramlar\u0131 ile temelden \u00e7eli\u015fen ve \u00f6zellikle kamuya ekonomik anlamda da y\u00fck olan, i\u015f\u00e7ileri k\u00f6lele\u015ftiren ta\u015feron ve r\u00f6dovans sistemine son verilmelidir.<\/p>\n<p>Onlar i\u015f\u00e7inin de\u011fil, halk\u0131n de\u011fil bir avu\u00e7 kan emicinin h\u00fck\u00fcmeti oldular. Soma\u2019y\u0131 polisiyle, jandarmas\u0131yla, tomas\u0131yla ku\u015fatt\u0131lar.\u00a0Soma\u2019da ya\u015fanan kaza de\u011fil cinayettir. Kader de\u011fil katliamd\u0131r.\u00a0 Bu \u00fclkede adaletli bir yarg\u0131 varsa, Enerji ve \u00c7al\u0131\u015fma Bakanlar\u0131, TK\u0130 m\u00fcd\u00fcr\u00fc Akhisar\u2019da Soma Davas\u0131\u2019nda yarg\u0131lanmal\u0131d\u0131r.\u00a0Bu \u00fclkede i\u015f\u00e7ilerin, i\u015f cinayetlerine kurban olmamas\u0131 i\u00e7in m\u00fccadelemizi s\u00fcrd\u00fcrece\u011fiz.\u00a0D\u0130SK, KESK, TMMOB ve TTB olarak Mart ay\u0131nda \u201cKader de\u011fil, f\u0131trat de\u011fil, kaza de\u011fil cinayet\u201d ba\u015fl\u0131\u011f\u0131 ile bir imza kampanyas\u0131 ba\u015flatt\u0131k. \u0130mza kampanyas\u0131 ile dile getirdi\u011fimiz talepler 7 Haziran se\u00e7imlerinden sonra olu\u015fa yeni Meclis\u2019e ta\u015f\u0131yaca\u011f\u0131z.<\/p>\n<p>16 May\u0131s\u2019ta Soma\u2019da alanlarda olaca\u011f\u0131z, katliam\u0131n hesab\u0131n\u0131 sormaya devam edece\u011fiz.<\/p><\/blockquote>\n<p><a href=\"http:\/\/www.sendika.org\/wp-content\/uploads\/2015\/05\/aciklama-soma.jpg\"><img loading=\"lazy\" decoding=\"async\" class=\"aligncenter size-full wp-image-263674\" src=\"http:\/\/www.sendika.org\/wp-content\/uploads\/2015\/05\/aciklama-soma.jpg\" alt=\"aciklama-soma\" width=\"599\" height=\"447\" \/><\/a><\/p>\n<p><strong>12.06<\/strong> Sayg\u0131 duru\u015funun ard\u0131ndan a\u00e7\u0131klama yapan D\u0130SK Genel Ba\u015fkan\u0131 Kani<strong>\u00a0<\/strong>Beko \u201cKatliam\u0131n \u00fczerinden bir y\u0131l ge\u00e7mesine ra\u011fmen katledilen madenci ailelerimize ve i\u015f\u00e7ilerimize verilen s\u00f6zler tutulmad\u0131\u201d dedi. A\u00e7\u0131klama devam ediyor.<\/p>\n<p><a href=\"http:\/\/www.sendika.org\/wp-content\/uploads\/2015\/05\/soma-sayg%C4%B1-durusu-sendiklar.jpg\"><img loading=\"lazy\" decoding=\"async\" class=\"aligncenter  wp-image-263668\" src=\"http:\/\/www.sendika.org\/wp-content\/uploads\/2015\/05\/soma-sayg%C4%B1-durusu-sendiklar.jpg\" alt=\"soma-sayg\u0131-durusu-sendiklar\" width=\"602\" height=\"450\" \/><\/a><\/p>\n<p><a href=\"http:\/\/www.sendika.org\/wp-content\/uploads\/2015\/05\/karanfil-soma-an%C4%B1t.jpg\"><img loading=\"lazy\" decoding=\"async\" class=\"aligncenter  wp-image-263672\" src=\"http:\/\/www.sendika.org\/wp-content\/uploads\/2015\/05\/karanfil-soma-an%C4%B1t.jpg\" alt=\"karanfil-soma-an\u0131t\" width=\"600\" height=\"448\" \/><\/a><\/p>\n<p><strong>12.04<\/strong>\u00a0D\u0130SK, KESK, TMMOB ve TTB temsilcilerinin y\u00fcr\u00fcy\u00fc\u015f\u00fc Madenci An\u0131t\u0131\u2019nda son buldu. An\u0131ta karanfiller b\u0131rak\u0131lmas\u0131n\u0131n ard\u0131ndan maden i\u015f\u00e7ileri i\u00e7in sayg\u0131 duru\u015fu yap\u0131l\u0131yor.\u00a0<strong><a href=\"http:\/\/www.sendika.org\/wp-content\/uploads\/2015\/05\/soma-y%C3%BCr%C3%BCy%C3%BCs-sendikalar.jpg\"><img loading=\"lazy\" decoding=\"async\" class=\"aligncenter size-full wp-image-263662\" src=\"http:\/\/www.sendika.org\/wp-content\/uploads\/2015\/05\/soma-y%C3%BCr%C3%BCy%C3%BCs-sendikalar.jpg\" alt=\"soma-y\u00fcr\u00fcy\u00fcs-sendikalar\" width=\"599\" height=\"447\" \/><\/a><\/strong><\/p>\n<p><strong>11.54\u00a0<\/strong>D\u0130SK, KESK, TMMOB ve TTB temsilcileri bas\u0131n a\u00e7\u0131klamas\u0131 i\u00e7in Soma Madenci An\u0131t\u0131\u2019na y\u00fcr\u00fcyor. \u00d6nce D\u0130SK Dev-Maden Sen temsilcili\u011fi \u00f6n\u00fcnde bir araya gelen kurum temsilcileri buradan Soma E\u011fitim-Sen \u00f6n\u00fcne ge\u00e7ti. Burada bir araya gelenler \u201cSoma\u2019y\u0131 unutma unutturma\u201d sloganlar\u0131 ile madenci an\u0131t\u0131na ge\u00e7ti.<\/p>\n<p><a href=\"http:\/\/www.sendika.org\/wp-content\/uploads\/2015\/05\/soma-sendikalar.jpg\"><img loading=\"lazy\" decoding=\"async\" class=\"aligncenter size-full wp-image-263659\" src=\"http:\/\/www.sendika.org\/wp-content\/uploads\/2015\/05\/soma-sendikalar.jpg\" alt=\"soma-sendikalar\" width=\"599\" height=\"447\" \/><\/a><\/p>\n<p><strong>11.40<\/strong> Sabah saatlerinde Soma\u2019da ya\u015fl\u0131 bir yurtta\u015f\u0131n ta\u015f\u0131d\u0131\u011f\u0131 \u201c\u00c7\u0131\u011fl\u0131klara kulak verin i\u015fsiz ve a\u00e7\u0131z\u201d yaz\u0131l\u0131 d\u00f6viz polis taraf\u0131ndan al\u0131nd\u0131. Sendika.Org muhabiri d\u00f6vizi elinden al\u0131nan yurtta\u015fla konu\u015ftu. D\u00f6vizi ta\u015f\u0131yan yurtta\u015f, Samsun\u2019dan Soma\u2019n\u0131n ac\u0131s\u0131n\u0131 payla\u015fmak i\u00e7in buraya geldi\u011fini, ancak polislerin \u2018tehlikeli\u2019 diyerek d\u00f6vizini elinden ald\u0131\u011f\u0131n\u0131 s\u00f6yledi. \u201cNeresi tehlikeli\u201d diye sordu\u011funda ise polislerin \u201cNiye a\u00e7\u0131z yazd\u0131n\u201d dedi\u011fini ifade etti.<\/p>\n<p><a href=\"http:\/\/www.sendika.org\/wp-content\/uploads\/2015\/05\/doviz-1.jpg\"><img loading=\"lazy\" decoding=\"async\" class=\"aligncenter size-full wp-image-263648\" src=\"http:\/\/www.sendika.org\/wp-content\/uploads\/2015\/05\/doviz-1.jpg\" alt=\"doviz-1\" width=\"615\" height=\"340\" \/><\/a><\/p>\n<p><strong>11. 36<\/strong> Madenci An\u0131t\u0131 \u00f6n\u00fcnde ilk a\u00e7\u0131klamay\u0131 Maden M\u00fchendisleri Odas\u0131 yapt\u0131: \u201cFacian\u0131n sorumlusu ocaklara ta\u015feronu sokan, bu i\u015fin f\u0131trat\u0131nda var diyen iktidard\u0131r.\u201d<\/p>\n<p><a href=\"http:\/\/www.sendika.org\/wp-content\/uploads\/2015\/05\/soma-maden-m%C3%BChendis.jpg\"><img loading=\"lazy\" decoding=\"async\" class=\"aligncenter size-full wp-image-263645\" src=\"http:\/\/www.sendika.org\/wp-content\/uploads\/2015\/05\/soma-maden-m%C3%BChendis.jpg\" alt=\"soma-maden-m\u00fchendis\" width=\"599\" height=\"447\" \/><\/a><\/p>\n<p><strong>11.30<\/strong> Manisa B\u00fcy\u00fck\u015fehir Belediyesi ve Soma Kaymakaml\u0131\u011f\u0131 insan ta\u015f\u0131yarak bir t\u00f6ren yap\u0131yor. T\u00f6rende madenciler i\u00e7in Kuran okutulacak. \u2018F\u0131tratt\u0131r\u2019 diyerek hesap sorulmas\u0131n\u0131n \u00f6n\u00fcne ge\u00e7meye \u00e7al\u0131\u015fanlar 1. y\u0131lda da dinsel s\u00f6ylemlerle ac\u0131y\u0131 ve \u00f6fkeyi yat\u0131\u015ft\u0131rmaya \u00e7al\u0131\u015f\u0131yor. Katliamda sermaye ve iktidarla olan ili\u015fkileri de\u015fifre olan Maden-\u0130\u015f Sendikas\u0131 da Kuran okutarak i\u015f\u00e7ileri \u201can\u0131yor\u201d.\u00a0\u00a0Soma Meydan\u0131\u2019nda kaymakaml\u0131k ve sendika mevlit okutuyor. Zonguldak\u2019tan gelenler d\u0131\u015f\u0131nda dinleyen yok!<\/p>\n<p><a href=\"http:\/\/www.sendika.org\/wp-content\/uploads\/2015\/05\/maden-soma.jpg\"><img loading=\"lazy\" decoding=\"async\" class=\"aligncenter size-full wp-image-263656\" src=\"http:\/\/www.sendika.org\/wp-content\/uploads\/2015\/05\/maden-soma.jpg\" alt=\"maden-soma\" width=\"599\" height=\"447\" \/><\/a><\/p>\n<p><strong>10.00 <\/strong>Sabah saatlerinden itibaren mezarl\u0131k ziyaretleri ba\u015flad\u0131. Aileler hem ac\u0131lar\u0131n\u0131 payla\u015f\u0131yor hem de tutulmayan s\u00f6zlere, hala adaletin sa\u011flanmamas\u0131na isyan ediyor.<\/p>\n<p><strong>Sendika.Org<\/strong><\/p>\n<p>&nbsp;<\/p>\n<p>&nbsp;<\/p>\n<p><a href=\"http:\/\/www.sendika.org\/2015\/05\/katliamin-1-yilinda-soma-ofke-aci-ve-isyan-guncelleniyor\/\" target=\"_blank\">http:\/\/www.sendika.org\/2015\/<wbr \/>05\/katliamin-1-yilinda-soma-<wbr \/>ofke-aci-ve-isyan-<wbr \/>guncelleniyor\/<\/a><\/p>\n","protected":false},"excerpt":{"rendered":"<p>13 May\u0131s 2015, sendika.org Katliam\u0131n\u0131n 1. y\u0131l\u0131nda Soma\u2019ya ac\u0131, \u00f6fke ve isyan hakim. Madenci aileleri ve maden i\u015f\u00e7ileri bir y\u0131l&#46;&#46;&#46;<\/p>\n","protected":false},"author":1,"featured_media":4815,"comment_status":"closed","ping_status":"closed","sticky":false,"template":"","format":"standard","meta":{"_jetpack_memberships_contains_paid_content":false,"footnotes":""},"categories":[1],"tags":[],"class_list":["post-4814","post","type-post","status-publish","format-standard","has-post-thumbnail","hentry","category-ced"],"aioseo_notices":[],"jetpack_featured_media_url":"http:\/\/www.ced.org.tr\/wp-content\/uploads\/2015\/05\/77669-doguuu.jpg","jetpack_sharing_enabled":true,"jetpack-related-posts":[],"_links":{"self":[{"href":"http:\/\/www.ced.org.tr\/index.php?rest_route=\/wp\/v2\/posts\/4814","targetHints":{"allow":["GET"]}}],"collection":[{"href":"http:\/\/www.ced.org.tr\/index.php?rest_route=\/wp\/v2\/posts"}],"about":[{"href":"http:\/\/www.ced.org.tr\/index.php?rest_route=\/wp\/v2\/types\/post"}],"author":[{"embeddable":true,"href":"http:\/\/www.ced.org.tr\/index.php?rest_route=\/wp\/v2\/users\/1"}],"replies":[{"embeddable":true,"href":"http:\/\/www.ced.org.tr\/index.php?rest_route=%2Fwp%2Fv2%2Fcomments&post=4814"}],"version-history":[{"count":1,"href":"http:\/\/www.ced.org.tr\/index.php?rest_route=\/wp\/v2\/posts\/4814\/revisions"}],"predecessor-version":[{"id":4816,"href":"http:\/\/www.ced.org.tr\/index.php?rest_route=\/wp\/v2\/posts\/4814\/revisions\/4816"}],"wp:featuredmedia":[{"embeddable":true,"href":"http:\/\/www.ced.org.tr\/index.php?rest_route=\/wp\/v2\/media\/4815"}],"wp:attachment":[{"href":"http:\/\/www.ced.org.tr\/index.php?rest_route=%2Fwp%2Fv2%2Fmedia&parent=4814"}],"wp:term":[{"taxonomy":"category","embeddable":true,"href":"http:\/\/www.ced.org.tr\/index.php?rest_route=%2Fwp%2Fv2%2Fcategories&post=4814"},{"taxonomy":"post_tag","embeddable":true,"href":"http:\/\/www.ced.org.tr\/index.php?rest_route=%2Fwp%2Fv2%2Ftags&post=4814"}],"curies":[{"name":"wp","href":"https:\/\/api.w.org\/{rel}","templated":true}]}}