{"id":4817,"date":"2015-05-14T21:23:22","date_gmt":"2015-05-14T18:23:22","guid":{"rendered":"http:\/\/www.ced.org.tr\/?p=4817"},"modified":"2015-05-14T21:23:22","modified_gmt":"2015-05-14T18:23:22","slug":"iste-sancakin-erdogana-ana-baba-ve-cocuklarini-feda-etmesinin-nedeni","status":"publish","type":"post","link":"http:\/\/www.ced.org.tr\/?p=4817","title":{"rendered":"\u0130\u015fte Sancak&#8217;\u0131n Erdo\u011fan&#8217;a ana, baba ve \u00e7ocuklar\u0131n\u0131 feda etmesinin nedeni"},"content":{"rendered":"<div>\n<div>Ethem Sancak, Cumhurba\u015fkan\u0131 Recep Tayyip Erdo\u011fan&#8217;a &#8220;ona, anam, babam, \u00e7ocuklar\u0131m feda olsun&#8221; dedi.<\/div>\n<div>\n<div><\/div>\n<div>Cumhuriyet\/Haber Merkezi\/Ekonomi Servisi<\/div>\n<div>Yay\u0131nlanma tarihi:\u00a012 May\u0131s 2015 Sal\u0131<\/div>\n<\/div>\n<div><\/div>\n<\/div>\n<div>\n<p>Cumhurba\u015fkan\u0131 Recep Tayyip Erdo\u011fan\u2019a yak\u0131n i\u015fadamlar\u0131ndan olan ve Parti \u0130\u00e7i Demokrasi Hakemi olarak AKP y\u00f6netimine giren Ethem Sancak,<strong>\u201cBir Arap atas\u00f6z\u00fc der ki \u2018Sana anam babam feda olsun\u2019 ben de Erdo\u011fan i\u00e7in diyorum ki ona; anam, babam, \u00e7ocuklar\u0131m feda olsun\u201d<\/strong>\u00a0ifadelerini kulland\u0131.<br \/>\nHDP mesaj\u0131 Ge\u00e7en y\u0131l TMSF\u2019den Ak\u015fam, G\u00fcne\u015f gazeteleri ve SKY 360 kanal\u0131n\u0131 sat\u0131n alarak, Star gazetesi ve Kanal 24\u2019\u00fcn de i\u00e7inde bulundu\u011fu medya grubunu geni\u015fleten i\u015fadam\u0131 Ethem Sancak, Erdo\u011fan\u2019a olan sevgisini farkl\u0131 bir noktaya ta\u015f\u0131d\u0131. \u00d6nceki g\u00fcn Erdo\u011fan\u2019\u0131n memleketi Rize G\u00fcneysu\u2019da Ba\u015fbakan Yard\u0131mc\u0131s\u0131 Numan Kurtulmu\u015f ile \u201cBa\u015fkanl\u0131k Sistemi\u201d panelinde konu\u015fan Ethem Sancak yine \u00e7ok konu\u015fulacak a\u00e7\u0131klamalarda bulundu. HDP\u2019yi baraj alt\u0131nda b\u0131rakmak i\u00e7in \u201c\u00e7ok \u00e7al\u0131\u015facaklar\u0131n\u0131\u201d a\u00e7\u0131klayan Sancak, Erdo\u011fan\u2019a hayranl\u0131\u011f\u0131n\u0131 ise \u201cBir Arap atas\u00f6z\u00fc der ki \u2018Sana anam babam feda olsun\u2019 ben de Erdo\u011fan i\u00e7in diyorum ki ona; anam, babam, \u00e7ocuklar\u0131m feda olsun\u201d diye konu\u015ftu. Ethem Sancak, kendi televizyon kanallar\u0131 ba\u015fta olmak \u00fczere bir\u00e7ok yerde canl\u0131 yay\u0131mlanan panelde, \u201cBunlar\u0131 Erdo\u011fan\u2019a s\u00f6ylemeyin ona dalkavukluk yapt\u0131\u011f\u0131m\u0131 san\u0131r\u201d diye tembih de bulunmay\u0131 da ihmal etmedi Ethem Sancak daha \u00f6nce yapt\u0131\u011f\u0131 \u201cErdo\u011fan a\u00e7\u0131klamalar\u0131yla\u201d da s\u0131k s\u0131k g\u00fcndeme gelmi\u015fti. Sancak \u201cyerli otomobil\u201d tart\u0131\u015fmalar\u0131n\u0131n s\u00fcrd\u00fc\u011f\u00fc g\u00fcnlerde \u201cErdo\u011fan\u2019a \u00e2\u015f\u0131\u011f\u0131m. Yerli babayi\u011fit ben olaca\u011f\u0131m\u201d demi\u015fti.<\/p>\n<p>&nbsp;<\/p>\n<p><strong>Sancak&#8217;\u0131n y\u0131ld\u0131z\u0131 AKP d\u00f6neminde parlad\u0131<\/strong><\/p>\n<p>90\u2019larda \u0130stanbul\u2019da bir ila\u00e7 da\u011f\u0131t\u0131c\u0131s\u0131 olan Ethem Sancak\u2019\u0131n AKP iktidar\u0131nda y\u0131ld\u0131z\u0131 parlad\u0131. Sancak, milyarl\u0131k kamu ihaleleri alarak T\u00fcrkiye\u2019nin en zenginleri aras\u0131na girdi. Ethem Sancak, ge\u00e7en y\u0131l rakipsiz girdi\u011fi ihalede 1 milyar TL\u2019lik BMC\u2019yi TMSF\u2019den 751 milyon TL\u2019ye ald\u0131. AKP h\u00fck\u00fcmetinin ald\u0131\u011f\u0131 yeni TOMA\u2019lar i\u00e7in de ihale BMC\u2019ye verildi. Star Medya Yay\u0131nc\u0131l\u0131k A\u015e, Star Medya Ajans A\u015e, Star Matbaac\u0131l\u0131k Sanayi ve Ticaret A\u015e, Dinamik Radyo Televizyon A\u015e\u2019nin sermayelerinin y\u00fczde 50\u2019sini temsil eden hisseleri de Ethem Sancak\u2019a devredildi. TMSF\u2019nin el koydu\u011fu Ak\u015fam gazetesi ve Skyturk 360\u2019\u0131 da sat\u0131n ald\u0131. Ethem Sancak b\u00f6ylece Skyturk 360 televizyonu ve b\u00fcnyesinde 2 ulusal gazete ve 1\u2019i ulusal, 1\u2019i b\u00f6lgesel olmak \u00fczere 2 radyo kanal\u0131 sahibi oldu. Sancak\u2019\u0131n TMSF\u2019den, i\u00e7inde Ak\u015fam Gazetesi ve Skyturk360 televizyonunun da bulundu\u011fu T\u00fcrkmedya\u2019y\u0131 Cumhurba\u015fkan\u0131 Tayyip Erdo\u011fan\u2019\u0131n iste\u011fi \u00fczerine ald\u0131\u011f\u0131 iddia ediliyor.<\/p>\n<p>&nbsp;<\/p>\n<p><strong>125 liral\u0131k yara band\u0131n\u0131, 350 liraya sat\u0131yorlar<\/strong><\/p>\n<p><img loading=\"lazy\" decoding=\"async\" class=\"CToWUd\" src=\"https:\/\/ci6.googleusercontent.com\/proxy\/DeNXiO-hTjti63vzzP-VaDtpLdt6Emm4fjczOIDXXDfcXN94bsXXadigdyN-aCzZKAZngAIW8tVIlNhJRRXVYm5D4XtkrDNhZC0XV7oJNQz2skFcE-bHo3_kd7NQI4acte0VlBqjQBcP=s0-d-e1-ft#http:\/\/www.cumhuriyet.com.tr\/thumbs\/202x237\/Archive\/2015\/5\/12\/274573_resource\/9.jpg\" alt=\"[Haber g\u00f6rseli]\" width=\"202\" height=\"237\" \/>S\u00f6zc\u00fc&#8217;den Ali Ekber Ert\u00fcrk&#8217;\u00fcn haberine g\u00f6re, her biri devlete 350 liraya sat\u0131lan, AKP iktidar\u0131na yak\u0131nl\u0131\u011f\u0131 ile bilinen medya patronu Murat Sancak\u2019a ait \u201cF\u0131t\u0131k yamas\u0131\u201dn\u0131n, daha \u00f6nce ayn\u0131 firma taraf\u0131ndan 125 liraya piyasaya sat\u0131ld\u0131\u011f\u0131 tespit edildi. Y\u00f6netmelik de\u011fi\u015fikli\u011fi sonucu \u201cTransdermal Difuzyonel (Disk Hernisi \u0130\u00e7in) Yama\u201d ad\u0131yla 350 TL destek verilecek olan yaman\u0131n 125 liral\u0131k faturas\u0131 ortaya \u00e7\u0131kt\u0131. 18 Ocak 2013 tarihli sat\u0131\u015f faturas\u0131na g\u00f6re, bir doktora 10 adet yama sat\u0131ld\u0131. Bunun kar\u015f\u0131l\u0131\u011f\u0131nda da bin 250 lira al\u0131nd\u0131. B\u00f6ylece ayn\u0131 yaman\u0131n tanesinin daha \u00f6nce 125 liradan sat\u0131ld\u0131\u011f\u0131 g\u00f6zler \u00f6n\u00fcne serildi. T\u00fcrkiye\u2019de sadece Sancak\u2019\u0131n firmas\u0131n\u0131n \u00fcretti\u011fi f\u0131t\u0131k yamas\u0131ndan y\u0131lda ortalama 50 milyon liran\u0131n devletin kasas\u0131ndan Sancak\u2019\u0131n \u015firketine girece\u011fi belirtiliyor.<\/p>\n<p>&nbsp;<\/p>\n<p><strong>Meclis g\u00fcndemine de ta\u015f\u0131nd\u0131<\/strong><\/p>\n<p>21 Nisan g\u00fcn\u00fc Resmi Gazete\u2019de yay\u0131nlanan Sa\u011fl\u0131k Uygulama Tebli\u011fi ile bel ve boyun f\u0131t\u0131klar\u0131 \u00fczerine yap\u0131\u015ft\u0131r\u0131l\u0131p s\u00f6k\u00fclen \u201cYak\u0131\u201d benzeri bir banda devletin para \u00f6deyece\u011fi h\u00fckme ba\u011flanm\u0131\u015f ve bant ba\u015f\u0131na 350 lira \u00f6denmesi de kararla\u015ft\u0131r\u0131lm\u0131\u015ft\u0131. \u00dcretilen bantlar\u0131n bedelini kurum b\u00fct\u00e7esinden kar\u015f\u0131lama karar\u0131 skandal\u0131, Meclis g\u00fcndemine de ta\u015f\u0131nd\u0131. CHP\u2019li vekil Sezgin Tanr\u0131kulu, \u00c7al\u0131\u015fma Bakan\u0131 Faruk \u00c7elik\u2019in yan\u0131tlamas\u0131 istemiyle TBMM Ba\u015fkanl\u0131\u011f\u0131\u2019na \u015fu soru \u00f6nergesini verdi: \u201cArtcure adl\u0131 bu band\u0131 T\u00fcrkiye\u2019de \u00fcreten tek firma hangisidir? Bant ba\u015f\u0131na 350 TL \u00f6demenin gerek\u00e7esi nedir?<\/p>\n<\/div>\n","protected":false},"excerpt":{"rendered":"<p>Ethem Sancak, Cumhurba\u015fkan\u0131 Recep Tayyip Erdo\u011fan&#8217;a &#8220;ona, anam, babam, \u00e7ocuklar\u0131m feda olsun&#8221; dedi. Cumhuriyet\/Haber Merkezi\/Ekonomi Servisi Yay\u0131nlanma tarihi:\u00a012 May\u0131s 2015&#46;&#46;&#46;<\/p>\n","protected":false},"author":1,"featured_media":0,"comment_status":"closed","ping_status":"closed","sticky":false,"template":"","format":"standard","meta":{"_jetpack_memberships_contains_paid_content":false,"footnotes":""},"categories":[1],"tags":[],"class_list":["post-4817","post","type-post","status-publish","format-standard","hentry","category-ced"],"aioseo_notices":[],"jetpack_featured_media_url":"","jetpack_sharing_enabled":true,"jetpack-related-posts":[],"_links":{"self":[{"href":"http:\/\/www.ced.org.tr\/index.php?rest_route=\/wp\/v2\/posts\/4817","targetHints":{"allow":["GET"]}}],"collection":[{"href":"http:\/\/www.ced.org.tr\/index.php?rest_route=\/wp\/v2\/posts"}],"about":[{"href":"http:\/\/www.ced.org.tr\/index.php?rest_route=\/wp\/v2\/types\/post"}],"author":[{"embeddable":true,"href":"http:\/\/www.ced.org.tr\/index.php?rest_route=\/wp\/v2\/users\/1"}],"replies":[{"embeddable":true,"href":"http:\/\/www.ced.org.tr\/index.php?rest_route=%2Fwp%2Fv2%2Fcomments&post=4817"}],"version-history":[{"count":1,"href":"http:\/\/www.ced.org.tr\/index.php?rest_route=\/wp\/v2\/posts\/4817\/revisions"}],"predecessor-version":[{"id":4818,"href":"http:\/\/www.ced.org.tr\/index.php?rest_route=\/wp\/v2\/posts\/4817\/revisions\/4818"}],"wp:attachment":[{"href":"http:\/\/www.ced.org.tr\/index.php?rest_route=%2Fwp%2Fv2%2Fmedia&parent=4817"}],"wp:term":[{"taxonomy":"category","embeddable":true,"href":"http:\/\/www.ced.org.tr\/index.php?rest_route=%2Fwp%2Fv2%2Fcategories&post=4817"},{"taxonomy":"post_tag","embeddable":true,"href":"http:\/\/www.ced.org.tr\/index.php?rest_route=%2Fwp%2Fv2%2Ftags&post=4817"}],"curies":[{"name":"wp","href":"https:\/\/api.w.org\/{rel}","templated":true}]}}