{"id":4830,"date":"2015-05-29T15:09:27","date_gmt":"2015-05-29T12:09:27","guid":{"rendered":"http:\/\/www.ced.org.tr\/?p=4830"},"modified":"2015-05-29T15:09:27","modified_gmt":"2015-05-29T12:09:27","slug":"istanbul-eczaci-odasi-kemoterapi-ilaclarinin-eczane-disindan-tedarigi-ile-ilgili-basin-aciklamasi-yapti","status":"publish","type":"post","link":"http:\/\/www.ced.org.tr\/?p=4830","title":{"rendered":"\u0130stanbul Eczac\u0131 Odas\u0131 Kemoterapi ila\u00e7lar\u0131n\u0131n Eczane D\u0131\u015f\u0131ndan Tedari\u011fi \u0130le \u0130lgili Bas\u0131n A\u00e7\u0131klamas\u0131 Yapt\u0131"},"content":{"rendered":"<p><img loading=\"lazy\" decoding=\"async\" class=\"alignleft\" src=\"http:\/\/www.istanbuleczaciodasi.org.tr\/upload\/img\/20150528_foto1.JPG\" alt=\"\" width=\"371\" height=\"246\" \/>\u0130EO&#8217;nun bas\u0131n a\u00e7\u0131klamas\u0131 ile ilgili duyurusunu a\u015fa\u011f\u0131da bilgilerinize sunar\u0131z.<\/p>\n<p><em>Odam\u0131z taraf\u0131ndan, Sa\u011fl\u0131k Uygulama Tebli\u011fi de\u011fi\u015fikli\u011fi ile kemoterapi ila\u00e7lar\u0131n\u0131n 01 Temmuz 2015 tarihinden itibaren hastanelerden kar\u015f\u0131lanmas\u0131 ile ilgili bug\u00fcn \u00c7apa T\u0131p Fak\u00fcltesi Hastanesi kar\u015f\u0131s\u0131nda bas\u0131n a\u00e7\u0131klamas\u0131 \u00a0yap\u0131lm\u0131\u015ft\u0131r.<\/em><\/p>\n<p><em>\u00a0Ba\u015fkan\u0131m\u0131z Ecz. Semih G\u00fcng\u00f6r&#8217;\u00fcn yapt\u0131\u011f\u0131 bas\u0131n a\u00e7\u0131klamas\u0131n\u0131n tam metni i\u00e7in <strong><a href=\"http:\/\/www.istanbuleczaciodasi.org.tr\/upload\/pdf\/20150528_basinaciklamasi.pdf\">t\u0131klay\u0131n\u0131z.<\/a>\u00a0<\/strong><\/em><\/p>\n","protected":false},"excerpt":{"rendered":"<p>\u0130EO&#8217;nun bas\u0131n a\u00e7\u0131klamas\u0131 ile ilgili duyurusunu a\u015fa\u011f\u0131da bilgilerinize sunar\u0131z. Odam\u0131z taraf\u0131ndan, Sa\u011fl\u0131k Uygulama Tebli\u011fi de\u011fi\u015fikli\u011fi ile kemoterapi ila\u00e7lar\u0131n\u0131n 01 Temmuz&#46;&#46;&#46;<\/p>\n","protected":false},"author":1,"featured_media":0,"comment_status":"closed","ping_status":"closed","sticky":false,"template":"","format":"standard","meta":{"_jetpack_memberships_contains_paid_content":false,"footnotes":""},"categories":[1],"tags":[],"class_list":["post-4830","post","type-post","status-publish","format-standard","hentry","category-ced"],"aioseo_notices":[],"jetpack_featured_media_url":"","jetpack_sharing_enabled":true,"jetpack-related-posts":[],"_links":{"self":[{"href":"http:\/\/www.ced.org.tr\/index.php?rest_route=\/wp\/v2\/posts\/4830","targetHints":{"allow":["GET"]}}],"collection":[{"href":"http:\/\/www.ced.org.tr\/index.php?rest_route=\/wp\/v2\/posts"}],"about":[{"href":"http:\/\/www.ced.org.tr\/index.php?rest_route=\/wp\/v2\/types\/post"}],"author":[{"embeddable":true,"href":"http:\/\/www.ced.org.tr\/index.php?rest_route=\/wp\/v2\/users\/1"}],"replies":[{"embeddable":true,"href":"http:\/\/www.ced.org.tr\/index.php?rest_route=%2Fwp%2Fv2%2Fcomments&post=4830"}],"version-history":[{"count":1,"href":"http:\/\/www.ced.org.tr\/index.php?rest_route=\/wp\/v2\/posts\/4830\/revisions"}],"predecessor-version":[{"id":4831,"href":"http:\/\/www.ced.org.tr\/index.php?rest_route=\/wp\/v2\/posts\/4830\/revisions\/4831"}],"wp:attachment":[{"href":"http:\/\/www.ced.org.tr\/index.php?rest_route=%2Fwp%2Fv2%2Fmedia&parent=4830"}],"wp:term":[{"taxonomy":"category","embeddable":true,"href":"http:\/\/www.ced.org.tr\/index.php?rest_route=%2Fwp%2Fv2%2Fcategories&post=4830"},{"taxonomy":"post_tag","embeddable":true,"href":"http:\/\/www.ced.org.tr\/index.php?rest_route=%2Fwp%2Fv2%2Ftags&post=4830"}],"curies":[{"name":"wp","href":"https:\/\/api.w.org\/{rel}","templated":true}]}}