{"id":4839,"date":"2015-06-06T11:31:56","date_gmt":"2015-06-06T08:31:56","guid":{"rendered":"http:\/\/www.ced.org.tr\/?p=4839"},"modified":"2015-06-06T11:31:56","modified_gmt":"2015-06-06T08:31:56","slug":"diyarbakirda-yapilan-bombali-saldiriyi-lanetliyoruz","status":"publish","type":"post","link":"http:\/\/www.ced.org.tr\/?p=4839","title":{"rendered":"Diyarbak\u0131r&#8217;da yap\u0131lan bombal\u0131 sald\u0131r\u0131y\u0131 lanetliyoruz!"},"content":{"rendered":"<p>D\u00fcn Diyarbak\u0131r&#8217;da bir siyasi partinin mitingi esnas\u0131nda\u00a0ger\u00e7ekle\u015ftirilen\u00a02 ki\u015finin hayat\u0131n\u0131 kaybetti\u011fi, 100&#8217;den fazla ki\u015finin de\u00a0yaraland\u0131\u011f\u0131 insanl\u0131k d\u0131\u015f\u0131 bombal\u0131 sald\u0131r\u0131y\u0131 lanetliyoruz.<\/p>\n<p style=\"text-align: center;\"><strong>\u00c7a\u011fda\u015f Eczac\u0131lar Derne\u011fi<\/strong><\/p>\n","protected":false},"excerpt":{"rendered":"<p>D\u00fcn Diyarbak\u0131r&#8217;da bir siyasi partinin mitingi esnas\u0131nda\u00a0ger\u00e7ekle\u015ftirilen\u00a02 ki\u015finin hayat\u0131n\u0131 kaybetti\u011fi, 100&#8217;den fazla ki\u015finin de\u00a0yaraland\u0131\u011f\u0131 insanl\u0131k d\u0131\u015f\u0131 bombal\u0131 sald\u0131r\u0131y\u0131 lanetliyoruz. \u00c7a\u011fda\u015f&#46;&#46;&#46;<\/p>\n","protected":false},"author":1,"featured_media":4840,"comment_status":"closed","ping_status":"closed","sticky":false,"template":"","format":"standard","meta":{"_jetpack_memberships_contains_paid_content":false,"footnotes":""},"categories":[1],"tags":[],"class_list":["post-4839","post","type-post","status-publish","format-standard","has-post-thumbnail","hentry","category-ced"],"aioseo_notices":[],"jetpack_featured_media_url":"http:\/\/www.ced.org.tr\/wp-content\/uploads\/2015\/06\/lanetliyoruz.jpg","jetpack_sharing_enabled":true,"jetpack-related-posts":[],"_links":{"self":[{"href":"http:\/\/www.ced.org.tr\/index.php?rest_route=\/wp\/v2\/posts\/4839","targetHints":{"allow":["GET"]}}],"collection":[{"href":"http:\/\/www.ced.org.tr\/index.php?rest_route=\/wp\/v2\/posts"}],"about":[{"href":"http:\/\/www.ced.org.tr\/index.php?rest_route=\/wp\/v2\/types\/post"}],"author":[{"embeddable":true,"href":"http:\/\/www.ced.org.tr\/index.php?rest_route=\/wp\/v2\/users\/1"}],"replies":[{"embeddable":true,"href":"http:\/\/www.ced.org.tr\/index.php?rest_route=%2Fwp%2Fv2%2Fcomments&post=4839"}],"version-history":[{"count":1,"href":"http:\/\/www.ced.org.tr\/index.php?rest_route=\/wp\/v2\/posts\/4839\/revisions"}],"predecessor-version":[{"id":4841,"href":"http:\/\/www.ced.org.tr\/index.php?rest_route=\/wp\/v2\/posts\/4839\/revisions\/4841"}],"wp:featuredmedia":[{"embeddable":true,"href":"http:\/\/www.ced.org.tr\/index.php?rest_route=\/wp\/v2\/media\/4840"}],"wp:attachment":[{"href":"http:\/\/www.ced.org.tr\/index.php?rest_route=%2Fwp%2Fv2%2Fmedia&parent=4839"}],"wp:term":[{"taxonomy":"category","embeddable":true,"href":"http:\/\/www.ced.org.tr\/index.php?rest_route=%2Fwp%2Fv2%2Fcategories&post=4839"},{"taxonomy":"post_tag","embeddable":true,"href":"http:\/\/www.ced.org.tr\/index.php?rest_route=%2Fwp%2Fv2%2Ftags&post=4839"}],"curies":[{"name":"wp","href":"https:\/\/api.w.org\/{rel}","templated":true}]}}