{"id":4846,"date":"2015-06-24T16:51:01","date_gmt":"2015-06-24T13:51:01","guid":{"rendered":"http:\/\/www.ced.org.tr\/?p=4846"},"modified":"2015-06-24T16:54:32","modified_gmt":"2015-06-24T13:54:32","slug":"iskenceye-sessiz-kalma","status":"publish","type":"post","link":"http:\/\/www.ced.org.tr\/?p=4846","title":{"rendered":"T\u0130HV: Sokakta-G\u00f6zalt\u0131nda Ceaevinde \u0130\u015fkence Var. \u0130\u015fkenceye Sessiz Kalma. M\u00fccadeleyi ve Dayan\u0131\u015fmay\u0131 Y\u00fckselt G\u00fcl\u00fcmse &#8220;\u0130\u015fkencesiz Bir D\u00fcnya M\u00fcmk\u00fcn\u201d"},"content":{"rendered":"<p><a href=\"http:\/\/www.ced.org.tr\/wp-content\/uploads\/2015\/06\/tihv.png\"><img loading=\"lazy\" decoding=\"async\" class=\"aligncenter size-large wp-image-4847\" src=\"http:\/\/www.ced.org.tr\/wp-content\/uploads\/2015\/06\/tihv-677x1024.png\" alt=\"tihv\" width=\"677\" height=\"1024\" srcset=\"http:\/\/www.ced.org.tr\/wp-content\/uploads\/2015\/06\/tihv-677x1024.png 677w, http:\/\/www.ced.org.tr\/wp-content\/uploads\/2015\/06\/tihv-198x300.png 198w, http:\/\/www.ced.org.tr\/wp-content\/uploads\/2015\/06\/tihv.png 900w\" sizes=\"auto, (max-width: 677px) 100vw, 677px\" \/><\/a><\/p>\n","protected":false},"excerpt":{"rendered":"","protected":false},"author":1,"featured_media":4849,"comment_status":"closed","ping_status":"closed","sticky":false,"template":"","format":"standard","meta":{"_jetpack_memberships_contains_paid_content":false,"footnotes":""},"categories":[1],"tags":[],"class_list":["post-4846","post","type-post","status-publish","format-standard","has-post-thumbnail","hentry","category-ced"],"aioseo_notices":[],"jetpack_featured_media_url":"http:\/\/www.ced.org.tr\/wp-content\/uploads\/2015\/06\/tihv_2.png","jetpack_sharing_enabled":true,"jetpack-related-posts":[],"_links":{"self":[{"href":"http:\/\/www.ced.org.tr\/index.php?rest_route=\/wp\/v2\/posts\/4846","targetHints":{"allow":["GET"]}}],"collection":[{"href":"http:\/\/www.ced.org.tr\/index.php?rest_route=\/wp\/v2\/posts"}],"about":[{"href":"http:\/\/www.ced.org.tr\/index.php?rest_route=\/wp\/v2\/types\/post"}],"author":[{"embeddable":true,"href":"http:\/\/www.ced.org.tr\/index.php?rest_route=\/wp\/v2\/users\/1"}],"replies":[{"embeddable":true,"href":"http:\/\/www.ced.org.tr\/index.php?rest_route=%2Fwp%2Fv2%2Fcomments&post=4846"}],"version-history":[{"count":4,"href":"http:\/\/www.ced.org.tr\/index.php?rest_route=\/wp\/v2\/posts\/4846\/revisions"}],"predecessor-version":[{"id":4852,"href":"http:\/\/www.ced.org.tr\/index.php?rest_route=\/wp\/v2\/posts\/4846\/revisions\/4852"}],"wp:featuredmedia":[{"embeddable":true,"href":"http:\/\/www.ced.org.tr\/index.php?rest_route=\/wp\/v2\/media\/4849"}],"wp:attachment":[{"href":"http:\/\/www.ced.org.tr\/index.php?rest_route=%2Fwp%2Fv2%2Fmedia&parent=4846"}],"wp:term":[{"taxonomy":"category","embeddable":true,"href":"http:\/\/www.ced.org.tr\/index.php?rest_route=%2Fwp%2Fv2%2Fcategories&post=4846"},{"taxonomy":"post_tag","embeddable":true,"href":"http:\/\/www.ced.org.tr\/index.php?rest_route=%2Fwp%2Fv2%2Ftags&post=4846"}],"curies":[{"name":"wp","href":"https:\/\/api.w.org\/{rel}","templated":true}]}}