{"id":4869,"date":"2015-07-01T16:02:01","date_gmt":"2015-07-01T13:02:01","guid":{"rendered":"http:\/\/www.ced.org.tr\/?p=4869"},"modified":"2015-07-01T16:02:01","modified_gmt":"2015-07-01T13:02:01","slug":"halklarin-kardesligini-ve-barisi-savunacagiz-savasa-hayir","status":"publish","type":"post","link":"http:\/\/www.ced.org.tr\/?p=4869","title":{"rendered":"Halklar\u0131n Karde\u015fli\u011fini ve Bar\u0131\u015f\u0131 Savunaca\u011f\u0131z  SAVA\u015eA HAYIR!"},"content":{"rendered":"<p>Cumhurba\u015fkan\u0131 Erdo\u011fan ve AKP&#8217;nin Suriye&#8217;ye kar\u015f\u0131 sava\u015f anlam\u0131 ta\u015f\u0131yacak bir askeri m\u00fcdahaleye y\u00f6nelik \u00e7\u0131k\u0131\u015flar\u0131 gerek b\u00f6lge gerekse \u00fclkemiz halklar\u0131nda b\u00fcy\u00fck bir endi\u015feye yol a\u00e7maktad\u0131r.<\/p>\n<p>Suriye&#8217;ye y\u00f6nelik bir askeri harekat\u0131n, m\u00fcdahalenin sonu\u00e7lar\u0131n\u0131n \u00e7ok a\u011f\u0131r olaca\u011f\u0131, bu operasyonun yine emek\u00e7i halklar\u0131n, gen\u00e7lerin, kan\u0131, can\u0131 \u00fczerinden y\u00fcr\u00fct\u00fclece\u011fi \u00e7ok a\u00e7\u0131kt\u0131r.<\/p>\n<p>Bu g\u00f6z\u00fc d\u00f6nm\u00fc\u015f gidi\u015fe g\u00fc\u00e7l\u00fc bir \u015fekilde, kararl\u0131l\u0131kla dur demenin, bar\u0131\u015f \u00e7a\u011fr\u0131s\u0131n\u0131 t\u00fcm g\u00fcc\u00fcm\u00fczle hayk\u0131rman\u0131n zaman\u0131d\u0131r.<\/p>\n<p>&#8220;Halklar\u0131n karde\u015fli\u011fini ve bar\u0131\u015f\u0131 savunaca\u011f\u0131z, SAVA\u015eA HAYIR\u201d demek i\u00e7in<strong> 2 Temmuz 2015, Per\u015fembe ak\u015fam\u0131 19.00&#8217;da, T\u00fcnel Meydan\u0131&#8217;ndan Galatasaray Lisesi \u00f6n\u00fcne bir y\u00fcr\u00fcy\u00fc\u015f ve bas\u0131n a\u00e7\u0131klamas\u0131 ger\u00e7ekle\u015ftirilecektir.<\/strong><\/p>\n<p>Bar\u0131\u015f \u00e7a\u011fr\u0131s\u0131na sesinizi katman\u0131z\u0131 ve kat\u0131l\u0131m\u0131n\u0131z\u0131 bekliyor, hepimize kolay gelsin diyoruz.<\/p>\n<p><strong>KESK \u0130stanbul \u015eubeler Platformu, D\u0130SK \u0130stanbul B\u00f6lge Temsilcili\u011fi, TMMOB \u0130l Koordinasyon Kurulu, TTB-\u0130stanbul Tabip Odas\u0131<\/strong><\/p>\n<p>&nbsp;<\/p>\n","protected":false},"excerpt":{"rendered":"<p>Cumhurba\u015fkan\u0131 Erdo\u011fan ve AKP&#8217;nin Suriye&#8217;ye kar\u015f\u0131 sava\u015f anlam\u0131 ta\u015f\u0131yacak bir askeri m\u00fcdahaleye y\u00f6nelik \u00e7\u0131k\u0131\u015flar\u0131 gerek b\u00f6lge gerekse \u00fclkemiz halklar\u0131nda b\u00fcy\u00fck&#46;&#46;&#46;<\/p>\n","protected":false},"author":1,"featured_media":0,"comment_status":"closed","ping_status":"closed","sticky":false,"template":"","format":"standard","meta":{"_jetpack_memberships_contains_paid_content":false,"footnotes":""},"categories":[1],"tags":[],"class_list":["post-4869","post","type-post","status-publish","format-standard","hentry","category-ced"],"aioseo_notices":[],"jetpack_featured_media_url":"","jetpack_sharing_enabled":true,"jetpack-related-posts":[],"_links":{"self":[{"href":"http:\/\/www.ced.org.tr\/index.php?rest_route=\/wp\/v2\/posts\/4869","targetHints":{"allow":["GET"]}}],"collection":[{"href":"http:\/\/www.ced.org.tr\/index.php?rest_route=\/wp\/v2\/posts"}],"about":[{"href":"http:\/\/www.ced.org.tr\/index.php?rest_route=\/wp\/v2\/types\/post"}],"author":[{"embeddable":true,"href":"http:\/\/www.ced.org.tr\/index.php?rest_route=\/wp\/v2\/users\/1"}],"replies":[{"embeddable":true,"href":"http:\/\/www.ced.org.tr\/index.php?rest_route=%2Fwp%2Fv2%2Fcomments&post=4869"}],"version-history":[{"count":1,"href":"http:\/\/www.ced.org.tr\/index.php?rest_route=\/wp\/v2\/posts\/4869\/revisions"}],"predecessor-version":[{"id":4870,"href":"http:\/\/www.ced.org.tr\/index.php?rest_route=\/wp\/v2\/posts\/4869\/revisions\/4870"}],"wp:attachment":[{"href":"http:\/\/www.ced.org.tr\/index.php?rest_route=%2Fwp%2Fv2%2Fmedia&parent=4869"}],"wp:term":[{"taxonomy":"category","embeddable":true,"href":"http:\/\/www.ced.org.tr\/index.php?rest_route=%2Fwp%2Fv2%2Fcategories&post=4869"},{"taxonomy":"post_tag","embeddable":true,"href":"http:\/\/www.ced.org.tr\/index.php?rest_route=%2Fwp%2Fv2%2Ftags&post=4869"}],"curies":[{"name":"wp","href":"https:\/\/api.w.org\/{rel}","templated":true}]}}