{"id":4875,"date":"2015-07-02T13:53:43","date_gmt":"2015-07-02T10:53:43","guid":{"rendered":"http:\/\/www.ced.org.tr\/?p=4875"},"modified":"2015-07-02T13:53:43","modified_gmt":"2015-07-02T10:53:43","slug":"madimaki-unutmadik","status":"publish","type":"post","link":"http:\/\/www.ced.org.tr\/?p=4875","title":{"rendered":"Mad\u0131mak&#8217;\u0131 unutmad\u0131k!"},"content":{"rendered":"<p>Mad\u0131mak katliam\u0131n\u0131 unutmad\u0131k. Y\u00fcre\u011fimiz 22 y\u0131ld\u0131r yang\u0131n yeri.<\/p>\n<p><a href=\"http:\/\/www.ced.org.tr\/wp-content\/uploads\/2014\/07\/yuregimiz-21-yildir-yangin-yeri-11.jpg\"><img loading=\"lazy\" decoding=\"async\" class=\"aligncenter size-full wp-image-4358\" src=\"http:\/\/www.ced.org.tr\/wp-content\/uploads\/2014\/07\/yuregimiz-21-yildir-yangin-yeri-11.jpg\" alt=\"yuregimiz-21-yildir-yangin-yeri-1[1]\" width=\"640\" height=\"465\" srcset=\"http:\/\/www.ced.org.tr\/wp-content\/uploads\/2014\/07\/yuregimiz-21-yildir-yangin-yeri-11.jpg 640w, http:\/\/www.ced.org.tr\/wp-content\/uploads\/2014\/07\/yuregimiz-21-yildir-yangin-yeri-11-300x217.jpg 300w\" sizes=\"auto, (max-width: 640px) 100vw, 640px\" \/><\/a><\/p>\n","protected":false},"excerpt":{"rendered":"<p>Mad\u0131mak katliam\u0131n\u0131 unutmad\u0131k. Y\u00fcre\u011fimiz 22 y\u0131ld\u0131r yang\u0131n yeri.<\/p>\n","protected":false},"author":1,"featured_media":4358,"comment_status":"closed","ping_status":"closed","sticky":false,"template":"","format":"standard","meta":{"_jetpack_memberships_contains_paid_content":false,"footnotes":""},"categories":[1],"tags":[],"class_list":["post-4875","post","type-post","status-publish","format-standard","has-post-thumbnail","hentry","category-ced"],"aioseo_notices":[],"jetpack_featured_media_url":"http:\/\/www.ced.org.tr\/wp-content\/uploads\/2014\/07\/yuregimiz-21-yildir-yangin-yeri-11.jpg","jetpack_sharing_enabled":true,"jetpack-related-posts":[],"_links":{"self":[{"href":"http:\/\/www.ced.org.tr\/index.php?rest_route=\/wp\/v2\/posts\/4875","targetHints":{"allow":["GET"]}}],"collection":[{"href":"http:\/\/www.ced.org.tr\/index.php?rest_route=\/wp\/v2\/posts"}],"about":[{"href":"http:\/\/www.ced.org.tr\/index.php?rest_route=\/wp\/v2\/types\/post"}],"author":[{"embeddable":true,"href":"http:\/\/www.ced.org.tr\/index.php?rest_route=\/wp\/v2\/users\/1"}],"replies":[{"embeddable":true,"href":"http:\/\/www.ced.org.tr\/index.php?rest_route=%2Fwp%2Fv2%2Fcomments&post=4875"}],"version-history":[{"count":1,"href":"http:\/\/www.ced.org.tr\/index.php?rest_route=\/wp\/v2\/posts\/4875\/revisions"}],"predecessor-version":[{"id":4876,"href":"http:\/\/www.ced.org.tr\/index.php?rest_route=\/wp\/v2\/posts\/4875\/revisions\/4876"}],"wp:featuredmedia":[{"embeddable":true,"href":"http:\/\/www.ced.org.tr\/index.php?rest_route=\/wp\/v2\/media\/4358"}],"wp:attachment":[{"href":"http:\/\/www.ced.org.tr\/index.php?rest_route=%2Fwp%2Fv2%2Fmedia&parent=4875"}],"wp:term":[{"taxonomy":"category","embeddable":true,"href":"http:\/\/www.ced.org.tr\/index.php?rest_route=%2Fwp%2Fv2%2Fcategories&post=4875"},{"taxonomy":"post_tag","embeddable":true,"href":"http:\/\/www.ced.org.tr\/index.php?rest_route=%2Fwp%2Fv2%2Ftags&post=4875"}],"curies":[{"name":"wp","href":"https:\/\/api.w.org\/{rel}","templated":true}]}}