{"id":4906,"date":"2015-09-02T13:37:13","date_gmt":"2015-09-02T10:37:13","guid":{"rendered":"http:\/\/www.ced.org.tr\/?p=4906"},"modified":"2015-09-02T14:06:35","modified_gmt":"2015-09-02T11:06:35","slug":"istanbul-eczaci-odasi-secimlerinde-yine-cagdas-eczacilar-grubu-olarak-yarisiyoruz","status":"publish","type":"post","link":"http:\/\/www.ced.org.tr\/?p=4906","title":{"rendered":"\u0130stanbul Eczac\u0131 Odas\u0131 se\u00e7imlerine yine &#8220;\u00c7a\u011fda\u015f Eczac\u0131lar Grubu&#8221; olarak kat\u0131l\u0131yoruz"},"content":{"rendered":"<p>\u0130stanbul Eczac\u0131 Odas\u0131\u00a0Genel Kurulu <strong>19 Eyl\u00fcl 2015 Cumartesi g\u00fcn\u00fc Saat: 11.00-18.00<\/strong> saatleri aras\u0131nda <strong>\u015ei\u015fli Kent K\u00fclt\u00fcr Merkezi&#8217;nde <\/strong>(Halaskargazi Cad. No. 168 \u015ei\u015fli\/\u0130stanbul),\u00a0Oda\u00a0Kurullar\u0131n\u0131n se\u00e7imi\u00a0<strong>20 Eyl\u00fcl 2015 Pazar g\u00fcn\u00fc saat: 09.00-17.00<\/strong> saatleri aras\u0131nda <strong>Ni\u015fanta\u015f\u0131 Nuri Ak\u0131n Anadolu Lisesi&#8217;nde (<\/strong>Ma\u00e7ka Cad. No: 8 \u015ei\u015fli\/\u0130stanbul) yap\u0131lacak.<\/p>\n<p>\u00c7a\u011fda\u015f Eczac\u0131lar\u0131 temsilen listemizde\u00a0a\u015fa\u011f\u0131daki arkada\u015flar\u0131m\u0131z yer alacaklard\u0131r.<\/p>\n<p><a href=\"http:\/\/www.ced.org.tr\/wp-content\/uploads\/2015\/09\/yonetim.jpg\"><img loading=\"lazy\" decoding=\"async\" class=\"aligncenter size-full wp-image-4908\" src=\"http:\/\/www.ced.org.tr\/wp-content\/uploads\/2015\/09\/yonetim.jpg\" alt=\"yonetim\" width=\"679\" height=\"960\" srcset=\"http:\/\/www.ced.org.tr\/wp-content\/uploads\/2015\/09\/yonetim.jpg 679w, http:\/\/www.ced.org.tr\/wp-content\/uploads\/2015\/09\/yonetim-212x300.jpg 212w\" sizes=\"auto, (max-width: 679px) 100vw, 679px\" \/><\/a><\/p>\n<p><img loading=\"lazy\" decoding=\"async\" class=\"aligncenter  wp-image-4910\" src=\"http:\/\/www.ced.org.tr\/wp-content\/uploads\/2015\/09\/denetleme.jpg\" alt=\"denetleme\" width=\"679\" height=\"352\" srcset=\"http:\/\/www.ced.org.tr\/wp-content\/uploads\/2015\/09\/denetleme.jpg 960w, http:\/\/www.ced.org.tr\/wp-content\/uploads\/2015\/09\/denetleme-300x155.jpg 300w\" sizes=\"auto, (max-width: 679px) 100vw, 679px\" \/><\/p>\n<p><a href=\"http:\/\/www.ced.org.tr\/wp-content\/uploads\/2015\/09\/onur.jpg\"><img loading=\"lazy\" decoding=\"async\" class=\"aligncenter  wp-image-4909\" src=\"http:\/\/www.ced.org.tr\/wp-content\/uploads\/2015\/09\/onur.jpg\" alt=\"onur\" width=\"678\" height=\"638\" srcset=\"http:\/\/www.ced.org.tr\/wp-content\/uploads\/2015\/09\/onur.jpg 960w, http:\/\/www.ced.org.tr\/wp-content\/uploads\/2015\/09\/onur-300x282.jpg 300w\" sizes=\"auto, (max-width: 678px) 100vw, 678px\" \/><\/a><\/p>\n<p><a href=\"http:\/\/www.ced.org.tr\/wp-content\/uploads\/2015\/09\/delegasyon1.jpg\"><img loading=\"lazy\" decoding=\"async\" class=\"aligncenter size-full wp-image-4911\" src=\"http:\/\/www.ced.org.tr\/wp-content\/uploads\/2015\/09\/delegasyon1.jpg\" alt=\"delegasyon1\" width=\"679\" height=\"960\" srcset=\"http:\/\/www.ced.org.tr\/wp-content\/uploads\/2015\/09\/delegasyon1.jpg 679w, http:\/\/www.ced.org.tr\/wp-content\/uploads\/2015\/09\/delegasyon1-212x300.jpg 212w\" sizes=\"auto, (max-width: 679px) 100vw, 679px\" \/><\/a><\/p>\n<p><a href=\"http:\/\/www.ced.org.tr\/wp-content\/uploads\/2015\/09\/delegasyon2.jpg\"><img loading=\"lazy\" decoding=\"async\" class=\"aligncenter size-full wp-image-4912\" src=\"http:\/\/www.ced.org.tr\/wp-content\/uploads\/2015\/09\/delegasyon2.jpg\" alt=\"delegasyon2\" width=\"679\" height=\"960\" srcset=\"http:\/\/www.ced.org.tr\/wp-content\/uploads\/2015\/09\/delegasyon2.jpg 679w, http:\/\/www.ced.org.tr\/wp-content\/uploads\/2015\/09\/delegasyon2-212x300.jpg 212w\" sizes=\"auto, (max-width: 679px) 100vw, 679px\" \/><\/a><\/p>\n<p><a href=\"http:\/\/www.ced.org.tr\/wp-content\/uploads\/2015\/09\/tam_liste.jpg\"><img loading=\"lazy\" decoding=\"async\" class=\"aligncenter  wp-image-4913\" src=\"http:\/\/www.ced.org.tr\/wp-content\/uploads\/2015\/09\/tam_liste.jpg\" alt=\"tam_liste\" width=\"675\" height=\"1202\" srcset=\"http:\/\/www.ced.org.tr\/wp-content\/uploads\/2015\/09\/tam_liste.jpg 539w, http:\/\/www.ced.org.tr\/wp-content\/uploads\/2015\/09\/tam_liste-168x300.jpg 168w\" sizes=\"auto, (max-width: 675px) 100vw, 675px\" \/><\/a><\/p>\n<p><a href=\"http:\/\/www.ced.org.tr\/wp-content\/uploads\/2015\/09\/katlin.png\"><img loading=\"lazy\" decoding=\"async\" class=\"aligncenter  wp-image-4921\" src=\"http:\/\/www.ced.org.tr\/wp-content\/uploads\/2015\/09\/katlin-844x1024.png\" alt=\"katlin\" width=\"676\" height=\"850\" \/><\/a><\/p>\n<p>YEN\u0130 B\u0130R BAKI\u015e<\/p>\n<p>Demokrasi, hukuk devleti, insan haklar\u0131, \u00f6zg\u00fcrl\u00fckler, sa\u011fl\u0131k hakk\u0131 gibi<br \/>\ntoplumsal hak ve \u00f6zg\u00fcrl\u00fckler t\u00fcm insanl\u0131\u011fa mal olmu\u015f evrensel haklard\u0131r.<\/p>\n<p>\u00dclkemizde ise halen 12 Eyl\u00fcl hukuku s\u00fcr\u00fcyor. Demokrasinin \u00f6n\u00fcndeki<br \/>\nengeller yerli yerinde duruyor. Temel hak ve \u00f6zg\u00fcrl\u00fcklere ili\u015fkin<br \/>\nd\u00fczenlemeler, ekonomik ve sosyal haklar, evrensel standartlar\u0131n olduk\u00e7a<br \/>\ngerisinde. Devlet, sosyal kimli\u011finden uzakla\u015fm\u0131\u015f, sa\u011fl\u0131k, e\u011fitim vb. temel<br \/>\nhizmet alanlar\u0131 \u00f6zelle\u015ftirilmi\u015f, paras\u0131 olan\u0131n sat\u0131n alabildi\u011fi bir sa\u011fl\u0131k<br \/>\nsistemi topluma dayat\u0131lm\u0131\u015ft\u0131r.<\/p>\n<p>\u201cSa\u011fl\u0131kta d\u00f6n\u00fc\u015f\u00fcm\u201d ad\u0131 verilen bu modelin ma\u011fduru olan insanlar\u0131n<br \/>\nsay\u0131s\u0131 h\u0131zla artmaktad\u0131r. Eczac\u0131lar bu sistemin en b\u00fcy\u00fck ma\u011fdurlar\u0131n\u0131n<br \/>\nba\u015f\u0131nda yer al\u0131rken asli g\u00f6revleri olan ila\u00e7 ve sa\u011fl\u0131k dan\u0131\u015fmanl\u0131\u011f\u0131ndan<br \/>\nuzakla\u015fmakta, eczane ekonomileri k\u00fc\u00e7\u00fclmekte, eczane alan\u0131 k\u00fcresel<br \/>\n\u015firketlerin bask\u0131 ve dayatmas\u0131yla h\u0131zla ticarile\u015fmektedir.<\/p>\n<p>T\u00fcm bu olumsuzluklarla m\u00fccadele ederken i\u00e7inde bulundu\u011fumuz yeni<br \/>\nko\u015fullar\u0131 do\u011fru de\u011ferlendirmeliyiz. Bilim ve biyoteknolojideki geli\u015fmeler<br \/>\nt\u00fcm sa\u011fl\u0131k meslek gruplar\u0131 gibi eczac\u0131l\u0131k mesle\u011finin i\u015flevine de yeni bir<br \/>\nboyut kazand\u0131rmakta, eczac\u0131n\u0131n ve eczanenin, ila\u00e7 ve sa\u011fl\u0131k hizmetindeki<br \/>\nrol\u00fc de\u011fi\u015fmektedir.<\/p>\n<p>\u00d6n\u00fcm\u00fczdeki d\u00f6nemde;<\/p>\n<p>Eczac\u0131l\u0131\u011f\u0131n farkl\u0131la\u015fan yeni rol\u00fcn\u00fc \u00f6nemseyen, de\u011fi\u015fime ve<br \/>\nyenilenmeye a\u00e7\u0131k etkin ve s\u00fcrd\u00fcr\u00fclebilir bir meslek alan\u0131 yaratabiliriz.<\/p>\n<p>Eczac\u0131l\u0131\u011f\u0131n geli\u015fen bu yeni rol\u00fcne uygun politikalar \u00fcretip, \u00f6rg\u00fctsel<br \/>\nyap\u0131lar\u0131m\u0131z\u0131 g\u00fc\u00e7lendirerek, gelece\u011fimize hep birlikte sahip<br \/>\n\u00e7\u0131kaca\u011f\u0131z.<\/p>\n","protected":false},"excerpt":{"rendered":"<p>\u0130stanbul Eczac\u0131 Odas\u0131\u00a0Genel Kurulu 19 Eyl\u00fcl 2015 Cumartesi g\u00fcn\u00fc Saat: 11.00-18.00 saatleri aras\u0131nda \u015ei\u015fli Kent K\u00fclt\u00fcr Merkezi&#8217;nde (Halaskargazi Cad. No.&#46;&#46;&#46;<\/p>\n","protected":false},"author":1,"featured_media":4907,"comment_status":"closed","ping_status":"closed","sticky":false,"template":"","format":"standard","meta":{"_jetpack_memberships_contains_paid_content":false,"footnotes":""},"categories":[1],"tags":[],"class_list":["post-4906","post","type-post","status-publish","format-standard","has-post-thumbnail","hentry","category-ced"],"aioseo_notices":[],"jetpack_featured_media_url":"http:\/\/www.ced.org.tr\/wp-content\/uploads\/2015\/09\/slogan.jpg","jetpack_sharing_enabled":true,"jetpack-related-posts":[],"_links":{"self":[{"href":"http:\/\/www.ced.org.tr\/index.php?rest_route=\/wp\/v2\/posts\/4906","targetHints":{"allow":["GET"]}}],"collection":[{"href":"http:\/\/www.ced.org.tr\/index.php?rest_route=\/wp\/v2\/posts"}],"about":[{"href":"http:\/\/www.ced.org.tr\/index.php?rest_route=\/wp\/v2\/types\/post"}],"author":[{"embeddable":true,"href":"http:\/\/www.ced.org.tr\/index.php?rest_route=\/wp\/v2\/users\/1"}],"replies":[{"embeddable":true,"href":"http:\/\/www.ced.org.tr\/index.php?rest_route=%2Fwp%2Fv2%2Fcomments&post=4906"}],"version-history":[{"count":8,"href":"http:\/\/www.ced.org.tr\/index.php?rest_route=\/wp\/v2\/posts\/4906\/revisions"}],"predecessor-version":[{"id":4922,"href":"http:\/\/www.ced.org.tr\/index.php?rest_route=\/wp\/v2\/posts\/4906\/revisions\/4922"}],"wp:featuredmedia":[{"embeddable":true,"href":"http:\/\/www.ced.org.tr\/index.php?rest_route=\/wp\/v2\/media\/4907"}],"wp:attachment":[{"href":"http:\/\/www.ced.org.tr\/index.php?rest_route=%2Fwp%2Fv2%2Fmedia&parent=4906"}],"wp:term":[{"taxonomy":"category","embeddable":true,"href":"http:\/\/www.ced.org.tr\/index.php?rest_route=%2Fwp%2Fv2%2Fcategories&post=4906"},{"taxonomy":"post_tag","embeddable":true,"href":"http:\/\/www.ced.org.tr\/index.php?rest_route=%2Fwp%2Fv2%2Ftags&post=4906"}],"curies":[{"name":"wp","href":"https:\/\/api.w.org\/{rel}","templated":true}]}}