{"id":4934,"date":"2015-09-12T12:54:47","date_gmt":"2015-09-12T09:54:47","guid":{"rendered":"http:\/\/www.ced.org.tr\/?p=4934"},"modified":"2015-09-12T12:54:47","modified_gmt":"2015-09-12T09:54:47","slug":"12-eylul-fasizmi-devam-ediyor","status":"publish","type":"post","link":"http:\/\/www.ced.org.tr\/?p=4934","title":{"rendered":"12 eyl\u00fcl fa\u015fizmi devam ediyor"},"content":{"rendered":"<p><a href=\"http:\/\/www.ced.org.tr\/wp-content\/uploads\/2015\/09\/12eylul.jpg\"><img loading=\"lazy\" decoding=\"async\" class=\"aligncenter size-full wp-image-4935\" src=\"http:\/\/www.ced.org.tr\/wp-content\/uploads\/2015\/09\/12eylul.jpg\" alt=\"12eylul\" width=\"620\" height=\"350\" srcset=\"http:\/\/www.ced.org.tr\/wp-content\/uploads\/2015\/09\/12eylul.jpg 620w, http:\/\/www.ced.org.tr\/wp-content\/uploads\/2015\/09\/12eylul-300x169.jpg 300w\" sizes=\"auto, (max-width: 620px) 100vw, 620px\" \/><\/a><\/p>\n<p>12 eyl\u00fcl 1980 darbesinin \u00fczerinden 35 y\u0131l ge\u00e7ti. Darbeciler yarg\u0131lanmadan \u00f6ld\u00fcler ve devlet t\u00f6reni ile g\u00f6m\u00fcld\u00fcler.<\/p>\n<div>Bug\u00fcn \u00fclke 12 eyl\u00fcl fa\u015fist anayasas\u0131 ve zihniyeti ile y\u00f6netilmeye devam ediyor.<\/div>\n","protected":false},"excerpt":{"rendered":"<p>12 eyl\u00fcl 1980 darbesinin \u00fczerinden 35 y\u0131l ge\u00e7ti. Darbeciler yarg\u0131lanmadan \u00f6ld\u00fcler ve devlet t\u00f6reni ile g\u00f6m\u00fcld\u00fcler. Bug\u00fcn \u00fclke 12 eyl\u00fcl&#46;&#46;&#46;<\/p>\n","protected":false},"author":1,"featured_media":4935,"comment_status":"closed","ping_status":"closed","sticky":false,"template":"","format":"standard","meta":{"_jetpack_memberships_contains_paid_content":false,"footnotes":""},"categories":[1],"tags":[],"class_list":["post-4934","post","type-post","status-publish","format-standard","has-post-thumbnail","hentry","category-ced"],"aioseo_notices":[],"jetpack_featured_media_url":"http:\/\/www.ced.org.tr\/wp-content\/uploads\/2015\/09\/12eylul.jpg","jetpack_sharing_enabled":true,"jetpack-related-posts":[],"_links":{"self":[{"href":"http:\/\/www.ced.org.tr\/index.php?rest_route=\/wp\/v2\/posts\/4934","targetHints":{"allow":["GET"]}}],"collection":[{"href":"http:\/\/www.ced.org.tr\/index.php?rest_route=\/wp\/v2\/posts"}],"about":[{"href":"http:\/\/www.ced.org.tr\/index.php?rest_route=\/wp\/v2\/types\/post"}],"author":[{"embeddable":true,"href":"http:\/\/www.ced.org.tr\/index.php?rest_route=\/wp\/v2\/users\/1"}],"replies":[{"embeddable":true,"href":"http:\/\/www.ced.org.tr\/index.php?rest_route=%2Fwp%2Fv2%2Fcomments&post=4934"}],"version-history":[{"count":1,"href":"http:\/\/www.ced.org.tr\/index.php?rest_route=\/wp\/v2\/posts\/4934\/revisions"}],"predecessor-version":[{"id":4936,"href":"http:\/\/www.ced.org.tr\/index.php?rest_route=\/wp\/v2\/posts\/4934\/revisions\/4936"}],"wp:featuredmedia":[{"embeddable":true,"href":"http:\/\/www.ced.org.tr\/index.php?rest_route=\/wp\/v2\/media\/4935"}],"wp:attachment":[{"href":"http:\/\/www.ced.org.tr\/index.php?rest_route=%2Fwp%2Fv2%2Fmedia&parent=4934"}],"wp:term":[{"taxonomy":"category","embeddable":true,"href":"http:\/\/www.ced.org.tr\/index.php?rest_route=%2Fwp%2Fv2%2Fcategories&post=4934"},{"taxonomy":"post_tag","embeddable":true,"href":"http:\/\/www.ced.org.tr\/index.php?rest_route=%2Fwp%2Fv2%2Ftags&post=4934"}],"curies":[{"name":"wp","href":"https:\/\/api.w.org\/{rel}","templated":true}]}}