{"id":4944,"date":"2015-09-16T12:52:04","date_gmt":"2015-09-16T09:52:04","guid":{"rendered":"http:\/\/www.ced.org.tr\/?p=4944"},"modified":"2015-09-16T13:02:09","modified_gmt":"2015-09-16T10:02:09","slug":"eczaci-meslek-hakki","status":"publish","type":"post","link":"http:\/\/www.ced.org.tr\/?p=4944","title":{"rendered":"Eczac\u0131 Meslek Hakk\u0131"},"content":{"rendered":"<p>Mesle\u011fin gelece\u011finin in\u015fas\u0131nda ve ya\u015fad\u0131\u011f\u0131m\u0131z ekonomik k\u0131r\u0131lgan a\u015f\u0131lmas\u0131nda hi\u00e7 \u015f\u00fcphesiz meslek hakk\u0131 talebimizin tart\u0131\u015f\u0131lmaz \u00f6nemde bir yeri var.<\/p>\n<div class=\"text_exposed_show\">\n<p>Ancak meslek hakk\u0131 tan\u0131m\u0131na ve uygulanmas\u0131na ili\u015fkin meslek kamuoyunda tam bir kavram karga\u015fas\u0131 ya\u015fan\u0131yor. \u201cMeslek hakk\u0131\u201d yerine \u201ceczac\u0131 k\u00e2r marj\u0131\u201d, \u201chizmet hakk\u0131\u201d vb. kavramlar s\u0131kl\u0131kla kullan\u0131ld\u0131\u011f\u0131 gibi, meslek hakk\u0131 i\u00e7in farkl\u0131 d\u00fczeyde bir e\u011fitim formasyonuna ihtiya\u00e7 oldu\u011funu s\u00f6yleyenler ve hatta u\u00e7 bir \u00f6rnek olsa da meslek hakk\u0131n\u0131 hak etmedi\u011fimizi ileri s\u00fcrenler de var. \u00d6zetle meslek hakk\u0131 konusunda kafalar bir hayli kar\u0131\u015f\u0131k.<\/p>\n<p>Meslek hakk\u0131n\u0131n uygulanmas\u0131na ili\u015fkin taleplerde de benzer kafa kar\u0131\u015f\u0131kl\u0131\u011f\u0131 ya\u015f\u0131yoruz. \u201cRe\u00e7ete ba\u015f\u0131na\u201d, \u201ckutu ba\u015f\u0131na\u201d meslek hakk\u0131, \u00e7o\u011fu zaman da her ikisi birden talep edilebiliyor.<\/p>\n<p>Meslek hakk\u0131, eczac\u0131n\u0131n ald\u0131\u011f\u0131 eczac\u0131l\u0131k e\u011fitimi ile kazand\u0131\u011f\u0131 mesleki formasyonun kar\u015f\u0131l\u0131\u011f\u0131 olan ve \u00e7o\u011funlukla kutu ba\u015f\u0131 bir de\u011ferle ifade edilen bir hakt\u0131r.<\/p>\n<p>\u201cHizmet hakk\u0131\u201d ya da \u201chizmet bedeli\u201d ise eczac\u0131n\u0131n mesle\u011fi ile ilgili ileri bir formasyon alarak eczanesinde sunabilece\u011fi ve yasal bir d\u00fczenleme ile \u00e7e\u015fitlendirilebilecek olan sa\u011fl\u0131k hizmetlerinin kar\u015f\u0131l\u0131\u011f\u0131 olarak alaca\u011f\u0131 bedeldir. Eczac\u0131n\u0131n ila\u00e7 ve sa\u011fl\u0131k sistemindeki artan yeni rol\u00fc \u201chizmet hakk\u0131\u201d talebine ciddi bir me\u015fruiyet alan\u0131 sa\u011flayacak, eczane ekonomilerine art\u0131 de\u011fer, mesle\u011fe ise art\u0131 sayg\u0131nl\u0131k kazand\u0131racakt\u0131r.<\/p>\n<p>Grafiklerde Fransa ve Portekiz&#8217;de iki farkl\u0131 meslek hakk\u0131 uygulamas\u0131n\u0131n \u00f6rneklerini g\u00f6receksiniz. Eczane say\u0131s\u0131, eczac\u0131 k\u00e2r marj\u0131 ve n\u00fcfus parametreleri dikkate al\u0131nd\u0131\u011f\u0131nda Fransa modeli bize en \u00e7ok benzeyen model.<\/p>\n<p>Fransa&#8217;da ila\u00e7 fiyatlar\u0131ndan ve eczac\u0131 k\u00e2r marj\u0131ndan ba\u011f\u0131ms\u0131z olarak eczac\u0131ya kutu ba\u015f\u0131na sabit bir meslek hakk\u0131 veriliyor. Portekiz modelinde ise ila\u00e7 fiyatlar\u0131na ba\u011fl\u0131 meslek hakk\u0131 uygulamas\u0131 var. \u0130la\u00e7 fiyatlar\u0131 artt\u0131k\u00e7a, eczac\u0131 k\u00e2r marj\u0131 azal\u0131yor, eczac\u0131 meslek hakk\u0131 ise art\u0131yor. Portekiz&#8217;de de yine kutu ba\u015f\u0131na meslek hakk\u0131 uygulan\u0131yor.<\/p>\n<p>AB \u00fclkelerindeki benzer \u00f6rneklerden yola \u00e7\u0131karak \u00fclkemize \u00f6zg\u00fcn bir meslek hakk\u0131 modellemesi geli\u015ftirebiliriz.<\/p>\n<p>Ecz. Rafet \u015eAH\u0130N<\/p>\n<p><a href=\"http:\/\/www.ced.org.tr\/wp-content\/uploads\/2015\/09\/fransa_p.png\"><img loading=\"lazy\" decoding=\"async\" class=\"aligncenter size-full wp-image-4945\" src=\"http:\/\/www.ced.org.tr\/wp-content\/uploads\/2015\/09\/fransa_p.png\" alt=\"fransa_p\" width=\"623\" height=\"467\" srcset=\"http:\/\/www.ced.org.tr\/wp-content\/uploads\/2015\/09\/fransa_p.png 623w, http:\/\/www.ced.org.tr\/wp-content\/uploads\/2015\/09\/fransa_p-300x225.png 300w\" sizes=\"auto, (max-width: 623px) 100vw, 623px\" \/><\/a><a href=\"http:\/\/www.ced.org.tr\/wp-content\/uploads\/2015\/09\/portekiz_p.png\"><img loading=\"lazy\" decoding=\"async\" class=\"aligncenter size-full wp-image-4946\" src=\"http:\/\/www.ced.org.tr\/wp-content\/uploads\/2015\/09\/portekiz_p.png\" alt=\"portekiz_p\" width=\"610\" height=\"458\" srcset=\"http:\/\/www.ced.org.tr\/wp-content\/uploads\/2015\/09\/portekiz_p.png 610w, http:\/\/www.ced.org.tr\/wp-content\/uploads\/2015\/09\/portekiz_p-300x225.png 300w\" sizes=\"auto, (max-width: 610px) 100vw, 610px\" \/><\/a><a href=\"http:\/\/www.ced.org.tr\/wp-content\/uploads\/2015\/09\/turkiye_2.png\"><img loading=\"lazy\" decoding=\"async\" class=\"aligncenter size-full wp-image-4947\" src=\"http:\/\/www.ced.org.tr\/wp-content\/uploads\/2015\/09\/turkiye_2.png\" alt=\"turkiye_2\" width=\"612\" height=\"459\" srcset=\"http:\/\/www.ced.org.tr\/wp-content\/uploads\/2015\/09\/turkiye_2.png 612w, http:\/\/www.ced.org.tr\/wp-content\/uploads\/2015\/09\/turkiye_2-300x225.png 300w\" sizes=\"auto, (max-width: 612px) 100vw, 612px\" \/><\/a><\/p>\n<\/div>\n","protected":false},"excerpt":{"rendered":"<p>Mesle\u011fin gelece\u011finin in\u015fas\u0131nda ve ya\u015fad\u0131\u011f\u0131m\u0131z ekonomik k\u0131r\u0131lgan a\u015f\u0131lmas\u0131nda hi\u00e7 \u015f\u00fcphesiz meslek hakk\u0131 talebimizin tart\u0131\u015f\u0131lmaz \u00f6nemde bir yeri var. Ancak meslek&#46;&#46;&#46;<\/p>\n","protected":false},"author":1,"featured_media":4945,"comment_status":"closed","ping_status":"closed","sticky":false,"template":"","format":"standard","meta":{"_jetpack_memberships_contains_paid_content":false,"footnotes":""},"categories":[51],"tags":[],"class_list":["post-4944","post","type-post","status-publish","format-standard","has-post-thumbnail","hentry","category-ecz-rafet-sahin"],"aioseo_notices":[],"jetpack_featured_media_url":"http:\/\/www.ced.org.tr\/wp-content\/uploads\/2015\/09\/fransa_p.png","jetpack_sharing_enabled":true,"jetpack-related-posts":[],"_links":{"self":[{"href":"http:\/\/www.ced.org.tr\/index.php?rest_route=\/wp\/v2\/posts\/4944","targetHints":{"allow":["GET"]}}],"collection":[{"href":"http:\/\/www.ced.org.tr\/index.php?rest_route=\/wp\/v2\/posts"}],"about":[{"href":"http:\/\/www.ced.org.tr\/index.php?rest_route=\/wp\/v2\/types\/post"}],"author":[{"embeddable":true,"href":"http:\/\/www.ced.org.tr\/index.php?rest_route=\/wp\/v2\/users\/1"}],"replies":[{"embeddable":true,"href":"http:\/\/www.ced.org.tr\/index.php?rest_route=%2Fwp%2Fv2%2Fcomments&post=4944"}],"version-history":[{"count":1,"href":"http:\/\/www.ced.org.tr\/index.php?rest_route=\/wp\/v2\/posts\/4944\/revisions"}],"predecessor-version":[{"id":4948,"href":"http:\/\/www.ced.org.tr\/index.php?rest_route=\/wp\/v2\/posts\/4944\/revisions\/4948"}],"wp:featuredmedia":[{"embeddable":true,"href":"http:\/\/www.ced.org.tr\/index.php?rest_route=\/wp\/v2\/media\/4945"}],"wp:attachment":[{"href":"http:\/\/www.ced.org.tr\/index.php?rest_route=%2Fwp%2Fv2%2Fmedia&parent=4944"}],"wp:term":[{"taxonomy":"category","embeddable":true,"href":"http:\/\/www.ced.org.tr\/index.php?rest_route=%2Fwp%2Fv2%2Fcategories&post=4944"},{"taxonomy":"post_tag","embeddable":true,"href":"http:\/\/www.ced.org.tr\/index.php?rest_route=%2Fwp%2Fv2%2Ftags&post=4944"}],"curies":[{"name":"wp","href":"https:\/\/api.w.org\/{rel}","templated":true}]}}