{"id":4979,"date":"2015-10-05T22:37:09","date_gmt":"2015-10-05T19:37:09","guid":{"rendered":"http:\/\/www.ced.org.tr\/?p=4979"},"modified":"2015-10-05T22:37:09","modified_gmt":"2015-10-05T19:37:09","slug":"ses-10-ekimde-ankarada-saglik-icin-baris-sart-mitingi-duzenliyor","status":"publish","type":"post","link":"http:\/\/www.ced.org.tr\/?p=4979","title":{"rendered":"SES 10 Ekim&#8217;de Ankara&#8217;da &#8220;Sa\u011fl\u0131k \u0130\u00e7in Bar\u0131\u015f \u015eart&#8221; Mitingi d\u00fczenliyor"},"content":{"rendered":"<p><img loading=\"lazy\" decoding=\"async\" class=\" alignleft\" src=\"http:\/\/2015.ses.org.tr\/wp-content\/uploads\/2015\/09\/10-ekim2015-miting-afis.jpg\" alt=\"\" width=\"478\" height=\"1019\" \/>Ya\u015fam\u0131, bar\u0131\u015f\u0131, karde\u015fli\u011fi ve demokrasiyi savunanlar, SES, KESK, D\u0130SK, TMMOB ve TTB\u2019nin \u00e7a\u011fr\u0131s\u0131 ile 10 Ekim&#8217;de Ankara\u2019da yap\u0131lacak miting ile seslerini birle\u015ftirecekler.<\/p>\n<p>Bro\u015f\u00fcr\u00fc g\u00f6r\u00fcnt\u00fclemek i\u00e7in <a href=\"http:\/\/2015.ses.org.tr\/wp-content\/uploads\/2015\/09\/10-ekim2015-mitingbildiri.pdf\">t\u0131klay\u0131n\u0131z.<\/a><\/p>\n","protected":false},"excerpt":{"rendered":"<p>Ya\u015fam\u0131, bar\u0131\u015f\u0131, karde\u015fli\u011fi ve demokrasiyi savunanlar, SES, KESK, D\u0130SK, TMMOB ve TTB\u2019nin \u00e7a\u011fr\u0131s\u0131 ile 10 Ekim&#8217;de Ankara\u2019da yap\u0131lacak miting ile&#46;&#46;&#46;<\/p>\n","protected":false},"author":1,"featured_media":4980,"comment_status":"closed","ping_status":"closed","sticky":false,"template":"","format":"standard","meta":{"_jetpack_memberships_contains_paid_content":false,"footnotes":""},"categories":[1],"tags":[],"class_list":["post-4979","post","type-post","status-publish","format-standard","has-post-thumbnail","hentry","category-ced"],"aioseo_notices":[],"jetpack_featured_media_url":"http:\/\/www.ced.org.tr\/wp-content\/uploads\/2015\/10\/ses_10ekim.png","jetpack_sharing_enabled":true,"jetpack-related-posts":[],"_links":{"self":[{"href":"http:\/\/www.ced.org.tr\/index.php?rest_route=\/wp\/v2\/posts\/4979","targetHints":{"allow":["GET"]}}],"collection":[{"href":"http:\/\/www.ced.org.tr\/index.php?rest_route=\/wp\/v2\/posts"}],"about":[{"href":"http:\/\/www.ced.org.tr\/index.php?rest_route=\/wp\/v2\/types\/post"}],"author":[{"embeddable":true,"href":"http:\/\/www.ced.org.tr\/index.php?rest_route=\/wp\/v2\/users\/1"}],"replies":[{"embeddable":true,"href":"http:\/\/www.ced.org.tr\/index.php?rest_route=%2Fwp%2Fv2%2Fcomments&post=4979"}],"version-history":[{"count":1,"href":"http:\/\/www.ced.org.tr\/index.php?rest_route=\/wp\/v2\/posts\/4979\/revisions"}],"predecessor-version":[{"id":4981,"href":"http:\/\/www.ced.org.tr\/index.php?rest_route=\/wp\/v2\/posts\/4979\/revisions\/4981"}],"wp:featuredmedia":[{"embeddable":true,"href":"http:\/\/www.ced.org.tr\/index.php?rest_route=\/wp\/v2\/media\/4980"}],"wp:attachment":[{"href":"http:\/\/www.ced.org.tr\/index.php?rest_route=%2Fwp%2Fv2%2Fmedia&parent=4979"}],"wp:term":[{"taxonomy":"category","embeddable":true,"href":"http:\/\/www.ced.org.tr\/index.php?rest_route=%2Fwp%2Fv2%2Fcategories&post=4979"},{"taxonomy":"post_tag","embeddable":true,"href":"http:\/\/www.ced.org.tr\/index.php?rest_route=%2Fwp%2Fv2%2Ftags&post=4979"}],"curies":[{"name":"wp","href":"https:\/\/api.w.org\/{rel}","templated":true}]}}