{"id":4993,"date":"2015-10-11T15:22:32","date_gmt":"2015-10-11T12:22:32","guid":{"rendered":"http:\/\/www.ced.org.tr\/?p=4993"},"modified":"2015-10-11T18:52:26","modified_gmt":"2015-10-11T15:52:26","slug":"10-ekim-katliami","status":"publish","type":"post","link":"http:\/\/www.ced.org.tr\/?p=4993","title":{"rendered":"10 Ekim Katliam\u0131"},"content":{"rendered":"<p style=\"text-align: center;\"><a href=\"http:\/\/www.ced.org.tr\/wp-content\/uploads\/2014\/05\/siyahkurdela.jpg\"><img loading=\"lazy\" decoding=\"async\" class=\"wp-image-4126 aligncenter\" src=\"http:\/\/www.ced.org.tr\/wp-content\/uploads\/2014\/05\/siyahkurdela.jpg\" alt=\"siyahkurdela\" width=\"266\" height=\"126\" srcset=\"http:\/\/www.ced.org.tr\/wp-content\/uploads\/2014\/05\/siyahkurdela.jpg 520w, http:\/\/www.ced.org.tr\/wp-content\/uploads\/2014\/05\/siyahkurdela-300x141.jpg 300w, http:\/\/www.ced.org.tr\/wp-content\/uploads\/2014\/05\/siyahkurdela-720x340.jpg 720w\" sizes=\"auto, (max-width: 266px) 100vw, 266px\" \/><\/a>EMEK, DEMOKRAS\u0130 ve BARI\u015eA bomba at\u0131ld\u0131.<br \/>\nHepimiz parampar\u00e7a olduk.<br \/>\nKorkmayaca\u011f\u0131z, unutmayaca\u011f\u0131z, AFFETMEYECE\u011e\u0130Z.<\/p>\n<p style=\"text-align: center;\"><strong>\u00c7a\u011fda\u015f Eczac\u0131lar Derne\u011fi<\/strong><\/p>\n","protected":false},"excerpt":{"rendered":"<p>EMEK, DEMOKRAS\u0130 ve BARI\u015eA bomba at\u0131ld\u0131. Hepimiz parampar\u00e7a olduk. Korkmayaca\u011f\u0131z, unutmayaca\u011f\u0131z, AFFETMEYECE\u011e\u0130Z. \u00c7a\u011fda\u015f Eczac\u0131lar Derne\u011fi<\/p>\n","protected":false},"author":1,"featured_media":4126,"comment_status":"closed","ping_status":"closed","sticky":false,"template":"","format":"standard","meta":{"_jetpack_memberships_contains_paid_content":false,"footnotes":""},"categories":[1],"tags":[],"class_list":["post-4993","post","type-post","status-publish","format-standard","has-post-thumbnail","hentry","category-ced"],"aioseo_notices":[],"jetpack_featured_media_url":"http:\/\/www.ced.org.tr\/wp-content\/uploads\/2014\/05\/siyahkurdela.jpg","jetpack_sharing_enabled":true,"jetpack-related-posts":[],"_links":{"self":[{"href":"http:\/\/www.ced.org.tr\/index.php?rest_route=\/wp\/v2\/posts\/4993","targetHints":{"allow":["GET"]}}],"collection":[{"href":"http:\/\/www.ced.org.tr\/index.php?rest_route=\/wp\/v2\/posts"}],"about":[{"href":"http:\/\/www.ced.org.tr\/index.php?rest_route=\/wp\/v2\/types\/post"}],"author":[{"embeddable":true,"href":"http:\/\/www.ced.org.tr\/index.php?rest_route=\/wp\/v2\/users\/1"}],"replies":[{"embeddable":true,"href":"http:\/\/www.ced.org.tr\/index.php?rest_route=%2Fwp%2Fv2%2Fcomments&post=4993"}],"version-history":[{"count":3,"href":"http:\/\/www.ced.org.tr\/index.php?rest_route=\/wp\/v2\/posts\/4993\/revisions"}],"predecessor-version":[{"id":4996,"href":"http:\/\/www.ced.org.tr\/index.php?rest_route=\/wp\/v2\/posts\/4993\/revisions\/4996"}],"wp:featuredmedia":[{"embeddable":true,"href":"http:\/\/www.ced.org.tr\/index.php?rest_route=\/wp\/v2\/media\/4126"}],"wp:attachment":[{"href":"http:\/\/www.ced.org.tr\/index.php?rest_route=%2Fwp%2Fv2%2Fmedia&parent=4993"}],"wp:term":[{"taxonomy":"category","embeddable":true,"href":"http:\/\/www.ced.org.tr\/index.php?rest_route=%2Fwp%2Fv2%2Fcategories&post=4993"},{"taxonomy":"post_tag","embeddable":true,"href":"http:\/\/www.ced.org.tr\/index.php?rest_route=%2Fwp%2Fv2%2Ftags&post=4993"}],"curies":[{"name":"wp","href":"https:\/\/api.w.org\/{rel}","templated":true}]}}